{"id":50910,"date":"2024-05-07T08:18:40","date_gmt":"2024-05-07T08:18:40","guid":{"rendered":"https:\/\/www.greenpeace.org\/slovenia\/?p=50910"},"modified":"2024-05-07T11:06:20","modified_gmt":"2024-05-07T11:06:20","slug":"zloraba-referenduma-za-zeleno-luc-jek-2","status":"publish","type":"post","link":"https:\/\/www.greenpeace.org\/slovenia\/sporocilo-za-javnost\/50910\/zloraba-referenduma-za-zeleno-luc-jek-2\/","title":{"rendered":"Zloraba referenduma za zeleno lu\u010d JEK 2"},"content":{"rendered":"\n<p><strong>Ljubljana, 7. maj 2024: Danes bo v Dr\u017eavnem zboru potekala seja Odbora za infrastrukturo, okolje in prostor, na kateri bo obravnavan <\/strong><a href=\"https:\/\/www.dz-rs.si\/wps\/portal\/Home\/zakonodaja\/izbran\/!ut\/p\/z1\/jY_BCoJAFEW_xYVb31OxrJ0SGGMRapLNJjSmUVBHximhr09oVZT4dvdyzoUHFDKgbf6oeK4q0eb1mM90cSGr0CNhYGLgBC5Gx_AQk62Prr-E0xdgxQ5GG8vfJ2hjkphA5_j45zyc508AdHqeAOW1KN6vem1huxyoZDcmmTTucqxLpbp-raOOwzAYXAheM-MqGh1_KaXoFWSfJHRNmmbPHTt5mvYCc9LReA!!\/dz\/d5\/L2dBISEvZ0FBIS9nQSEh\/?uid=80CCCB6CBCA1A077C1258AF40026E218&amp;db=pre_akt&amp;mandat=IX\"><u><strong>Predlog resolucije o dolgoro\u010dni miroljubni rabi jedrske energije v Sloveniji<\/strong><\/u><\/a><strong> in <\/strong><a href=\"https:\/\/www.dz-rs.si\/wps\/portal\/Home\/zakonodaja\/izbran\/!ut\/p\/z1\/04_Sj9CPykssy0xPLMnMz0vMAfIjo8zivSy9Hb283Q0N3E3dLQwCQ7z9g7w8nAwsnMz1w9EUGAWZGgS6GDn5BhsYGwQHG-pHEaPfAAdwNCBOPx4FUfiNL8gNDQ11VFQEAAXcoa4!\/dz\/d5\/L2dBISEvZ0FBIS9nQSEh\/?uid=2C60E1FB9F399D92C1258ADE0037EAA1&amp;db=pre_akt&amp;mandat=IX\"><u><strong>Predlog za razpis posvetovalnega referenduma<\/strong><\/u><\/a><strong> o JEK 2. Organizacije Focus, Greenpeace Slovenija in Umanotera opozarjajo na pomanjkanje informacij o predlogu gradnje nove jedrske elektrarne v Sloveniji in na nevarnost jedrskega enoumja, ki se sku\u0161a ustvariti tudi v Dr\u017eavnem zboru in Slovenijo vodi v novo energetsko zablodo. Organizacije zato poslance in poslanke pozivajo, naj zavrnejo predlog Resolucije in predlog posvetovalnega referenduma.<\/strong><\/p>\n\n<div class=\"wp-block-group is-vertical is-layout-flex wp-container-core-group-is-layout-8cf370e7 wp-block-group-is-layout-flex\">\n<p><strong>Sara Kosirnik, predstavnica Greenpeace Slovenija:<\/strong> <\/p>\n\n\n\n<p><em>Predlog referenduma je v trenutnih okoli\u0161\u010dinah le poskus hitre legitimacije projekta JEK 2 brez resne razprave o projektu samem. \u0160e vedno ostajajo neodgovorjena klju\u010dna vpra\u0161anja: Kak\u0161na bi bila cena izgradnje, skupaj s skladi\u0161\u010denjem odpadkov in razgradnjo jedrske elektrarne? Kdo bo pla\u010dal za to? Kako bi cena novega reaktorja vplivala na ceno elektri\u010dne energije za vse nas? Koliko \u010dasa bi trajala gradnja? Kaj bi ve\u010d desetletij trajajo\u010da gradnja pomenila za pravo\u010dasno opustitev fosilnih goriv in za druge investicije na podro\u010dju energetike in prometa v desetletjih med tem? Brez odgovorov na vsa ta klju\u010dna vpra\u0161anja bo tako politika z referendumom o JEK 2 prenesla odgovornost na dr\u017eavljane, ki se bomo prisiljeni odlo\u010diti o projektu, o katerem ne vemo prakti\u010dno ni\u010desar.<\/em><\/p>\n<\/div>\n\n<div class=\"wp-block-group is-vertical is-layout-flex wp-container-core-group-is-layout-8cf370e7 wp-block-group-is-layout-flex\">\n<p><strong>Lidija \u017div\u010di\u010d, strokovna vodja na Focusu, dru\u0161tvu za sonaraven razvoj:<\/strong><\/p>\n\n\n\n<p><em>Enkrat smo v Sloveniji \u017ee videli tak\u0161no enoumje okoli energetskega projekta, pa se ni dobro kon\u010dalo. S pomo\u010djo dobro financiranega pr-stroja se sedaj na\u010drtno ustvarja vtis, da je jedrska pot edina mo\u017ena, ki je skrajno zavajajo\u010d in skregan z realnostjo. Jedrskih elektrarn se v Evropi prakti\u010dno ne gradi. JEK 2 bi pomenil nevarno izgubljanje \u010dasa in denarja, ki bi morala iti v mno\u017eico ukrepov na podro\u010dju u\u010dinkovite rabe in obnovljivih virov energije. To so re\u0161itve, s pomo\u010djo katerih lahko najhitreje in najceneje opustimo fosilna goriva. \u0160e posebej v \u010dasu, ko je cena elektrike iz sonca in vetra ni\u017eja od tiste iz novih jedrskih gradenj, je vlaganje v JEK 2 popolnoma zgre\u0161eno. Drage polo\u017enice za elektriko zaradi JEK 2 pa bomo pla\u010devali mi vsi.<\/em><\/p>\n<\/div>\n\n<div class=\"wp-block-group is-vertical is-layout-flex wp-container-core-group-is-layout-8cf370e7 wp-block-group-is-layout-flex\">\n<p><strong>Jonas Sonnenschein, vodja projektov na Umanoteri, Slovenski fundaciji za trajnostni razvoj:<\/strong><\/p>\n\n\n\n<p><em>Gre za izsiljeni referendum za legitimizacijo projekta, za katerega niti glavni investitor niti vlada ne vesta, kako velik bo, kdo ga bo gradil, katere dr\u017eave ga bodo financirale, kdo bo imel gospodarske koristi in kdo nosi finan\u010dno tveganje. Ali vemo, kak\u0161en je poslovni na\u010drt JEK2 v elektri\u010dnem omre\u017eju, v katerem bodo v veliki meri prevladovali obnovljivi viri energije? Ne! Ali vemo, kak\u0161en je na\u010drt za obvladovanje organizacijskih tveganj, zamud v dobavni verigi jedrske energije, pomanjkanja potrebnih znanj itd.? Ne! Ali obstaja na\u010drt, kako prepre\u010diti, da bi davkopla\u010devalci nosili tveganje velikih prekora\u010ditev stro\u0161kov, da bi prihodnje generacije nosile stro\u0161ke razgradnje in skladi\u0161\u010denja odpadkov, medtem ko bi trgovci z elektri\u010dno energijo imeli velike dobi\u010dke od prodaje elektri\u010dne energije? Ne!<\/em><\/p>\n<\/div>\n\n<hr class=\"wp-block-separator has-alpha-channel-opacity\"\/>\n\n<div class=\"wp-block-group is-vertical is-layout-flex wp-container-core-group-is-layout-8cf370e7 wp-block-group-is-layout-flex\">\n<p><strong>KONTAKT<\/strong><\/p>\n\n\n\n<p>Jonas Sonnenschein, <em>Umanotera, Slovenska fundacija za trajnostni razvoj<\/em>, +386 30 767 458<\/p>\n\n\n\n<p>Sara Kosirnik, Greenpeace Slovenija, <a href=\"mailto:sara.kosirnik@greenpeace.org\" target=\"_blank\" rel=\"noreferrer noopener\">sara.kosirnik@greenpeace.org<\/a>, +386 30 408 553 <\/p>\n<\/div>\n","protected":false},"excerpt":{"rendered":"<p>Ljubljana, 7. maj 2024: Danes bo v Dr\u017eavnem zboru potekala seja Odbora za infrastrukturo, okolje in prostor, na kateri bo obravnavan Predlog resolucije o dolgoro\u010dni miroljubni rabi jedrske energije <\/p>\n","protected":false},"author":44,"featured_media":50810,"comment_status":"closed","ping_status":"open","sticky":false,"template":"","format":"standard","meta":{"ep_exclude_from_search":false,"p4_og_title":"","p4_og_description":"","p4_og_image":"","p4_og_image_id":"","p4_seo_canonical_url":"","p4_campaign_name":"","p4_local_project":"","p4_basket_name":"","p4_department":"","footnotes":""},"categories":[45],"tags":[35],"p4-page-type":[46],"class_list":["post-50910","post","type-post","status-publish","format-standard","has-post-thumbnail","hentry","category-podnebje","tag-jedrska-energija","p4-page-type-sporocilo-za-javnost"],"_links":{"self":[{"href":"https:\/\/www.greenpeace.org\/slovenia\/wp-json\/wp\/v2\/posts\/50910","targetHints":{"allow":["GET"]}}],"collection":[{"href":"https:\/\/www.greenpeace.org\/slovenia\/wp-json\/wp\/v2\/posts"}],"about":[{"href":"https:\/\/www.greenpeace.org\/slovenia\/wp-json\/wp\/v2\/types\/post"}],"author":[{"embeddable":true,"href":"https:\/\/www.greenpeace.org\/slovenia\/wp-json\/wp\/v2\/users\/44"}],"replies":[{"embeddable":true,"href":"https:\/\/www.greenpeace.org\/slovenia\/wp-json\/wp\/v2\/comments?post=50910"}],"version-history":[{"count":5,"href":"https:\/\/www.greenpeace.org\/slovenia\/wp-json\/wp\/v2\/posts\/50910\/revisions"}],"predecessor-version":[{"id":50917,"href":"https:\/\/www.greenpeace.org\/slovenia\/wp-json\/wp\/v2\/posts\/50910\/revisions\/50917"}],"wp:featuredmedia":[{"embeddable":true,"href":"https:\/\/www.greenpeace.org\/slovenia\/wp-json\/wp\/v2\/media\/50810"}],"wp:attachment":[{"href":"https:\/\/www.greenpeace.org\/slovenia\/wp-json\/wp\/v2\/media?parent=50910"}],"wp:term":[{"taxonomy":"category","embeddable":true,"href":"https:\/\/www.greenpeace.org\/slovenia\/wp-json\/wp\/v2\/categories?post=50910"},{"taxonomy":"post_tag","embeddable":true,"href":"https:\/\/www.greenpeace.org\/slovenia\/wp-json\/wp\/v2\/tags?post=50910"},{"taxonomy":"p4-page-type","embeddable":true,"href":"https:\/\/www.greenpeace.org\/slovenia\/wp-json\/wp\/v2\/p4-page-type?post=50910"}],"curies":[{"name":"wp","href":"https:\/\/api.w.org\/{rel}","templated":true}]}}