{"id":51191,"date":"2024-07-03T08:42:13","date_gmt":"2024-07-03T08:42:13","guid":{"rendered":"https:\/\/www.greenpeace.org\/slovenia\/?p=51191"},"modified":"2025-07-02T09:40:51","modified_gmt":"2025-07-02T07:40:51","slug":"zakaj-je-jedrska-energija-nevarna-odlocitev-za-prihodnost","status":"publish","type":"post","link":"https:\/\/www.greenpeace.org\/slovenia\/blog\/51191\/zakaj-je-jedrska-energija-nevarna-odlocitev-za-prihodnost\/","title":{"rendered":"Zakaj je jedrska energija nevarna odlo\u010ditev za prihodnost?"},"content":{"rendered":"\n<p>Jedrska energija se pogosto predstavlja kot izjemno varna oblika energije, vendar zgodovina ka\u017ee, da tehnologija s seboj nosi marsikatera varnostna tveganja. Mnogi se bodo spomnili nesre\u010d v jedrski elektrarni Fuku\u0161ima na Japonskem marca 2011, nekateri pa se \u0161e vedno spominjajo katastrofe v \u010cernobilu v Ukrajini aprila 1986.&nbsp;<\/p>\n\n<h2 class=\"wp-block-heading has-large-font-size\"><strong>Princip jedrske energije<\/strong><\/h2>\n\n<p>Jedrska energija temelji na cepitvi uranovih jeder, pri \u010demer se spro\u0161\u010da toplota in radioaktivno sevanje. Toplota se uporablja za proizvodnjo elektri\u010dne energije, pred sevanjem pa se je treba za\u0161\u010dititi. Sevanje in temperatura v jedru jedrske elektrarne sta izjemno visoka, zato je nujno nenehno hlajenje jedra. V nasprotnem primeru lahko pride do segrevanja, taljenja ali celo po\u017eara klju\u010dnih delov, kar v okolje sprosti radioaktivne snovi, ki so uni\u010dujo\u010da tako za ljudi kot za \u017eivali in okolje.<\/p>\n\n<p>Jedrske elektrarne imajo sicer \u0161tevilne varnostne mehanizme in in\u017eenirji nenehno zmanj\u0161ujejo tveganje za nesre\u010de ter tako prepre\u010dujejo izpust radioaktivnih snovi v okolje, vendar pa tveganje ostaja.<\/p>\n\n<h2 class=\"wp-block-heading has-large-font-size\"><strong>Nesre\u010de in incidenti<\/strong><\/h2>\n\n<p>Jedrske nesre\u010de se lahko zgodijo zaradi tehni\u010dne okvare, \u010dlove\u0161ke napake, naravnih nesre\u010d ali kombinacije teh, pa tudi zaradi voja\u0161kih napadov, spro\u017eilec pa je lahko tudi potres.&nbsp;<\/p>\n\n<p>Kljub vsem prizadevanjem za izbolj\u0161anje varnosti v sedmih desetletjih zgodovine jedrske energije bele\u017eimo <strong>ve\u010d kot dvajset <\/strong>incidentov s po\u0161kodbo jedra reaktorja [1]. V petih primerih (trije v Fuki\u0161imi Dai\u010di, eden v \u010cernobilu in eden na Otoku treh milj) je po\u0161kodba jedra povzro\u010dila znatno spro\u0161\u010danje radioaktivnih snovi. Nesre\u010de pa se dogajajo tudi v sodobnej\u0161ih jedrskih elektrarnah; prihaja med drugim do razlitja radioaktivne vode, okvar varnostnih sistemov, ter kontaminacije delavcev. Bele\u017eimo tudi primere sabota\u017ee in voja\u0161ke napade na jedrske elektrarne.<\/p>\n\n<p>Jedrska elektrarna v ukrajinskem Zaporo\u017eju, ki je s \u0161estimi reaktorji najve\u010dja jedrska elektrarna v Evropi, je \u0161e vedno pod gro\u017enjo napadov ruskih sil. V zadnjih mesecih je vse pogostej\u0161a tar\u010da napadov z droni, enajstega junija pa je v neposredni bli\u017eini hladilnega bazena elektrarne eksplodirala mina, poro\u010da Mednarodna agencija za jedrsko energijo. [2]<\/p>\n\n<p>To je zaskrbljujo\u010de in mo\u010dno ogro\u017ea jedrsko varnost.<\/p>\n\n<h2 class=\"wp-block-heading has-large-font-size\"><strong>Posledice nesre\u010d<\/strong><\/h2>\n\n<p>\u010ceprav so mo\u017enosti za nesre\u010do majhne, so posledice lahko ogromne.&nbsp;<\/p>\n\n<p>Po eksploziji v \u010cernobilu je bilo evakuiranih okoli 200.000 ljudi [3], za posledicami eksplozije pa je umrlo med 9.000 in 30.000 ljudi, po nekaterih ocenah celo ve\u010d kot 150.000 [4]. De\u017e, onesna\u017een z radioaktivnimi elementi, je padal \u0161e na Irskem. [5] Obmo\u010dje velikosti 2600 km<sup>2<\/sup> je \u0161e danes zaprto za bivanje [6] &#8211; in bo ostalo \u0161e nekaj sto let. \u0160kodo ocenjujejo na okoli 300 milijard evrov. [7]<\/p>\n\n<p>Po jedrski nesre\u010di v Fuku\u0161imi je zaradi te\u017eav, povezanih z evakuacijo, umrlo ve\u010d kot 2.000 ljudi, [8] Evakuirati so morali 160.000 ljudi, 30.000 [9] se jih \u0161e vedno ne more vrnit v svoje domove. \u0160kodo ocenjujejo na ve\u010d kot 250 milijard USD. [10]<\/p>\n\n<p>Tveganje za nesre\u010do v jedrski elektrarni Kr\u0161ko bi prav tako imelo posledice dale\u010d preko meja Slovenije, kot prikazuje simulacija <a href=\"https:\/\/flexrisk.boku.ac.at\/en\/evaluation.phtml\">projekta flexRISK<\/a>, ki ocenjuje jedrsko tveganje v Evropi z uporabo naprednih modelov. \u010ce pride do hude nesre\u010de s spro\u0161\u010danjem radioaktivnih snovi, rezultati prikazujejo, kako se bodo te snovi \u0161irile, \u010de bo vreme enako kot na enega od 85 dni iz leta 1995, ki so bili izra\u010dunani. Nekaj primerov prikazujemo spodaj.<br><\/p>\n<div data-hydrate=\"planet4-blocks\/gallery\" data-attributes=\"{&quot;attributes&quot;:{&quot;multiple_image&quot;:&quot;51194,51195,51196,51197,51198,51199,51200,51201,51202&quot;,&quot;gallery_block_focus_points&quot;:&quot;{\\&quot;undefined\\&quot;:\\&quot;56.99999999999999% 60%\\&quot;}&quot;,&quot;image_data&quot;:[{&quot;url&quot;:&quot;https:\\\/\\\/www.greenpeace.org\\\/static\\\/planet4-slovenia-stateless\\\/2024\\\/07\\\/3e26edb0-krsk_1_1995010523_a_d1_def_a0_lft.jpg&quot;,&quot;focalPoint&quot;:{&quot;x&quot;:0.5,&quot;y&quot;:0.5},&quot;id&quot;:51194},{&quot;url&quot;:&quot;https:\\\/\\\/www.greenpeace.org\\\/static\\\/planet4-slovenia-stateless\\\/2024\\\/07\\\/895862d1-krsk_1_1995011000_a_d1_def_ax_07d-10.jan_.jpeg&quot;,&quot;focalPoint&quot;:{&quot;x&quot;:0.5,&quot;y&quot;:0.5},&quot;id&quot;:51195},{&quot;url&quot;:&quot;https:\\\/\\\/www.greenpeace.org\\\/static\\\/planet4-slovenia-stateless\\\/2024\\\/07\\\/d508b8e5-krsk_1_1995020711_a_d1_def_a0_lft.jpg&quot;,&quot;focalPoint&quot;:{&quot;x&quot;:0.5,&quot;y&quot;:0.5},&quot;id&quot;:51196},{&quot;url&quot;:&quot;https:\\\/\\\/www.greenpeace.org\\\/static\\\/planet4-slovenia-stateless\\\/2024\\\/07\\\/e6cb58de-krsk_1_1995030722_a_d1_def_a0_lft.jpg&quot;,&quot;focalPoint&quot;:{&quot;x&quot;:0.5,&quot;y&quot;:0.5},&quot;id&quot;:51197},{&quot;url&quot;:&quot;https:\\\/\\\/www.greenpeace.org\\\/static\\\/planet4-slovenia-stateless\\\/2024\\\/07\\\/92be1397-krsk_1_1995040910_a_d1_def_a0_lft.jpg&quot;,&quot;focalPoint&quot;:{&quot;x&quot;:0.5,&quot;y&quot;:0.5},&quot;id&quot;:51198},{&quot;url&quot;:&quot;https:\\\/\\\/www.greenpeace.org\\\/static\\\/planet4-slovenia-stateless\\\/2024\\\/07\\\/f3431e39-krsk_1_1995052804_a_d1_def_a0_lft.jpg&quot;,&quot;focalPoint&quot;:{&quot;x&quot;:0.5,&quot;y&quot;:0.5},&quot;id&quot;:51199},{&quot;url&quot;:&quot;https:\\\/\\\/www.greenpeace.org\\\/static\\\/planet4-slovenia-stateless\\\/2024\\\/07\\\/f36982f4-krsk_1_1995080506_a_d1_def_a0_lft.jpg&quot;,&quot;focalPoint&quot;:{&quot;x&quot;:0.5,&quot;y&quot;:0.5},&quot;id&quot;:51200},{&quot;url&quot;:&quot;https:\\\/\\\/www.greenpeace.org\\\/static\\\/planet4-slovenia-stateless\\\/2024\\\/07\\\/8c5718de-krsk_1_1995101308_a_d1_def_a0_lft.jpg&quot;,&quot;focalPoint&quot;:{&quot;x&quot;:0.5,&quot;y&quot;:0.5},&quot;id&quot;:51201},{&quot;url&quot;:&quot;https:\\\/\\\/www.greenpeace.org\\\/static\\\/planet4-slovenia-stateless\\\/2024\\\/07\\\/d3e51982-krsk_1_1995122110_a_d1_def_a0_lft.jpg&quot;,&quot;focalPoint&quot;:{&quot;x&quot;:0.5,&quot;y&quot;:0.5},&quot;id&quot;:51202}],&quot;className&quot;:&quot;is-style-slider&quot;,&quot;gallery_block_style&quot;:0,&quot;gallery_block_title&quot;:&quot;&quot;,&quot;gallery_block_description&quot;:&quot;&quot;,&quot;images&quot;:[{&quot;image_src&quot;:&quot;https:\\\/\\\/www.greenpeace.org\\\/static\\\/planet4-slovenia-stateless\\\/2024\\\/07\\\/3e26edb0-krsk_1_1995010523_a_d1_def_a0_lft.jpg&quot;,&quot;image_srcset&quot;:&quot;https:\\\/\\\/www.greenpeace.org\\\/static\\\/planet4-slovenia-stateless\\\/2024\\\/07\\\/3e26edb0-krsk_1_1995010523_a_d1_def_a0_lft.jpg 633w, https:\\\/\\\/www.greenpeace.org\\\/static\\\/planet4-slovenia-stateless\\\/2024\\\/07\\\/3e26edb0-krsk_1_1995010523_a_d1_def_a0_lft-275x300.jpg 275w, https:\\\/\\\/www.greenpeace.org\\\/static\\\/planet4-slovenia-stateless\\\/2024\\\/07\\\/3e26edb0-krsk_1_1995010523_a_d1_def_a0_lft-311x340.jpg 311w&quot;,&quot;image_sizes&quot;:false,&quot;alt_text&quot;:&quot;&quot;,&quot;caption&quot;:&quot;&quot;,&quot;focus_image&quot;:&quot;&quot;,&quot;credits&quot;:&quot;&quot;},{&quot;image_src&quot;:&quot;https:\\\/\\\/www.greenpeace.org\\\/static\\\/planet4-slovenia-stateless\\\/2024\\\/07\\\/895862d1-krsk_1_1995011000_a_d1_def_ax_07d-10.jan_.jpeg&quot;,&quot;image_srcset&quot;:&quot;https:\\\/\\\/www.greenpeace.org\\\/static\\\/planet4-slovenia-stateless\\\/2024\\\/07\\\/895862d1-krsk_1_1995011000_a_d1_def_ax_07d-10.jan_.jpeg 633w, https:\\\/\\\/www.greenpeace.org\\\/static\\\/planet4-slovenia-stateless\\\/2024\\\/07\\\/895862d1-krsk_1_1995011000_a_d1_def_ax_07d-10.jan_-275x300.jpeg 275w, https:\\\/\\\/www.greenpeace.org\\\/static\\\/planet4-slovenia-stateless\\\/2024\\\/07\\\/895862d1-krsk_1_1995011000_a_d1_def_ax_07d-10.jan_-311x340.jpeg 311w&quot;,&quot;image_sizes&quot;:false,&quot;alt_text&quot;:&quot;&quot;,&quot;caption&quot;:&quot;&quot;,&quot;focus_image&quot;:&quot;&quot;,&quot;credits&quot;:&quot;&quot;},{&quot;image_src&quot;:&quot;https:\\\/\\\/www.greenpeace.org\\\/static\\\/planet4-slovenia-stateless\\\/2024\\\/07\\\/d508b8e5-krsk_1_1995020711_a_d1_def_a0_lft.jpg&quot;,&quot;image_srcset&quot;:&quot;https:\\\/\\\/www.greenpeace.org\\\/static\\\/planet4-slovenia-stateless\\\/2024\\\/07\\\/d508b8e5-krsk_1_1995020711_a_d1_def_a0_lft.jpg 633w, https:\\\/\\\/www.greenpeace.org\\\/static\\\/planet4-slovenia-stateless\\\/2024\\\/07\\\/d508b8e5-krsk_1_1995020711_a_d1_def_a0_lft-275x300.jpg 275w, https:\\\/\\\/www.greenpeace.org\\\/static\\\/planet4-slovenia-stateless\\\/2024\\\/07\\\/d508b8e5-krsk_1_1995020711_a_d1_def_a0_lft-311x340.jpg 311w&quot;,&quot;image_sizes&quot;:false,&quot;alt_text&quot;:&quot;&quot;,&quot;caption&quot;:&quot;&quot;,&quot;focus_image&quot;:&quot;&quot;,&quot;credits&quot;:&quot;&quot;},{&quot;image_src&quot;:&quot;https:\\\/\\\/www.greenpeace.org\\\/static\\\/planet4-slovenia-stateless\\\/2024\\\/07\\\/e6cb58de-krsk_1_1995030722_a_d1_def_a0_lft.jpg&quot;,&quot;image_srcset&quot;:&quot;https:\\\/\\\/www.greenpeace.org\\\/static\\\/planet4-slovenia-stateless\\\/2024\\\/07\\\/e6cb58de-krsk_1_1995030722_a_d1_def_a0_lft.jpg 633w, https:\\\/\\\/www.greenpeace.org\\\/static\\\/planet4-slovenia-stateless\\\/2024\\\/07\\\/e6cb58de-krsk_1_1995030722_a_d1_def_a0_lft-275x300.jpg 275w, https:\\\/\\\/www.greenpeace.org\\\/static\\\/planet4-slovenia-stateless\\\/2024\\\/07\\\/e6cb58de-krsk_1_1995030722_a_d1_def_a0_lft-311x340.jpg 311w&quot;,&quot;image_sizes&quot;:false,&quot;alt_text&quot;:&quot;&quot;,&quot;caption&quot;:&quot;&quot;,&quot;focus_image&quot;:&quot;&quot;,&quot;credits&quot;:&quot;&quot;},{&quot;image_src&quot;:&quot;https:\\\/\\\/www.greenpeace.org\\\/static\\\/planet4-slovenia-stateless\\\/2024\\\/07\\\/92be1397-krsk_1_1995040910_a_d1_def_a0_lft.jpg&quot;,&quot;image_srcset&quot;:&quot;https:\\\/\\\/www.greenpeace.org\\\/static\\\/planet4-slovenia-stateless\\\/2024\\\/07\\\/92be1397-krsk_1_1995040910_a_d1_def_a0_lft.jpg 633w, https:\\\/\\\/www.greenpeace.org\\\/static\\\/planet4-slovenia-stateless\\\/2024\\\/07\\\/92be1397-krsk_1_1995040910_a_d1_def_a0_lft-275x300.jpg 275w, https:\\\/\\\/www.greenpeace.org\\\/static\\\/planet4-slovenia-stateless\\\/2024\\\/07\\\/92be1397-krsk_1_1995040910_a_d1_def_a0_lft-311x340.jpg 311w&quot;,&quot;image_sizes&quot;:false,&quot;alt_text&quot;:&quot;&quot;,&quot;caption&quot;:&quot;&quot;,&quot;focus_image&quot;:&quot;&quot;,&quot;credits&quot;:&quot;&quot;},{&quot;image_src&quot;:&quot;https:\\\/\\\/www.greenpeace.org\\\/static\\\/planet4-slovenia-stateless\\\/2024\\\/07\\\/f3431e39-krsk_1_1995052804_a_d1_def_a0_lft.jpg&quot;,&quot;image_srcset&quot;:&quot;https:\\\/\\\/www.greenpeace.org\\\/static\\\/planet4-slovenia-stateless\\\/2024\\\/07\\\/f3431e39-krsk_1_1995052804_a_d1_def_a0_lft.jpg 633w, https:\\\/\\\/www.greenpeace.org\\\/static\\\/planet4-slovenia-stateless\\\/2024\\\/07\\\/f3431e39-krsk_1_1995052804_a_d1_def_a0_lft-275x300.jpg 275w, https:\\\/\\\/www.greenpeace.org\\\/static\\\/planet4-slovenia-stateless\\\/2024\\\/07\\\/f3431e39-krsk_1_1995052804_a_d1_def_a0_lft-311x340.jpg 311w&quot;,&quot;image_sizes&quot;:false,&quot;alt_text&quot;:&quot;&quot;,&quot;caption&quot;:&quot;&quot;,&quot;focus_image&quot;:&quot;&quot;,&quot;credits&quot;:&quot;&quot;},{&quot;image_src&quot;:&quot;https:\\\/\\\/www.greenpeace.org\\\/static\\\/planet4-slovenia-stateless\\\/2024\\\/07\\\/f36982f4-krsk_1_1995080506_a_d1_def_a0_lft.jpg&quot;,&quot;image_srcset&quot;:&quot;https:\\\/\\\/www.greenpeace.org\\\/static\\\/planet4-slovenia-stateless\\\/2024\\\/07\\\/f36982f4-krsk_1_1995080506_a_d1_def_a0_lft.jpg 633w, https:\\\/\\\/www.greenpeace.org\\\/static\\\/planet4-slovenia-stateless\\\/2024\\\/07\\\/f36982f4-krsk_1_1995080506_a_d1_def_a0_lft-275x300.jpg 275w, https:\\\/\\\/www.greenpeace.org\\\/static\\\/planet4-slovenia-stateless\\\/2024\\\/07\\\/f36982f4-krsk_1_1995080506_a_d1_def_a0_lft-311x340.jpg 311w&quot;,&quot;image_sizes&quot;:false,&quot;alt_text&quot;:&quot;&quot;,&quot;caption&quot;:&quot;&quot;,&quot;focus_image&quot;:&quot;&quot;,&quot;credits&quot;:&quot;&quot;},{&quot;image_src&quot;:&quot;https:\\\/\\\/www.greenpeace.org\\\/static\\\/planet4-slovenia-stateless\\\/2024\\\/07\\\/8c5718de-krsk_1_1995101308_a_d1_def_a0_lft.jpg&quot;,&quot;image_srcset&quot;:&quot;https:\\\/\\\/www.greenpeace.org\\\/static\\\/planet4-slovenia-stateless\\\/2024\\\/07\\\/8c5718de-krsk_1_1995101308_a_d1_def_a0_lft.jpg 633w, https:\\\/\\\/www.greenpeace.org\\\/static\\\/planet4-slovenia-stateless\\\/2024\\\/07\\\/8c5718de-krsk_1_1995101308_a_d1_def_a0_lft-275x300.jpg 275w, https:\\\/\\\/www.greenpeace.org\\\/static\\\/planet4-slovenia-stateless\\\/2024\\\/07\\\/8c5718de-krsk_1_1995101308_a_d1_def_a0_lft-311x340.jpg 311w&quot;,&quot;image_sizes&quot;:false,&quot;alt_text&quot;:&quot;&quot;,&quot;caption&quot;:&quot;&quot;,&quot;focus_image&quot;:&quot;&quot;,&quot;credits&quot;:&quot;&quot;},{&quot;image_src&quot;:&quot;https:\\\/\\\/www.greenpeace.org\\\/static\\\/planet4-slovenia-stateless\\\/2024\\\/07\\\/d3e51982-krsk_1_1995122110_a_d1_def_a0_lft.jpg&quot;,&quot;image_srcset&quot;:&quot;https:\\\/\\\/www.greenpeace.org\\\/static\\\/planet4-slovenia-stateless\\\/2024\\\/07\\\/d3e51982-krsk_1_1995122110_a_d1_def_a0_lft.jpg 633w, https:\\\/\\\/www.greenpeace.org\\\/static\\\/planet4-slovenia-stateless\\\/2024\\\/07\\\/d3e51982-krsk_1_1995122110_a_d1_def_a0_lft-275x300.jpg 275w, https:\\\/\\\/www.greenpeace.org\\\/static\\\/planet4-slovenia-stateless\\\/2024\\\/07\\\/d3e51982-krsk_1_1995122110_a_d1_def_a0_lft-311x340.jpg 311w&quot;,&quot;image_sizes&quot;:false,&quot;alt_text&quot;:&quot;&quot;,&quot;caption&quot;:&quot;&quot;,&quot;focus_image&quot;:&quot;&quot;,&quot;credits&quot;:&quot;&quot;}]}}\"><section class=\"block carousel-wrap is-style-slider\"><\/section><\/div>\n<h2 class=\"wp-block-heading has-large-font-size\"><strong>Nevarnosti na vsakem koraku jedrske verige<\/strong><\/h2>\n\n<p>Pridobivanje elektrike z jedrsko energijo, je le del dolge jedrske verige, pri kateri prihaja do nesre\u010d. Nesre\u010de se dogajajo vzdol\u017e celotne jedrske verige, od rudarjenja, proizvodnje goriva, proizvodnje elektri\u010dne energije, med prevozom in ravnanjem z radioaktivnimi odpadki.&nbsp;<\/p>\n\n<ul class=\"wp-block-list\">\n<li>Leta 1999 je v japonskem obratu za pripravo goriva pri\u0161lo do nesre\u010de. Trije delavci so prejeli visoke doze sevanja zaradi napa\u010dnega ravnanja z obogatenim uranom, kar je povzro\u010dilo nenadzorovano veri\u017eno reakcijo, ki je trajala 20 ur. Dva delavca sta kasneje umrla zaradi prejetega sevanja. Nesre\u010da, ki jo je povzro\u010dila \u010dlove\u0161ka napaka in kr\u0161itve varnostnih pravil, je bila ocenjena na raven 4 po Mednarodni lestvici jedrskih in radiolo\u0161kih dogodkov (INES). [11]<\/li>\n\n\n\n<li>V objektu za jedrske odpadke Asse II v Nem\u010diji \u017ee desetletja prihaja do vdora vode, kar povzro\u010da zaskrbljenost glede stabilnosti skladi\u0161\u010denih sodov z nizko in srednje radioaktivnimi odpadki. Potrebna bi bila celovita sanacija zbiralnega mesta, saj bi lahko morebitno me\u0161anje vode z odpadki onesna\u017eilo podtalnico. Doslej \u0161e niso za\u010deli odstranjevati sodov, to je na\u010drtovano za leto 2033. Stro\u0161ki sanacije so ocenjeni na najmanj 4,7 milijarde evrov. [12]<\/li>\n\n\n\n<li>Leta 2023 je v jedrski elektrarni Monticello v Minnesoti pri\u0161lo do ve\u010djega uhajanja, pri \u010demer je iz cevi izteklo ve\u010d kot 1500 m3 onesna\u017eene vode. Incident, ki so ga zaznali novembra 2022, je bil javnosti razkrit \u0161ele marca 2023, kar je vzbudilo pomisleke glede preglednosti in varnosti. Dogodek poudarja izzive pri upravljanju starih jedrskih objektov ter potrebo po pravo\u010dasni in transparentni komunikaciji za ohranjanje zaupanja javnosti. [13]<\/li>\n<\/ul>\n\n<h2 class=\"wp-block-heading has-large-font-size\"><strong>Zaklju\u010dek<\/strong><\/h2>\n\n<p>Tveganja jedrske energije obstajajo. Zanikanje tega ka\u017ee le na pomanjkanje skrbi za na\u0161e in prihodnje generacije. \u017de danes obstajajo re\u0161itve z ni\u017ejimi tveganji ter zlasti z manj\u0161imi negativnimi vplivi na okolje, zdravje in gospodarstvo, ko gre kaj narobe. Te re\u0161itve so obnovljivi viri energije (sonce, veter), ki so cenej\u0161e in hitreje izvedljive.<\/p>\n\n<p>Prihodnost ni jedrska, je obnovljiva.<\/p>\n\n<figure class=\"wp-block-image aligncenter size-large is-resized\"><img loading=\"lazy\" decoding=\"async\" width=\"1024\" height=\"576\" src=\"https:\/\/www.greenpeace.org\/static\/planet4-slovenia-stateless\/2024\/04\/90de70bf-untitled-1920-x-1080-px-1024x576.png\" alt=\"\" class=\"wp-image-50875\" style=\"width:477px;height:auto\" srcset=\"https:\/\/www.greenpeace.org\/static\/planet4-slovenia-stateless\/2024\/04\/90de70bf-untitled-1920-x-1080-px-1024x576.png 1024w, https:\/\/www.greenpeace.org\/static\/planet4-slovenia-stateless\/2024\/04\/90de70bf-untitled-1920-x-1080-px-300x169.png 300w, https:\/\/www.greenpeace.org\/static\/planet4-slovenia-stateless\/2024\/04\/90de70bf-untitled-1920-x-1080-px-768x432.png 768w, https:\/\/www.greenpeace.org\/static\/planet4-slovenia-stateless\/2024\/04\/90de70bf-untitled-1920-x-1080-px-1536x864.png 1536w, https:\/\/www.greenpeace.org\/static\/planet4-slovenia-stateless\/2024\/04\/90de70bf-untitled-1920-x-1080-px-510x287.png 510w, https:\/\/www.greenpeace.org\/static\/planet4-slovenia-stateless\/2024\/04\/90de70bf-untitled-1920-x-1080-px.png 1920w\" sizes=\"auto, (max-width: 1024px) 100vw, 1024px\" \/><\/figure>\n\n<hr class=\"wp-block-separator has-alpha-channel-opacity is-style-wide\"\/>\n\n<p><mark style=\"background-color:rgba(0, 0, 0, 0)\" class=\"has-inline-color has-grey-600-color\"><em><strong>O avtorju:<\/strong>\u00a0Jan Haverkamp je vi\u0161ji strokovnjak za jedrsko energijo in energetsko politiko pri Greenpeaceu. (Senior expert on nuclear energy and energy policy<\/em>)<\/mark><\/p>\n\n<hr class=\"wp-block-separator has-alpha-channel-opacity is-style-wide\"\/>\n\n<p><strong><mark style=\"background-color:rgba(0, 0, 0, 0)\" class=\"has-inline-color has-grey-600-color\">Viri, literatura:<\/mark><\/strong><\/p>\n\n<div class=\"wp-block-group is-layout-constrained wp-block-group-is-layout-constrained\">\n<p class=\"has-small-font-size\"><mark style=\"background-color:rgba(0, 0, 0, 0)\" class=\"has-inline-color has-grey-600-color\"><em>[1] <\/em><a href=\"https:\/\/en.wikipedia.org\/wiki\/Nuclear_meltdown#Core_damage_events\"><em>https:\/\/en.wikipedia.org\/wiki\/Nuclear_meltdown#Core_damage_events<\/em><\/a><em>\u00a0<\/em><br><em>[2] Ve\u010d virov:<br>&#8211; <\/em><a href=\"https:\/\/www.iaea.org\/newscenter\/pressreleases\/update-234-iaea-director-general-statement-on-situation-in-ukraine\"><em>https:\/\/www.iaea.org\/newscenter\/pressreleases\/update-234-iaea-director-general-statement-on-situation-in-ukraine<\/em><\/a><br>&#8211; <a href=\"https:\/\/www.iaea.org\/newscenter\/pressreleases\/update-232-iaea-director-general-statement-on-situation-in-ukraine\">https:\/\/www.iaea.org\/newscenter\/pressreleases\/update-232-iaea-director-general-statement-on-situation-in-ukraine<\/a><br><em>[3] <\/em><a href=\"https:\/\/www.iaea.org\/newscenter\/focus\/chernobyl\/faqs\"><em>https:\/\/www.iaea.org\/newscenter\/focus\/chernobyl\/faqs<\/em><\/a><em>\u00a0<\/em><br><em>[4] Kate Brown, Manual for Survival: A Chernobyl Guide to the Future <\/em><a href=\"https:\/\/www.amazon.com\/Manual-Survival-Chernobyl-Guide-Future\/dp\/0393652513\"><em>https:\/\/www.amazon.com\/Manual-Survival-Chernobyl-Guide-Future\/dp\/0393652513<\/em><\/a><br><em>[5] <\/em><a href=\"https:\/\/www.epa.ie\/our-services\/monitoring--assessment\/radiation\/radiation-monitoring\/chernobyl\/\"><em>https:\/\/www.epa.ie\/our-services\/monitoring&#8211;assessment\/radiation\/radiation-monitoring\/chernobyl\/<\/em><\/a><em>\u00a0<\/em><br><em>[6] <\/em><a href=\"https:\/\/www.britannica.com\/place\/Chernobyl-Exclusion-Zone\"><em>https:\/\/www.britannica.com\/place\/Chernobyl-Exclusion-Zone<\/em><\/a><em>\u00a0<\/em><br><em>[7] Kate Brown, Manual for Survival \u2013 An Environmental History of the Chernobyl Disaster, New York (2019) Norton, ISBN 978-0-393-35776-9<\/em><br><em>[8] Ve\u010d virov:<br>&#8211; <\/em><a href=\"https:\/\/www3.nhk.or.jp\/nhkworld\/en\/news\/backstories\/2324\/\"><em>https:\/\/www3.nhk.or.jp\/nhkworld\/en\/news\/backstories\/2324\/<\/em><\/a><em>\u00a0<\/em><br>&#8211; <a href=\"https:\/\/world-nuclear.org\/information-library\/safety-and-security\/safety-of-plants\/fukushima-daiichi-accident\">https:\/\/world-nuclear.org\/information-library\/safety-and-security\/safety-of-plants\/fukushima-daiichi-accident<\/a><br><em>[9] The World Nuclear Industry Status Report 2023, December 2023, str. 264 <\/em><a href=\"https:\/\/www.worldnuclearreport.org\/IMG\/pdf\/wnisr2023-v5.pdf\"><em>https:\/\/www.worldnuclearreport.org\/IMG\/pdf\/wnisr2023-v5.pdf<\/em><\/a><em>\u00a0<\/em><br><em>[10] <\/em><a href=\"https:\/\/eur-lex.europa.eu\/LexUriServ\/LexUriServ.do?uri=SWD:2013:0423:FIN:EN:PDF\"><em>https:\/\/www.google.com\/url?q=https:\/\/eur-lex.europa.eu\/LexUriServ\/LexUriServ.do?uri%3DSWD:2013:0423:FIN:EN:PDF&amp;sa=D&amp;source=docs&amp;ust=1719860425226761&amp;usg=AOvVaw2GkKfLzLPEhD3l_5cKGyhB<\/em><\/a><em>\u00a0<\/em><br><em>[11] <\/em><a href=\"https:\/\/world-nuclear.org\/information-library\/safety-and-security\/safety-of-plants\/tokaimura-criticality-accident\"><em>https:\/\/world-nuclear.org\/information-library\/safety-and-security\/safety-of-plants\/tokaimura-criticality-accident<\/em><\/a><em>\u00a0<\/em><br><em>[12] Ve\u010d virov: <\/em><br>&#8211; <a href=\"https:\/\/www.neimagazine.com\/news\/decommissioning-waste-management\/water-leaks-reported-at-germanys-asse-ii-radwaste-facility\/\"><em>https:\/\/www.neimagazine.com\/news\/decommissioning-waste-management\/water-leaks-reported-at-germanys-asse-ii-radwaste-facility\/<\/em><\/a><em>\u00a0<\/em><br>&#8211; <a href=\"https:\/\/www.spiegel.de\/international\/germany\/germany-weighs-options-for-handling-nuclear-waste-in-asse-mine-a-884523.html\">https:\/\/www.spiegel.de\/international\/germany\/germany-weighs-options-for-handling-nuclear-waste-in-asse-mine-a-884523.html<\/a><br><em>[13] <\/em><a href=\"https:\/\/www.mprnews.org\/story\/2023\/03\/22\/what-we-know-about-the-monticello-nuclear-plant-radioactive-tritium-leak\"><em>https:\/\/www.mprnews.org\/story\/2023\/03\/22\/what-we-know-about-the-monticello-nuclear-plant-radioactive-tritium-leak<\/em><\/a><em>\u00a0<\/em><\/mark><\/p>\n<\/div>\n","protected":false},"excerpt":{"rendered":"<p>Jedrska energija se pogosto predstavlja kot izjemno varna oblika energije, vendar zgodovina ka\u017ee, da tehnologija s seboj nosi marsikatera varnostna tveganja. <\/p>\n","protected":false},"author":23,"featured_media":50872,"comment_status":"closed","ping_status":"open","sticky":false,"template":"","format":"standard","meta":{"ep_exclude_from_search":false,"p4_og_title":"","p4_og_description":"","p4_og_image":"","p4_og_image_id":"","p4_seo_canonical_url":"","p4_campaign_name":"","p4_local_project":"","p4_basket_name":"","p4_department":"","footnotes":""},"categories":[65],"tags":[35],"p4-page-type":[24],"class_list":["post-51191","post","type-post","status-publish","format-standard","has-post-thumbnail","hentry","category-energetika","tag-jedrska-energija","p4-page-type-blog"],"_links":{"self":[{"href":"https:\/\/www.greenpeace.org\/slovenia\/wp-json\/wp\/v2\/posts\/51191","targetHints":{"allow":["GET"]}}],"collection":[{"href":"https:\/\/www.greenpeace.org\/slovenia\/wp-json\/wp\/v2\/posts"}],"about":[{"href":"https:\/\/www.greenpeace.org\/slovenia\/wp-json\/wp\/v2\/types\/post"}],"author":[{"embeddable":true,"href":"https:\/\/www.greenpeace.org\/slovenia\/wp-json\/wp\/v2\/users\/23"}],"replies":[{"embeddable":true,"href":"https:\/\/www.greenpeace.org\/slovenia\/wp-json\/wp\/v2\/comments?post=51191"}],"version-history":[{"count":9,"href":"https:\/\/www.greenpeace.org\/slovenia\/wp-json\/wp\/v2\/posts\/51191\/revisions"}],"predecessor-version":[{"id":52802,"href":"https:\/\/www.greenpeace.org\/slovenia\/wp-json\/wp\/v2\/posts\/51191\/revisions\/52802"}],"wp:featuredmedia":[{"embeddable":true,"href":"https:\/\/www.greenpeace.org\/slovenia\/wp-json\/wp\/v2\/media\/50872"}],"wp:attachment":[{"href":"https:\/\/www.greenpeace.org\/slovenia\/wp-json\/wp\/v2\/media?parent=51191"}],"wp:term":[{"taxonomy":"category","embeddable":true,"href":"https:\/\/www.greenpeace.org\/slovenia\/wp-json\/wp\/v2\/categories?post=51191"},{"taxonomy":"post_tag","embeddable":true,"href":"https:\/\/www.greenpeace.org\/slovenia\/wp-json\/wp\/v2\/tags?post=51191"},{"taxonomy":"p4-page-type","embeddable":true,"href":"https:\/\/www.greenpeace.org\/slovenia\/wp-json\/wp\/v2\/p4-page-type?post=51191"}],"curies":[{"name":"wp","href":"https:\/\/api.w.org\/{rel}","templated":true}]}}