{"id":51777,"date":"2024-09-03T13:05:22","date_gmt":"2024-09-03T13:05:22","guid":{"rendered":"https:\/\/www.greenpeace.org\/slovenia\/?p=51777"},"modified":"2024-09-26T12:09:48","modified_gmt":"2024-09-26T12:09:48","slug":"od-tes6-do-jek2-ne-boste-nas-zopet-peljali-zejne-cez-vodo","status":"publish","type":"post","link":"https:\/\/www.greenpeace.org\/slovenia\/blog\/51777\/od-tes6-do-jek2-ne-boste-nas-zopet-peljali-zejne-cez-vodo\/","title":{"rendered":"OD TE\u01606 DO JEK2: NE BOSTE NAS ZOPET PELJALI \u017dEJNE \u010cEZ VODO"},"content":{"rendered":"\n<h4 class=\"wp-block-heading\"><strong>Ljubljana, 3. 9. 2024 &#8211; Scenarij Termoelektrarne \u0160o\u0161tanj, kakr\u0161nega smo ga napovedali pred ve\u010d kot desetletjem, naj nam bo v opomin, kam lahko pripeljejo brezglava politi\u010dna dejanja in neupo\u0161tevanje kriti\u010dnih glasov civilne dru\u017ebe. Zahtevamo, da Vlada Republike Slovenije pojasni, kako bo za\u0161\u010ditila dr\u017eavljanke in dr\u017eavljane pred enakim scenarijem v primeru projekta JEK2? Kdo bo pla\u010dal ra\u010dun nasedle investicije?<\/strong><\/h4>\n\n<figure class=\"wp-block-image size-large\"><img loading=\"lazy\" decoding=\"async\" width=\"1024\" height=\"682\" src=\"https:\/\/www.greenpeace.org\/static\/planet4-slovenia-stateless\/2024\/09\/6f617244-jkw7037-1024x682.jpg\" alt=\"\" class=\"wp-image-51778\" srcset=\"https:\/\/www.greenpeace.org\/static\/planet4-slovenia-stateless\/2024\/09\/6f617244-jkw7037-1024x682.jpg 1024w, https:\/\/www.greenpeace.org\/static\/planet4-slovenia-stateless\/2024\/09\/6f617244-jkw7037-300x200.jpg 300w, https:\/\/www.greenpeace.org\/static\/planet4-slovenia-stateless\/2024\/09\/6f617244-jkw7037-768x512.jpg 768w, https:\/\/www.greenpeace.org\/static\/planet4-slovenia-stateless\/2024\/09\/6f617244-jkw7037-1536x1024.jpg 1536w, https:\/\/www.greenpeace.org\/static\/planet4-slovenia-stateless\/2024\/09\/6f617244-jkw7037-510x340.jpg 510w, https:\/\/www.greenpeace.org\/static\/planet4-slovenia-stateless\/2024\/09\/6f617244-jkw7037.jpg 2000w\" sizes=\"auto, (max-width: 1024px) 100vw, 1024px\" \/><figcaption class=\"wp-element-caption\">Foto: Klara Kulovec in Jure Kralj<\/figcaption><\/figure>\n\n<p><a href=\"https:\/\/www.greenpeace.org\/slovenia\/sporocilo-za-javnost\/1170\/pred-izredno-sejo-dz-o-tes-6\/\">Za osve\u017eitev spomina<\/a>: Greenpeace Slovenija je skupaj z drugimi civilno-dru\u017ebenimi organizacijami pred ve\u010d kot desetletjem glasno opozarjal na vse anomalije v zvezi s projektom TE\u01606. Opozarjali smo, da je projekt ekonomsko sporen, pozivali smo k uvedbi moratorija, k pripravi trajnostnega energetskega scenarija in k odstopu dr\u017eave od dr\u017eavnega poro\u0161tva. Odziv politike na na\u0161e zahteve je bil ni\u010deln. Skupaj s projektom TE\u01606 nam je bilo dr\u017eavljankam in<br>dr\u017eavljanom vsiljeno tudi tveganje, ki ga je ta prina\u0161al za dr\u017eavno blagajno. To tveganje smo bili prisiljeni sprejeti in breme nesposobne politike se sedaj prena\u0161a na dr\u017eavljanke in dr\u017eavljane. Denar, ki ga tako manjka za osnovne dru\u017ebene sisteme kot so zdravstvo, \u0161olstvo in varovanje okolja, bo sedaj namenjen odpravljanju napak neodogovornih posameznikov in politi\u010dnih odlo\u010devalcev.<\/p>\n\n<p>Sara Kosirnik, Greenpeace Slovenija, je povedala: \u2018\u2019Vzporednice z netransparentno in nedemokrati\u010dno dr\u017eo politike pri projektih TE\u01606 in JEK2 so ve\u010d kot o\u010ditne. Odgovornost odlo\u010ditve o gradnji strate\u0161kega infrastrukturnega projekta, te\u017ekega ve\u010d deset milijard, se brez demokrati\u010dnega dialoga na izsiljenem prihajajo\u010dem referendumu prelaga na dr\u017eavljane. Zelo nas lahko skrbi, saj gre v primeru projekta JEK2 za 10x ve\u010djo investicijo in posledi\u010dno tudi za 10x ve\u010dje morebitne posledice za javne finance in nenazadnje za dr\u017eavljane in dr\u017eavljanke. Ne bomo dovolili, da nas politika zopet pelje \u017eejne \u010dez vodo.\u2019\u2019<\/p>\n\n<h3 class=\"wp-block-heading\"><strong>JEK2 NAJ SE FINANCIRA IZKLJU\u010cNO Z ZASEBNIM KAPITALOM<\/strong><\/h3>\n\n<h5 class=\"wp-block-heading\"><br><strong>Na Greenpeace Slovenija menimo, da dr\u017eavno poro\u0161tvo v primeru JEK2 ne sme biti na mizi kot ena izmed mo\u017enosti, temve\u010d naj se JEK2 financira izklju\u010dno z zasebnim kapitalom. \u2018\u2019Sprevr\u017eeno je, da bi se dr\u017eava v projekt JEK2 vpletla z dr\u017eavnim poro\u0161tvom, ki bi Sloveniji okrog vratu zavezal mlinski kamen in potencialno zaustavil vse ostale investicije v re\u0161itve in projekte, ki so edina prava re\u0161itev ne le za podnebno krizo, temve\u010d tudi za resni\u010dno blaginjo ljudi &#8211; v ukrepe energetske u\u010dinkovitosti, pospe\u0161eno vlaganje v obnovljive vire energije in v preobrazbo<br>mobilnostnega sistema,\u2019\u2019 je \u0161e dodala Sara Kosirnik.<\/strong><\/h5>\n\n<p><\/p>\n\n<h3 class=\"wp-block-heading\"><strong>Vlado Republike Slovenije zato opominjamo na njeno odgovornost do dr\u017eavljank in dr\u017eavljanov in podajamo naslednje zahteve:<\/strong><\/h3>\n\n<p><\/p>\n\n<p>1.) Zahtevamo, da se denar za krpanje finan\u010dne luknje TE\u0160 (in premogovnika Velenje) v nobenem primeru ne gre v \u0161kodo na\u010drtovanim in prihodnjim investicijam prepotrebnih za zeleni prehod, temve\u010d se denar za popla\u010dilo dve miljardne luknje zagotovi iz dobi\u010dkov energetskih podjetij.<\/p>\n\n<p><br>2.) Pozivamo Vlado Republike Slovenije, naj celovito in konkretno pojasni, kako bo za\u0161\u010ditila dr\u017eavljane in dr\u017eavljanke pred enakim scenarijem v primeru projekta JEK2. Zahtevamo, da se vlada opredeli do instituta dr\u017eavnega poro\u0161tva v primeru JEK2, torej &#8211; naj predlo\u017ei jasen odgovor o morebitni udele\u017ebi v investiciji ter tveganjih, ki jih le-to prina\u0161a za dr\u017eavni prora\u010dun in prebivalce Slovenije, in kaj bi to pomenilo za splo\u0161no blaginjo prebivalstva in javno-finan\u010dne ukrepe.<\/p>\n","protected":false},"excerpt":{"rendered":"<p>Ljubljana, 3. 9. 2024 \u2013 Scenarij Termoelektrarne \u0160o\u0161tanj, kakr\u0161nega smo ga napovedali pred ve\u010d kot desetletjem, naj nam bo v opomin, kam lahko pripeljejo brezglava politi\u010dna dejanja&#8230;<\/p>\n","protected":false},"author":63,"featured_media":51779,"comment_status":"closed","ping_status":"open","sticky":false,"template":"","format":"standard","meta":{"ep_exclude_from_search":false,"p4_og_title":"","p4_og_description":"","p4_og_image":"","p4_og_image_id":"","p4_seo_canonical_url":"","p4_campaign_name":"","p4_local_project":"","p4_basket_name":"","p4_department":"","footnotes":""},"categories":[65],"tags":[32,27,33],"p4-page-type":[],"class_list":["post-51777","post","type-post","status-publish","format-standard","has-post-thumbnail","hentry","category-energetika","tag-brezpremoga","tag-greenpeace","tag-tes"],"_links":{"self":[{"href":"https:\/\/www.greenpeace.org\/slovenia\/wp-json\/wp\/v2\/posts\/51777","targetHints":{"allow":["GET"]}}],"collection":[{"href":"https:\/\/www.greenpeace.org\/slovenia\/wp-json\/wp\/v2\/posts"}],"about":[{"href":"https:\/\/www.greenpeace.org\/slovenia\/wp-json\/wp\/v2\/types\/post"}],"author":[{"embeddable":true,"href":"https:\/\/www.greenpeace.org\/slovenia\/wp-json\/wp\/v2\/users\/63"}],"replies":[{"embeddable":true,"href":"https:\/\/www.greenpeace.org\/slovenia\/wp-json\/wp\/v2\/comments?post=51777"}],"version-history":[{"count":4,"href":"https:\/\/www.greenpeace.org\/slovenia\/wp-json\/wp\/v2\/posts\/51777\/revisions"}],"predecessor-version":[{"id":51784,"href":"https:\/\/www.greenpeace.org\/slovenia\/wp-json\/wp\/v2\/posts\/51777\/revisions\/51784"}],"wp:featuredmedia":[{"embeddable":true,"href":"https:\/\/www.greenpeace.org\/slovenia\/wp-json\/wp\/v2\/media\/51779"}],"wp:attachment":[{"href":"https:\/\/www.greenpeace.org\/slovenia\/wp-json\/wp\/v2\/media?parent=51777"}],"wp:term":[{"taxonomy":"category","embeddable":true,"href":"https:\/\/www.greenpeace.org\/slovenia\/wp-json\/wp\/v2\/categories?post=51777"},{"taxonomy":"post_tag","embeddable":true,"href":"https:\/\/www.greenpeace.org\/slovenia\/wp-json\/wp\/v2\/tags?post=51777"},{"taxonomy":"p4-page-type","embeddable":true,"href":"https:\/\/www.greenpeace.org\/slovenia\/wp-json\/wp\/v2\/p4-page-type?post=51777"}],"curies":[{"name":"wp","href":"https:\/\/api.w.org\/{rel}","templated":true}]}}