{"id":51789,"date":"2024-09-09T14:25:11","date_gmt":"2024-09-09T14:25:11","guid":{"rendered":"https:\/\/www.greenpeace.org\/slovenia\/?p=51789"},"modified":"2024-09-26T12:09:19","modified_gmt":"2024-09-26T12:09:19","slug":"greenpeaceova-intervencija-proti-jek2-jederske-pravljice-draga-realnost","status":"publish","type":"post","link":"https:\/\/www.greenpeace.org\/slovenia\/sporocilo-za-javnost\/51789\/greenpeaceova-intervencija-proti-jek2-jederske-pravljice-draga-realnost\/","title":{"rendered":"Greenpeaceova intervencija proti JEK2: JEDRSKE PRAVLJICE, DRAGA REALNOST"},"content":{"rendered":"\n<h4 class=\"wp-block-heading\"><strong>Portoro\u017e, 9. 9. 2024 &#8211; Greenpeace aktivisti iz 8 dr\u017eav so danes na mednarodno jedrsko konferenco NENE, ki se odvija v portoro\u0161kem hotelu Bernardin, prinesli sporo\u010dilo: Jedrske pravljice, draga realnost. Med govorom dr\u017eavnega sekretarja za nacionalni jedrski program, Danijela Levi\u010darja, je Greenpeace aktivistka razpela transparent s sporo\u010dilom Elite fantazirajo, ljudje pla\u010dujemo.<\/strong><\/h4>\n\n<figure class=\"wp-block-embed is-type-video is-provider-youtube wp-block-embed-youtube wp-embed-aspect-16-9 wp-has-aspect-ratio\"><div class=\"wp-block-embed__wrapper\">\n<iframe loading=\"lazy\" title=\"Greenpeaceova intervencija proti JEK2: JEDRSKE PRAVLJICE, DRAGA REALNOST\" width=\"500\" height=\"281\" src=\"https:\/\/www.youtube.com\/embed\/ugJsHxFas3o?feature=oembed\" frameborder=\"0\" allow=\"accelerometer; autoplay; clipboard-write; encrypted-media; gyroscope; picture-in-picture; web-share\" referrerpolicy=\"strict-origin-when-cross-origin\" allowfullscreen><\/iframe>\n<\/div><\/figure>\n\n<p>Na prihajajo\u010dem referendumu se bomo volilci in volilke novembra letos izrekali o izgradnji drugega bloka jedrske elektrarne v Kr\u0161kem (JEK2). Greenpeace Slovenija zadnje mesece glasno opozarjamo na pomembnost razre\u0161itve vseh neznank pred referendumsko odlo\u010ditvijo.<\/p>\n\n<p>Eno od najpomembnej\u0161ih vpra\u0161anj, za katerega verjamemo, da bi se pred referendumsko odlo\u010ditvijo moral razre\u0161iti, so vpra\u0161anja, vezana na financiranje novega jedrskega reaktorja. Kdo bo jedrski reaktor pla\u010dal, ali se bo v financiranje vpletla dr\u017eava, kak\u0161ne posledice to prina\u0161a za dr\u017eavljane_ke in dr\u017eavni prora\u010dun in ali si bodo JEK2 za izvoz postavili tujci?&nbsp;<\/p>\n\n<p>Projekti jedrskih elektrarn imajo v primerjavi z drugo energetsko infrastrukturo zelo specifi\u010den profil tveganja investicije zaradi visokih za\u010detnih kapitalskih zahtev in tudi dolgotrajne gradnje. Iz <a href=\"https:\/\/www.greenpeace.org\/static\/planet4-luxembourg-stateless\/2024\/06\/65cd71d2-fission-for-funds-the-financing-of-nuclear-power-plants.pdf\">pregleda<\/a> trenutnih in predvidenih modelov financiranja jedrskih reaktorjev po Evropi izhaja naslednje:<\/p>\n\n<figure class=\"wp-block-image size-large\"><img loading=\"lazy\" decoding=\"async\" width=\"683\" height=\"1024\" src=\"https:\/\/www.greenpeace.org\/static\/planet4-slovenia-stateless\/2024\/09\/145d9fc8-cp_x3914-683x1024.jpg\" alt=\"\" class=\"wp-image-51810\" srcset=\"https:\/\/www.greenpeace.org\/static\/planet4-slovenia-stateless\/2024\/09\/145d9fc8-cp_x3914-683x1024.jpg 683w, https:\/\/www.greenpeace.org\/static\/planet4-slovenia-stateless\/2024\/09\/145d9fc8-cp_x3914-200x300.jpg 200w, https:\/\/www.greenpeace.org\/static\/planet4-slovenia-stateless\/2024\/09\/145d9fc8-cp_x3914-768x1152.jpg 768w, https:\/\/www.greenpeace.org\/static\/planet4-slovenia-stateless\/2024\/09\/145d9fc8-cp_x3914-1024x1536.jpg 1024w, https:\/\/www.greenpeace.org\/static\/planet4-slovenia-stateless\/2024\/09\/145d9fc8-cp_x3914-1365x2048.jpg 1365w, https:\/\/www.greenpeace.org\/static\/planet4-slovenia-stateless\/2024\/09\/145d9fc8-cp_x3914-911x1366.jpg 911w, https:\/\/www.greenpeace.org\/static\/planet4-slovenia-stateless\/2024\/09\/145d9fc8-cp_x3914-227x340.jpg 227w, https:\/\/www.greenpeace.org\/static\/planet4-slovenia-stateless\/2024\/09\/145d9fc8-cp_x3914-scaled.jpg 1707w\" sizes=\"auto, (max-width: 683px) 100vw, 683px\" \/><\/figure>\n\n<h5 class=\"wp-block-heading\"><strong>V zadnjih desetletjih so stro\u0161ki jedrskih elektrarn stalno nara\u0161\u010dali.&nbsp;<\/strong><\/h5>\n\n<p>Na primer, stro\u0161ki projekta <strong>Temel\u00edn na \u010ce\u0161kem<\/strong> so se <a href=\"https:\/\/www.laka.org\/docu\/boeken\/pdf\/2-34-6-50-03.pdf\">pove\u010dali<\/a> z 29 milijard CZK na <a href=\"https:\/\/iea.blob.core.windows.net\/assets\/f92ef401-e06e-44ac-8cbd-128954e17cce\/EnergyPoliciesofIEACountriesCzechRepublic2001.pdf\">109<\/a> milijard CZK ob zaklju\u010dku projekta leta 2001. Podobno so se stro\u0161ki projekta jedrske elektrarne <strong>Belene v Bolgariji<\/strong>, sprva ocenjeni na slabe 4 milijarde EUR, <a href=\"https:\/\/bankwatch.org\/wp-content\/uploads\/2009\/10\/BeleneChronology_26Oct09.pdf\">pove\u010dali<\/a> na <a href=\"https:\/\/world-nuclear.org\/information-library\/country-profiles\/countries-a-f\/bulgaria\">10-12 milijard EUR<\/a>, kar je kasneje privedlo do odpovedi projekta.&nbsp;<\/p>\n\n<p><strong>Na Slova\u0161kem<\/strong> so se stro\u0161ki dokon\u010danja <strong>Mochovce 3 in 4<\/strong> <a href=\"https:\/\/spectator.sme.sk\/c\/23205494\/nuclear-power-plant-mochovce-milestone-slovakia.html\">pove\u010dali<\/a> s pribli\u017eno 3 milijarde EUR leta 2008 <a href=\"https:\/\/caneurope.org\/position-paper-nuclear-energy\/\">na preko 6 milijard EUR<\/a> ob priklopu na omre\u017eje leta 2023.<\/p>\n\n<p><strong>Projekti izgradnje novih jedrskih elektrarn v veliki meri postanejo ekonomsko upravi\u010deni le, \u010de dr\u017eava sodeluje pri zmanj\u0161evanju tveganja nalo\u017eb za zasebne vlagatelje<\/strong> \u2013 bodisi prek jamstev za posojila, ali razli\u010dnih oblik dr\u017eavnega (so)lastni\u0161tva, kar izhaja iz nedavno izdanega Greenpeaceovega poro\u010dila <a href=\"https:\/\/www.greenpeace.org\/static\/planet4-luxembourg-stateless\/2024\/06\/65cd71d2-fission-for-funds-the-financing-of-nuclear-power-plants.pdf\"><strong><em>Fission for Funds<\/em><\/strong>.<\/a>&nbsp;<\/p>\n\n<p>\u2018\u2018\u0160tevilni primeri iz Evrope in Zdru\u017eenih dr\u017eav Amerike ka\u017eejo, da so jedrski projekti finan\u010dno vzdr\u017eni le, \u010de dr\u017eava sodeluje pri zmanj\u0161evanju tveganja finan\u010dnih nalo\u017eb in tudi, kako tak\u0161ni in druga\u010dni modeli sodelovanja dr\u017eave dolgoro\u010dno povsem zaustavijo ostale prave okoljske ukrepe\u2019\u2019, je \u0161e dodala <strong>Sara Kosirnik.<\/strong><\/p>\n\n<p>Na Greenpeace Slovenija verjamemo, da morajo ob potencialni izvedbi projekta dr\u017eavljanke in dr\u017eavljani biti za\u0161\u010diteni pred kakr\u0161nimi koli finan\u010dnimi tveganji. Scenarij Termoelektrarne \u0160o\u0161tanj naj nam bo vsem v opomin, kam lahko pripeljejo nespametna politi\u010dna dejanja. Ob tej prilo\u017enosti zato pozivamo Vlado Republike Slovenije, naj pred glasovanjem na referendumu celovito in konkretno pojasni, kako bo za\u0161\u010ditila dr\u017eavljane in dr\u017eavljanke pred scenarijem, ki smo mu pri\u010da v primeru Termoelektrarne \u0160o\u0161tanj. Zahtevamo, da se vlada opredeli do instituta dr\u017eavnega poro\u0161tva v primeru JEK2, torej &#8211; naj predlo\u017ei jasen odgovor o morebitni udele\u017ebi v investiciji ter tveganjih, ki jih le-to prina\u0161a za dr\u017eavni prora\u010dun in davkopla\u010devalke_ce Slovenije, ter kaj bi to pomenilo za splo\u0161no blaginjo prebivalstva in javno-finan\u010dne ukrepe.<\/p>\n\n<figure class=\"wp-block-image size-large\"><img loading=\"lazy\" decoding=\"async\" width=\"1024\" height=\"683\" src=\"https:\/\/www.greenpeace.org\/static\/planet4-slovenia-stateless\/2024\/09\/ac4f940d-483a8850-1024x683.jpg\" alt=\"\" class=\"wp-image-51812\" srcset=\"https:\/\/www.greenpeace.org\/static\/planet4-slovenia-stateless\/2024\/09\/ac4f940d-483a8850-1024x683.jpg 1024w, https:\/\/www.greenpeace.org\/static\/planet4-slovenia-stateless\/2024\/09\/ac4f940d-483a8850-300x200.jpg 300w, https:\/\/www.greenpeace.org\/static\/planet4-slovenia-stateless\/2024\/09\/ac4f940d-483a8850-768x512.jpg 768w, https:\/\/www.greenpeace.org\/static\/planet4-slovenia-stateless\/2024\/09\/ac4f940d-483a8850-1536x1025.jpg 1536w, https:\/\/www.greenpeace.org\/static\/planet4-slovenia-stateless\/2024\/09\/ac4f940d-483a8850-510x340.jpg 510w\" sizes=\"auto, (max-width: 1024px) 100vw, 1024px\" \/><\/figure>\n\n<p><strong>Sara Kosirnik, Greenpeace Slovenija<\/strong>, je povedala: \u2018\u2019V \u010dasu omejene javne porabe, negotovih gospodarskih razmer in vse ve\u010djih stisk za vse ve\u010d gospodinjstev in nenazadnje tudi v \u010dasu podnebne krize, ki se vse bolj zaostruje, bi bilo edino prav in edino smiselno, da se&nbsp; namesto propagandne promocije projekta, ki ga bomo v enem izmed scenarijev prepla\u010dali dr\u017eavljani in gospodarstvo z dragimi polo\u017enicami za elektriko, kar najhitreje lotimo podnebnih ukrepov, ki so na voljo tukaj in zdaj &#8211; energetska u\u010dinkovitost in pospe\u0161eno vlaganje v obnovljive vire energije, ki vse bolj utrjujejo svoj polo\u017eaj najcenej\u0161ega vira elektrike.\u2019\u2019<\/p>\n\n<h5 class=\"wp-block-heading\">Primerjava z obnovljivimi viri energije<\/h5>\n\n<p>Pove\u010devanje kon\u010dne cene jedrskih projektov (ki se mo\u010dno razlikujejo od prvotnih) pa ni edini problem jedrske energije. Stro\u0161ki proizvedene elektri\u010dne energije iz jedrskih elektrarn se \u0161e naprej pove\u010dujejo, medtem ko obnovljivi viri energije bele\u017eijo stalno zni\u017eanje stro\u0161kov, kar je <a href=\"https:\/\/www.worldnuclearreport.org\/IMG\/pdf\/wnisr2023-v5.pdf\">razvidno<\/a> iz primerjave stro\u0161kov na MWh proizvedene elektri\u010dne energije (t.i. lokaliziranih stro\u0161kov energije). Nesubvencionirani povpre\u010dni stro\u0161ki proizvodnje elektri\u010dne energije so se med letoma 2009 in 2022 v primeru son\u010dnih elektrarn PV v povpre\u010dju zni\u017eali s 359 na 60 USD na MWh, kar predstavlja 84-odstotni padec. Stro\u0161ki proizvodnje energije iz vetrne energije so se v istem obdobju zni\u017eali s 135 na 50 USD na MWh (63-odstotni padec), medtem ko so se stro\u0161ki jedrske energije pove\u010dali s 123 na 180 USD na MWh, kar pomeni 46-odstotno pove\u010danje (glej sliko). Jedrska energija je torej postala najdra\u017eji vir energije na ravni uporabnikov, celo dra\u017eji od plinskih elektrarn.<\/p>\n<div data-hydrate=\"planet4-blocks\/gallery\" data-attributes=\"{&quot;attributes&quot;:{&quot;gallery_block_title&quot;:&quot;Galerija slik&quot;,&quot;multiple_image&quot;:&quot;51813,51822,51814,51815,51816,51809,51823&quot;,&quot;image_data&quot;:[{&quot;url&quot;:&quot;https:\\\/\\\/www.greenpeace.org\\\/static\\\/planet4-slovenia-stateless\\\/2024\\\/09\\\/90b5024e-cp_x3483-scaled.jpg&quot;,&quot;focalPoint&quot;:{&quot;x&quot;:0.5,&quot;y&quot;:0.5},&quot;id&quot;:51813},{&quot;url&quot;:&quot;https:\\\/\\\/www.greenpeace.org\\\/static\\\/planet4-slovenia-stateless\\\/2024\\\/09\\\/1fb41149-483a8700.jpg&quot;,&quot;focalPoint&quot;:{&quot;x&quot;:0.5,&quot;y&quot;:0.5},&quot;id&quot;:51822},{&quot;url&quot;:&quot;https:\\\/\\\/www.greenpeace.org\\\/static\\\/planet4-slovenia-stateless\\\/2024\\\/09\\\/48e17db1-483a8863.jpg&quot;,&quot;focalPoint&quot;:{&quot;x&quot;:0.5,&quot;y&quot;:0.5},&quot;id&quot;:51814},{&quot;url&quot;:&quot;https:\\\/\\\/www.greenpeace.org\\\/static\\\/planet4-slovenia-stateless\\\/2024\\\/09\\\/d705a0e6-483a8910.jpg&quot;,&quot;focalPoint&quot;:{&quot;x&quot;:0.5,&quot;y&quot;:0.5},&quot;id&quot;:51815},{&quot;url&quot;:&quot;https:\\\/\\\/www.greenpeace.org\\\/static\\\/planet4-slovenia-stateless\\\/2024\\\/09\\\/405fcede-483a8921.jpg&quot;,&quot;focalPoint&quot;:{&quot;x&quot;:0.5,&quot;y&quot;:0.5},&quot;id&quot;:51816},{&quot;url&quot;:&quot;https:\\\/\\\/www.greenpeace.org\\\/static\\\/planet4-slovenia-stateless\\\/2024\\\/09\\\/ab361a43-cp_x3812-scaled.jpg&quot;,&quot;focalPoint&quot;:{&quot;x&quot;:0.5,&quot;y&quot;:0.5},&quot;id&quot;:51809},{&quot;url&quot;:&quot;https:\\\/\\\/www.greenpeace.org\\\/static\\\/planet4-slovenia-stateless\\\/2024\\\/09\\\/75156b7d-483a8737.jpg&quot;,&quot;focalPoint&quot;:{&quot;x&quot;:0.5,&quot;y&quot;:0.5},&quot;id&quot;:51823}],&quot;gallery_block_style&quot;:0,&quot;gallery_block_description&quot;:&quot;&quot;,&quot;gallery_block_focus_points&quot;:&quot;&quot;,&quot;images&quot;:[{&quot;image_src&quot;:&quot;https:\\\/\\\/www.greenpeace.org\\\/static\\\/planet4-slovenia-stateless\\\/2024\\\/09\\\/90b5024e-cp_x3483-scaled.jpg&quot;,&quot;image_srcset&quot;:&quot;https:\\\/\\\/www.greenpeace.org\\\/static\\\/planet4-slovenia-stateless\\\/2024\\\/09\\\/90b5024e-cp_x3483-scaled.jpg 2560w, https:\\\/\\\/www.greenpeace.org\\\/static\\\/planet4-slovenia-stateless\\\/2024\\\/09\\\/90b5024e-cp_x3483-300x200.jpg 300w, https:\\\/\\\/www.greenpeace.org\\\/static\\\/planet4-slovenia-stateless\\\/2024\\\/09\\\/90b5024e-cp_x3483-1024x683.jpg 1024w, https:\\\/\\\/www.greenpeace.org\\\/static\\\/planet4-slovenia-stateless\\\/2024\\\/09\\\/90b5024e-cp_x3483-768x512.jpg 768w, https:\\\/\\\/www.greenpeace.org\\\/static\\\/planet4-slovenia-stateless\\\/2024\\\/09\\\/90b5024e-cp_x3483-1536x1024.jpg 1536w, https:\\\/\\\/www.greenpeace.org\\\/static\\\/planet4-slovenia-stateless\\\/2024\\\/09\\\/90b5024e-cp_x3483-2048x1366.jpg 2048w, https:\\\/\\\/www.greenpeace.org\\\/static\\\/planet4-slovenia-stateless\\\/2024\\\/09\\\/90b5024e-cp_x3483-510x340.jpg 510w&quot;,&quot;image_sizes&quot;:false,&quot;alt_text&quot;:&quot;&quot;,&quot;caption&quot;:&quot;&quot;,&quot;focus_image&quot;:&quot;&quot;,&quot;credits&quot;:&quot;\\u00a9 Greenpeace Slovenija &quot;},{&quot;image_src&quot;:&quot;https:\\\/\\\/www.greenpeace.org\\\/static\\\/planet4-slovenia-stateless\\\/2024\\\/09\\\/1fb41149-483a8700.jpg&quot;,&quot;image_srcset&quot;:&quot;https:\\\/\\\/www.greenpeace.org\\\/static\\\/planet4-slovenia-stateless\\\/2024\\\/09\\\/1fb41149-483a8700.jpg 2048w, https:\\\/\\\/www.greenpeace.org\\\/static\\\/planet4-slovenia-stateless\\\/2024\\\/09\\\/1fb41149-483a8700-300x200.jpg 300w, https:\\\/\\\/www.greenpeace.org\\\/static\\\/planet4-slovenia-stateless\\\/2024\\\/09\\\/1fb41149-483a8700-1024x683.jpg 1024w, https:\\\/\\\/www.greenpeace.org\\\/static\\\/planet4-slovenia-stateless\\\/2024\\\/09\\\/1fb41149-483a8700-768x512.jpg 768w, https:\\\/\\\/www.greenpeace.org\\\/static\\\/planet4-slovenia-stateless\\\/2024\\\/09\\\/1fb41149-483a8700-1536x1025.jpg 1536w, https:\\\/\\\/www.greenpeace.org\\\/static\\\/planet4-slovenia-stateless\\\/2024\\\/09\\\/1fb41149-483a8700-510x340.jpg 510w&quot;,&quot;image_sizes&quot;:false,&quot;alt_text&quot;:&quot;&quot;,&quot;caption&quot;:&quot;&quot;,&quot;focus_image&quot;:&quot;&quot;,&quot;credits&quot;:&quot;\\u00a9 Greenpeace Slovenija &quot;},{&quot;image_src&quot;:&quot;https:\\\/\\\/www.greenpeace.org\\\/static\\\/planet4-slovenia-stateless\\\/2024\\\/09\\\/48e17db1-483a8863.jpg&quot;,&quot;image_srcset&quot;:&quot;https:\\\/\\\/www.greenpeace.org\\\/static\\\/planet4-slovenia-stateless\\\/2024\\\/09\\\/48e17db1-483a8863.jpg 8192w, https:\\\/\\\/www.greenpeace.org\\\/static\\\/planet4-slovenia-stateless\\\/2024\\\/09\\\/48e17db1-483a8863-300x200.jpg 300w, https:\\\/\\\/www.greenpeace.org\\\/static\\\/planet4-slovenia-stateless\\\/2024\\\/09\\\/48e17db1-483a8863-1024x683.jpg 1024w, https:\\\/\\\/www.greenpeace.org\\\/static\\\/planet4-slovenia-stateless\\\/2024\\\/09\\\/48e17db1-483a8863-768x512.jpg 768w, https:\\\/\\\/www.greenpeace.org\\\/static\\\/planet4-slovenia-stateless\\\/2024\\\/09\\\/48e17db1-483a8863-1536x1025.jpg 1536w, https:\\\/\\\/www.greenpeace.org\\\/static\\\/planet4-slovenia-stateless\\\/2024\\\/09\\\/48e17db1-483a8863-510x340.jpg 510w&quot;,&quot;image_sizes&quot;:false,&quot;alt_text&quot;:&quot;&quot;,&quot;caption&quot;:&quot;&quot;,&quot;focus_image&quot;:&quot;&quot;,&quot;credits&quot;:&quot;\\u00a9 Greenpeace Slovenija &quot;},{&quot;image_src&quot;:&quot;https:\\\/\\\/www.greenpeace.org\\\/static\\\/planet4-slovenia-stateless\\\/2024\\\/09\\\/d705a0e6-483a8910.jpg&quot;,&quot;image_srcset&quot;:&quot;https:\\\/\\\/www.greenpeace.org\\\/static\\\/planet4-slovenia-stateless\\\/2024\\\/09\\\/d705a0e6-483a8910.jpg 8192w, https:\\\/\\\/www.greenpeace.org\\\/static\\\/planet4-slovenia-stateless\\\/2024\\\/09\\\/d705a0e6-483a8910-300x200.jpg 300w, https:\\\/\\\/www.greenpeace.org\\\/static\\\/planet4-slovenia-stateless\\\/2024\\\/09\\\/d705a0e6-483a8910-1024x683.jpg 1024w, https:\\\/\\\/www.greenpeace.org\\\/static\\\/planet4-slovenia-stateless\\\/2024\\\/09\\\/d705a0e6-483a8910-768x512.jpg 768w, https:\\\/\\\/www.greenpeace.org\\\/static\\\/planet4-slovenia-stateless\\\/2024\\\/09\\\/d705a0e6-483a8910-1536x1025.jpg 1536w, https:\\\/\\\/www.greenpeace.org\\\/static\\\/planet4-slovenia-stateless\\\/2024\\\/09\\\/d705a0e6-483a8910-510x340.jpg 510w&quot;,&quot;image_sizes&quot;:false,&quot;alt_text&quot;:&quot;&quot;,&quot;caption&quot;:&quot;&quot;,&quot;focus_image&quot;:&quot;&quot;,&quot;credits&quot;:&quot;\\u00a9 Greenpeace Slovenija &quot;},{&quot;image_src&quot;:&quot;https:\\\/\\\/www.greenpeace.org\\\/static\\\/planet4-slovenia-stateless\\\/2024\\\/09\\\/405fcede-483a8921.jpg&quot;,&quot;image_srcset&quot;:&quot;https:\\\/\\\/www.greenpeace.org\\\/static\\\/planet4-slovenia-stateless\\\/2024\\\/09\\\/405fcede-483a8921.jpg 8192w, https:\\\/\\\/www.greenpeace.org\\\/static\\\/planet4-slovenia-stateless\\\/2024\\\/09\\\/405fcede-483a8921-300x200.jpg 300w, https:\\\/\\\/www.greenpeace.org\\\/static\\\/planet4-slovenia-stateless\\\/2024\\\/09\\\/405fcede-483a8921-1024x683.jpg 1024w, https:\\\/\\\/www.greenpeace.org\\\/static\\\/planet4-slovenia-stateless\\\/2024\\\/09\\\/405fcede-483a8921-768x512.jpg 768w, https:\\\/\\\/www.greenpeace.org\\\/static\\\/planet4-slovenia-stateless\\\/2024\\\/09\\\/405fcede-483a8921-1536x1025.jpg 1536w, https:\\\/\\\/www.greenpeace.org\\\/static\\\/planet4-slovenia-stateless\\\/2024\\\/09\\\/405fcede-483a8921-510x340.jpg 510w&quot;,&quot;image_sizes&quot;:false,&quot;alt_text&quot;:&quot;&quot;,&quot;caption&quot;:&quot;&quot;,&quot;focus_image&quot;:&quot;&quot;,&quot;credits&quot;:&quot;\\u00a9 Greenpeace Slovenija &quot;},{&quot;image_src&quot;:&quot;https:\\\/\\\/www.greenpeace.org\\\/static\\\/planet4-slovenia-stateless\\\/2024\\\/09\\\/ab361a43-cp_x3812-scaled.jpg&quot;,&quot;image_srcset&quot;:&quot;https:\\\/\\\/www.greenpeace.org\\\/static\\\/planet4-slovenia-stateless\\\/2024\\\/09\\\/ab361a43-cp_x3812-scaled.jpg 2560w, https:\\\/\\\/www.greenpeace.org\\\/static\\\/planet4-slovenia-stateless\\\/2024\\\/09\\\/ab361a43-cp_x3812-300x200.jpg 300w, https:\\\/\\\/www.greenpeace.org\\\/static\\\/planet4-slovenia-stateless\\\/2024\\\/09\\\/ab361a43-cp_x3812-1024x683.jpg 1024w, https:\\\/\\\/www.greenpeace.org\\\/static\\\/planet4-slovenia-stateless\\\/2024\\\/09\\\/ab361a43-cp_x3812-768x512.jpg 768w, https:\\\/\\\/www.greenpeace.org\\\/static\\\/planet4-slovenia-stateless\\\/2024\\\/09\\\/ab361a43-cp_x3812-1536x1024.jpg 1536w, https:\\\/\\\/www.greenpeace.org\\\/static\\\/planet4-slovenia-stateless\\\/2024\\\/09\\\/ab361a43-cp_x3812-2048x1366.jpg 2048w, https:\\\/\\\/www.greenpeace.org\\\/static\\\/planet4-slovenia-stateless\\\/2024\\\/09\\\/ab361a43-cp_x3812-510x340.jpg 510w&quot;,&quot;image_sizes&quot;:false,&quot;alt_text&quot;:&quot;&quot;,&quot;caption&quot;:&quot;&quot;,&quot;focus_image&quot;:&quot;&quot;,&quot;credits&quot;:&quot;\\u00a9 Greenpeace Slovenija &quot;},{&quot;image_src&quot;:&quot;https:\\\/\\\/www.greenpeace.org\\\/static\\\/planet4-slovenia-stateless\\\/2024\\\/09\\\/75156b7d-483a8737.jpg&quot;,&quot;image_srcset&quot;:&quot;https:\\\/\\\/www.greenpeace.org\\\/static\\\/planet4-slovenia-stateless\\\/2024\\\/09\\\/75156b7d-483a8737.jpg 1366w, https:\\\/\\\/www.greenpeace.org\\\/static\\\/planet4-slovenia-stateless\\\/2024\\\/09\\\/75156b7d-483a8737-200x300.jpg 200w, https:\\\/\\\/www.greenpeace.org\\\/static\\\/planet4-slovenia-stateless\\\/2024\\\/09\\\/75156b7d-483a8737-683x1024.jpg 683w, https:\\\/\\\/www.greenpeace.org\\\/static\\\/planet4-slovenia-stateless\\\/2024\\\/09\\\/75156b7d-483a8737-768x1151.jpg 768w, https:\\\/\\\/www.greenpeace.org\\\/static\\\/planet4-slovenia-stateless\\\/2024\\\/09\\\/75156b7d-483a8737-1025x1536.jpg 1025w, https:\\\/\\\/www.greenpeace.org\\\/static\\\/planet4-slovenia-stateless\\\/2024\\\/09\\\/75156b7d-483a8737-911x1366.jpg 911w, https:\\\/\\\/www.greenpeace.org\\\/static\\\/planet4-slovenia-stateless\\\/2024\\\/09\\\/75156b7d-483a8737-227x340.jpg 227w&quot;,&quot;image_sizes&quot;:false,&quot;alt_text&quot;:&quot;&quot;,&quot;caption&quot;:&quot;&quot;,&quot;focus_image&quot;:&quot;&quot;,&quot;credits&quot;:&quot;\\u00a9 Greenpeace Slovenija &quot;}]}}\"><section class=\"block carousel-wrap \"><header><h2 class=\"page-section-header\">Galerija slik<\/h2><\/header><\/section><\/div>\n<p><\/p>\n\n<p><\/p>\n","protected":false},"excerpt":{"rendered":"<p>JEDRSKE PRAVLJICE, DRAGA REALNOST<\/p>\n","protected":false},"author":63,"featured_media":51806,"comment_status":"closed","ping_status":"open","sticky":false,"template":"","format":"standard","meta":{"ep_exclude_from_search":false,"p4_og_title":"","p4_og_description":"","p4_og_image":"","p4_og_image_id":"","p4_seo_canonical_url":"","p4_campaign_name":"","p4_local_project":"","p4_basket_name":"","p4_department":"","footnotes":""},"categories":[65],"tags":[35,26],"p4-page-type":[46],"class_list":["post-51789","post","type-post","status-publish","format-standard","has-post-thumbnail","hentry","category-energetika","tag-jedrska-energija","tag-aktivizem","p4-page-type-sporocilo-za-javnost"],"_links":{"self":[{"href":"https:\/\/www.greenpeace.org\/slovenia\/wp-json\/wp\/v2\/posts\/51789","targetHints":{"allow":["GET"]}}],"collection":[{"href":"https:\/\/www.greenpeace.org\/slovenia\/wp-json\/wp\/v2\/posts"}],"about":[{"href":"https:\/\/www.greenpeace.org\/slovenia\/wp-json\/wp\/v2\/types\/post"}],"author":[{"embeddable":true,"href":"https:\/\/www.greenpeace.org\/slovenia\/wp-json\/wp\/v2\/users\/63"}],"replies":[{"embeddable":true,"href":"https:\/\/www.greenpeace.org\/slovenia\/wp-json\/wp\/v2\/comments?post=51789"}],"version-history":[{"count":11,"href":"https:\/\/www.greenpeace.org\/slovenia\/wp-json\/wp\/v2\/posts\/51789\/revisions"}],"predecessor-version":[{"id":51845,"href":"https:\/\/www.greenpeace.org\/slovenia\/wp-json\/wp\/v2\/posts\/51789\/revisions\/51845"}],"wp:featuredmedia":[{"embeddable":true,"href":"https:\/\/www.greenpeace.org\/slovenia\/wp-json\/wp\/v2\/media\/51806"}],"wp:attachment":[{"href":"https:\/\/www.greenpeace.org\/slovenia\/wp-json\/wp\/v2\/media?parent=51789"}],"wp:term":[{"taxonomy":"category","embeddable":true,"href":"https:\/\/www.greenpeace.org\/slovenia\/wp-json\/wp\/v2\/categories?post=51789"},{"taxonomy":"post_tag","embeddable":true,"href":"https:\/\/www.greenpeace.org\/slovenia\/wp-json\/wp\/v2\/tags?post=51789"},{"taxonomy":"p4-page-type","embeddable":true,"href":"https:\/\/www.greenpeace.org\/slovenia\/wp-json\/wp\/v2\/p4-page-type?post=51789"}],"curies":[{"name":"wp","href":"https:\/\/api.w.org\/{rel}","templated":true}]}}