{"id":52162,"date":"2025-01-30T12:39:59","date_gmt":"2025-01-30T11:39:59","guid":{"rendered":"https:\/\/www.greenpeace.org\/slovenia\/?p=52162"},"modified":"2025-01-30T12:40:02","modified_gmt":"2025-01-30T11:40:02","slug":"slovenija-z-ratifikacijo-sporazuma-za-zascito-oceanov-naredila-pomemben-korak-pri-zasciti-svetovnih-morij","status":"publish","type":"post","link":"https:\/\/www.greenpeace.org\/slovenia\/sporocilo-za-javnost\/52162\/slovenija-z-ratifikacijo-sporazuma-za-zascito-oceanov-naredila-pomemben-korak-pri-zasciti-svetovnih-morij\/","title":{"rendered":"Slovenija z ratifikacijo sporazuma za za\u0161\u010dito oceanov naredila pomemben korak pri za\u0161\u010diti svetovnih morij"},"content":{"rendered":"\n<p><strong><strong>Ljubljana, \u00a030. januar 2025 &#8211; Slovenija je s potrditvijo v Dr\u017eavnem zboru ratificirala Sporazum Zdru\u017eenih narodov za za\u0161\u010dito oceanov, klju\u010dni globalni pravni okvir za za\u0161\u010dito odprtega morja. S tem se pridru\u017euje dr\u017eavam, ki aktivno podpirajo njegovo \u010dimprej\u0161njo uveljavitev. Greenpeace Slovenija pozdravlja ta korak in poziva slovensko diplomacijo naj dejavno spodbuja druge dr\u017eave, da sledijo slovenskemu zgledu ter pospe\u0161ijo ratifikacijski proces. Sporazum bo namre\u010d za\u010del veljati \u0161ele, ko ga bo ratificiralo vsaj 60 dr\u017eav &#8211; do zdaj jih je to storilo le 15.<\/strong><\/strong><\/p>\n\n<figure class=\"wp-block-image size-full\"><img loading=\"lazy\" decoding=\"async\" width=\"800\" height=\"583\" src=\"https:\/\/www.greenpeace.org\/static\/planet4-slovenia-stateless\/2025\/01\/d859a138-gp01g27_web_size.jpg\" alt=\"\" class=\"wp-image-52163\" srcset=\"https:\/\/www.greenpeace.org\/static\/planet4-slovenia-stateless\/2025\/01\/d859a138-gp01g27_web_size.jpg 800w, https:\/\/www.greenpeace.org\/static\/planet4-slovenia-stateless\/2025\/01\/d859a138-gp01g27_web_size-300x219.jpg 300w, https:\/\/www.greenpeace.org\/static\/planet4-slovenia-stateless\/2025\/01\/d859a138-gp01g27_web_size-768x560.jpg 768w, https:\/\/www.greenpeace.org\/static\/planet4-slovenia-stateless\/2025\/01\/d859a138-gp01g27_web_size-467x340.jpg 467w\" sizes=\"auto, (max-width: 800px) 100vw, 800px\" \/><figcaption class=\"wp-element-caption\"> <strong>Spalancanijev cevkar<\/strong> (<em>lat.Sabella spallanzanii<\/em>)<br>\u00a9 Greenpeace \/ Gavin Newman<\/figcaption><\/figure>\n\n<p><strong>\u0160pela Bandelj Ruiz, vodja kampanje Greenpeace Slovenija za za\u0161\u010dito oceanov<\/strong>, je izjavila:<em>&#8220;Ratifikacija sporazuma je pomemben signal o zavezanosti Slovenije k za\u0161\u010diti morij in morskega \u017eivljenja. A da bo sporazum resni\u010dno u\u010dinkovit, morajo dr\u017eave zdaj ukrepati. Ne moremo si privo\u0161\u010diti, da se zgodovinska zmaga za oceane spremeni v zgodovinski poraz. Nujno je \u010dim prej vzpostaviti obse\u017ena morska zavarovana obmo\u010dja in prepre\u010diti \u0161kodljive industrijske dejavnosti na odprtem morju. To prilo\u017enost moramo izkoristiti tudi za to, da zaustavimo nove gro\u017enje oceanom, kot je globokomorsko rudarjenje, in zagotovimo njihovo resni\u010dno za\u0161\u010dito.&#8221;<\/em><\/p>\n\n<p>Sporazum Zdru\u017eenih narodov o biolo\u0161ki raznovrstnosti obmo\u010dij zunaj nacionalne jurisdikcije (BBNJ), znan tudi kot Sporazum za za\u0161\u010dito oceanov, je bil sprejet junija 2023 in omogo\u010da vzpostavitev morskih zavarovanih obmo\u010dij na odprtem morju, ki predstavlja kar dve tretjini vseh morij. Sporazum je klju\u010dno orodje dr\u017eav pri doseganju cilja, da bi do leta 2030 za\u0161\u010ditili vsaj 30&nbsp;% svetovnih morij.<strong> Trenutno ga je podpisalo \u017ee 106 dr\u017eav, a le pe\u0161\u010dica ga je do zdaj ratificirala.&nbsp;<\/strong><\/p>\n\n<figure class=\"wp-block-image size-full\"><img loading=\"lazy\" decoding=\"async\" width=\"800\" height=\"532\" src=\"https:\/\/www.greenpeace.org\/static\/planet4-slovenia-stateless\/2025\/01\/74597473-gp0pc9_web_size.jpg\" alt=\"\" class=\"wp-image-52164\" srcset=\"https:\/\/www.greenpeace.org\/static\/planet4-slovenia-stateless\/2025\/01\/74597473-gp0pc9_web_size.jpg 800w, https:\/\/www.greenpeace.org\/static\/planet4-slovenia-stateless\/2025\/01\/74597473-gp0pc9_web_size-300x200.jpg 300w, https:\/\/www.greenpeace.org\/static\/planet4-slovenia-stateless\/2025\/01\/74597473-gp0pc9_web_size-768x511.jpg 768w, https:\/\/www.greenpeace.org\/static\/planet4-slovenia-stateless\/2025\/01\/74597473-gp0pc9_web_size-510x340.jpg 510w\" sizes=\"auto, (max-width: 800px) 100vw, 800px\" \/><figcaption class=\"wp-element-caption\">Jata rib <strong>Almoco Jack<\/strong> na podmorskem grebenu na Azorih<br>\u00a9 Greenpeace<\/figcaption><\/figure>\n\n<p>Kot poro\u010da Greenpeace poro\u010dilo <a href=\"https:\/\/www.greenpeace.org\/static\/planet4-international-stateless\/2024\/10\/b53a2f62-from-commitment-to-action-achieving-the-30x30-target-through-the-global-ocean-treaty.pdf\"><em>Od zavez k dejanjem: doseganje cilja 30&#215;30 s Sporazumom o za\u0161\u010diti oceanov<\/em><\/a> iz oktobra 2024, bomo ob trenutnem tempu zastavljeni cilj za\u0161\u010dite 30 % oceanov do leta 2030 dosegli \u0161ele daljnega leta 2107.<\/p>\n\n<p>Kljub prizadevanjem za njihovo za\u0161\u010dito, oceani ostajajo pod ve\u010djim pritiskom kot kadarkoli prej \u2013 od podnebnih sprememb, prekomernega ribolova in onesna\u017eevanja. Trenutno je ustrezno za\u0161\u010diten le 1 % odprtega morja, medtem ko znanstveniki opozarjajo, da je za prepre\u010ditev nepovratnega uni\u010denja morskega \u017eivljenja in obalnih skupnosti nujna za\u0161\u010dita vsaj 30 % svetovnih oceanov do leta 2030. \u010cas za ukrepanje se izteka.<\/p>\n\n<p>Bandelj Ruiz dodaja: <em>\u201c<\/em><strong><em>Za kakr\u0161nokoli upanje za dosego t.i. 30&#215;30 cilja mora sporazum vstopiti v veljavo do Konference Zdru\u017eenih narodov o oceanih, ki bo junija 2025 potekala v Nici v Franciji.<\/em><\/strong><em> Dalj\u0161e odla\u0161anje dr\u017eav bo le \u0161e poglobilo krizo morskih ekosistemov.\u201d&nbsp;<\/em><\/p>\n\n<figure class=\"wp-block-image size-full\"><img loading=\"lazy\" decoding=\"async\" width=\"800\" height=\"533\" src=\"https:\/\/www.greenpeace.org\/static\/planet4-slovenia-stateless\/2025\/01\/eb47d39e-gp0stpmcd_web_size.jpg\" alt=\"\" class=\"wp-image-52165\" srcset=\"https:\/\/www.greenpeace.org\/static\/planet4-slovenia-stateless\/2025\/01\/eb47d39e-gp0stpmcd_web_size.jpg 800w, https:\/\/www.greenpeace.org\/static\/planet4-slovenia-stateless\/2025\/01\/eb47d39e-gp0stpmcd_web_size-300x200.jpg 300w, https:\/\/www.greenpeace.org\/static\/planet4-slovenia-stateless\/2025\/01\/eb47d39e-gp0stpmcd_web_size-768x512.jpg 768w, https:\/\/www.greenpeace.org\/static\/planet4-slovenia-stateless\/2025\/01\/eb47d39e-gp0stpmcd_web_size-510x340.jpg 510w\" sizes=\"auto, (max-width: 800px) 100vw, 800px\" \/><figcaption class=\"wp-element-caption\">Meduza najdena  v arkti\u010dnem morju<br>\u00a9 Greenpeace<\/figcaption><\/figure>\n\n<p>Ostali klju\u010dni poudarki poro\u010dila <a href=\"https:\/\/www.greenpeace.org\/static\/planet4-international-stateless\/2024\/10\/b53a2f62-from-commitment-to-action-achieving-the-30x30-target-through-the-global-ocean-treaty.pdf\"><em>Od zavez k dejanjem: doseganje cilja 30&#215;30 s Sporazumom o za\u0161\u010diti oceanov<\/em><\/a>:<\/p>\n\n<ul class=\"wp-block-list\">\n<li>V 32 letih od ustanovitve konvencije ZN o biolo\u0161ki raznovrstnosti na vrhu ZN o okolju v Riu je bilo za\u0161\u010ditenih le 8,4 % svetovnih oceanov v okviru morskih zavarovanih obmo\u010dij (<em>MPA- Marine Protected Areas<\/em>).<\/li>\n\n\n\n<li>Vendar je trenutno le 2,7 % svetovnih oceanov popolnoma ali mo\u010dno za\u0161\u010ditenih pred \u010dlove\u0161kimi aktivnostmi, dele\u017e popolnoma za\u0161\u010ditenih obmo\u010dij odprtega morja pa zna\u0161a le 0,9 %.<\/li>\n\n\n\n<li>Med 1. januarjem 2025 in 31. decembrom 2030 bi bilo treba vsak dan vzpostaviti pribli\u017eno 41,4 morskih zavarovanih obmo\u010dij v velikosti Singapurja, da bi dosegli cilj 30%\u00a0 zavarovanih obmo\u010dij v obmo\u010djih zunaj nacionalne jurisdikcije (ABNJ).<\/li>\n\n\n\n<li>Brez za\u0161\u010ditenih obmo\u010dij v odprtem morju bi bilo treba za\u0161\u010dititi 83 % nacionalnih voda za dosego cilja 30\u00d730.<\/li>\n\n\n\n<li>Zgolj koli\u010dina morskih zavarovanih obmo\u010dij \u0161e ne zagotavlja u\u010dinkovite za\u0161\u010dite. Zavarovana obmo\u010dja potrebujejo jasne upravljavske okvire, ki zagotavljajo sledenje okoljskim ciljem varovanja posameznega obmo\u010dja.\u00a0<\/li>\n<\/ul>\n\n<figure class=\"wp-block-image size-large\"><img loading=\"lazy\" decoding=\"async\" width=\"1024\" height=\"683\" src=\"https:\/\/www.greenpeace.org\/static\/planet4-slovenia-stateless\/2024\/07\/97bda6b8-greenpeace_hobotnica_oceani-sporazum-3-1024x683.jpg\" alt=\"\" class=\"wp-image-51214\" srcset=\"https:\/\/www.greenpeace.org\/static\/planet4-slovenia-stateless\/2024\/07\/97bda6b8-greenpeace_hobotnica_oceani-sporazum-3-1024x683.jpg 1024w, https:\/\/www.greenpeace.org\/static\/planet4-slovenia-stateless\/2024\/07\/97bda6b8-greenpeace_hobotnica_oceani-sporazum-3-300x200.jpg 300w, https:\/\/www.greenpeace.org\/static\/planet4-slovenia-stateless\/2024\/07\/97bda6b8-greenpeace_hobotnica_oceani-sporazum-3-768x512.jpg 768w, https:\/\/www.greenpeace.org\/static\/planet4-slovenia-stateless\/2024\/07\/97bda6b8-greenpeace_hobotnica_oceani-sporazum-3-1536x1024.jpg 1536w, https:\/\/www.greenpeace.org\/static\/planet4-slovenia-stateless\/2024\/07\/97bda6b8-greenpeace_hobotnica_oceani-sporazum-3-2048x1366.jpg 2048w, https:\/\/www.greenpeace.org\/static\/planet4-slovenia-stateless\/2024\/07\/97bda6b8-greenpeace_hobotnica_oceani-sporazum-3-510x340.jpg 510w\" sizes=\"auto, (max-width: 1024px) 100vw, 1024px\" \/><figcaption class=\"wp-element-caption\"><br>\u00a9 Greenpeace \/ Petra Gode\u0161a<\/figcaption><\/figure>\n\n<p><\/p>\n","protected":false},"excerpt":{"rendered":"<p>Ljubljana, \u00a030. januar 2025 &#8211; Slovenija je s potrditvijo v Dr\u017eavnem zboru ratificirala Sporazum Zdru\u017eenih narodov za za\u0161\u010dito oceanov, klju\u010dni globalni pravni okvir za za\u0161\u010dito odprtega morja. S tem se pridru\u017euje dr\u017eavam, ki aktivno podpirajo njegovo \u010dimprej\u0161njo uveljavitev. Greenpeace Slovenija pozdravlja ta korak in poziva slovensko diplomacijo naj dejavno spodbuja druge dr\u017eave, da sledijo slovenskemu zgledu ter pospe\u0161ijo ratifikacijski proces. Sporazum bo namre\u010d za\u010del veljati \u0161ele, ko ga bo ratificiralo vsaj 60 dr\u017eav &#8211; do zdaj jih je to storilo le 15.<\/p>\n","protected":false},"author":62,"featured_media":52166,"comment_status":"closed","ping_status":"open","sticky":false,"template":"","format":"standard","meta":{"ep_exclude_from_search":false,"p4_og_title":"","p4_og_description":"","p4_og_image":"","p4_og_image_id":"","p4_seo_canonical_url":"","p4_campaign_name":"","p4_local_project":"","p4_basket_name":"","p4_department":"","footnotes":""},"categories":[43],"tags":[28],"p4-page-type":[46],"class_list":["post-52162","post","type-post","status-publish","format-standard","has-post-thumbnail","hentry","category-narava","tag-oceani","p4-page-type-sporocilo-za-javnost"],"_links":{"self":[{"href":"https:\/\/www.greenpeace.org\/slovenia\/wp-json\/wp\/v2\/posts\/52162","targetHints":{"allow":["GET"]}}],"collection":[{"href":"https:\/\/www.greenpeace.org\/slovenia\/wp-json\/wp\/v2\/posts"}],"about":[{"href":"https:\/\/www.greenpeace.org\/slovenia\/wp-json\/wp\/v2\/types\/post"}],"author":[{"embeddable":true,"href":"https:\/\/www.greenpeace.org\/slovenia\/wp-json\/wp\/v2\/users\/62"}],"replies":[{"embeddable":true,"href":"https:\/\/www.greenpeace.org\/slovenia\/wp-json\/wp\/v2\/comments?post=52162"}],"version-history":[{"count":1,"href":"https:\/\/www.greenpeace.org\/slovenia\/wp-json\/wp\/v2\/posts\/52162\/revisions"}],"predecessor-version":[{"id":52167,"href":"https:\/\/www.greenpeace.org\/slovenia\/wp-json\/wp\/v2\/posts\/52162\/revisions\/52167"}],"wp:featuredmedia":[{"embeddable":true,"href":"https:\/\/www.greenpeace.org\/slovenia\/wp-json\/wp\/v2\/media\/52166"}],"wp:attachment":[{"href":"https:\/\/www.greenpeace.org\/slovenia\/wp-json\/wp\/v2\/media?parent=52162"}],"wp:term":[{"taxonomy":"category","embeddable":true,"href":"https:\/\/www.greenpeace.org\/slovenia\/wp-json\/wp\/v2\/categories?post=52162"},{"taxonomy":"post_tag","embeddable":true,"href":"https:\/\/www.greenpeace.org\/slovenia\/wp-json\/wp\/v2\/tags?post=52162"},{"taxonomy":"p4-page-type","embeddable":true,"href":"https:\/\/www.greenpeace.org\/slovenia\/wp-json\/wp\/v2\/p4-page-type?post=52162"}],"curies":[{"name":"wp","href":"https:\/\/api.w.org\/{rel}","templated":true}]}}