{"id":53075,"date":"2025-09-23T10:57:01","date_gmt":"2025-09-23T08:57:01","guid":{"rendered":"https:\/\/www.greenpeace.org\/slovenia\/?p=53075"},"modified":"2025-09-23T10:59:11","modified_gmt":"2025-09-23T08:59:11","slug":"zgodovinski-mejnik-sporazuma-za-zascito-oceanov","status":"publish","type":"post","link":"https:\/\/www.greenpeace.org\/slovenia\/sporocilo-za-javnost\/53075\/zgodovinski-mejnik-sporazuma-za-zascito-oceanov\/","title":{"rendered":"Zgodovinski mejnik Sporazuma za za\u0161\u010dito oceanov \u2013 naslednji nujni korak je vzpostavitev svetovnih morskih zavarovanih obmo\u010dij"},"content":{"rendered":"\n<p><strong>Ljubljana, 22. september 2025<\/strong> \u2013 Svetovni sporazum Zdru\u017eenih narodov za za\u0161\u010dito oceanov (BBNJ) je pretekli konec tedna dosegel zgodovinski mejnik: ratificiralo ga je 60 dr\u017eav, kar omogo\u010da, da bo sporazum stopil v veljavo 120 dni od tega mejnika.<br><\/p>\n\n<figure class=\"wp-block-image size-full\"><img loading=\"lazy\" decoding=\"async\" width=\"800\" height=\"533\" src=\"https:\/\/www.greenpeace.org\/static\/planet4-slovenia-stateless\/2025\/09\/8e38c0b1-gp1sz4rw_low-res-800px.jpg\" alt=\"\" class=\"wp-image-53076\" srcset=\"https:\/\/www.greenpeace.org\/static\/planet4-slovenia-stateless\/2025\/09\/8e38c0b1-gp1sz4rw_low-res-800px.jpg 800w, https:\/\/www.greenpeace.org\/static\/planet4-slovenia-stateless\/2025\/09\/8e38c0b1-gp1sz4rw_low-res-800px-300x200.jpg 300w, https:\/\/www.greenpeace.org\/static\/planet4-slovenia-stateless\/2025\/09\/8e38c0b1-gp1sz4rw_low-res-800px-768x512.jpg 768w, https:\/\/www.greenpeace.org\/static\/planet4-slovenia-stateless\/2025\/09\/8e38c0b1-gp1sz4rw_low-res-800px-510x340.jpg 510w\" sizes=\"auto, (max-width: 800px) 100vw, 800px\" \/><figcaption class=\"wp-element-caption\">Projekcija Za\u0161\u010ditimo oceane na Brooklynski most.<div class=\"credit icon-left\"> \u00a9 POW \/ Greenpeace<\/div><\/figcaption><\/figure>\n\n<p>Sporazum je klju\u010dno orodje za vzpostavitev morskih zavarovanih obmo\u010dij &#8211; trenutno je le <a href=\"https:\/\/mpatlas.org\/countries\/HS\/\">0,9 % odprtega morja v celoti ali visoko za\u0161\u010ditenega<\/a>. Kot razkriva nova analiza Greenpeace International, bi morale vlade za dosego cilja \u2013 za\u0161\u010dita 30 % oceanov do leta 2030 \u2013 v naslednjih petih letih vsako leto za\u0161\u010dititi ve\u010d kot 12 milijonov km\u00b2 morja, kar je ve\u010d kot zna\u0161a povr\u0161ina Kanade.<br><\/p>\n\n<p>Mads Christensen, izvr\u0161ni direktor Greenpeace International, je ob tem povedal:<\/p>\n\n<p><em>\u201cTo je prelomni trenutek za za\u0161\u010dito oceanov in dokaz, da se lahko dr\u017eave zdru\u017eijo za za\u0161\u010dito na\u0161ega modrega planeta. Doba izkori\u0161\u010danja in uni\u010devanja se mora kon\u010dati in sporazum za za\u0161\u010dito oceanov predstavlja orodje, da se to lahko zgodi. A \u010dasa zmanjkuje \u2013 znanstveniki jasno opozarjajo, da moramo do leta 2030 za\u0161\u010dititi vsaj 30 % oceanov. Vlade morajo zdaj za\u010deti priprave za vzpostavitev prvih obse\u017enih morskih zavarovanih obmo\u010dij.\u201d<\/em><\/p>\n\n<figure class=\"wp-block-image size-full\"><img loading=\"lazy\" decoding=\"async\" width=\"800\" height=\"599\" src=\"https:\/\/www.greenpeace.org\/static\/planet4-slovenia-stateless\/2025\/09\/4b717f03-gp0su0hha_low-res-800px.jpg\" alt=\"\" class=\"wp-image-53077\" srcset=\"https:\/\/www.greenpeace.org\/static\/planet4-slovenia-stateless\/2025\/09\/4b717f03-gp0su0hha_low-res-800px.jpg 800w, https:\/\/www.greenpeace.org\/static\/planet4-slovenia-stateless\/2025\/09\/4b717f03-gp0su0hha_low-res-800px-300x225.jpg 300w, https:\/\/www.greenpeace.org\/static\/planet4-slovenia-stateless\/2025\/09\/4b717f03-gp0su0hha_low-res-800px-768x575.jpg 768w, https:\/\/www.greenpeace.org\/static\/planet4-slovenia-stateless\/2025\/09\/4b717f03-gp0su0hha_low-res-800px-454x340.jpg 454w\" sizes=\"auto, (max-width: 800px) 100vw, 800px\" \/><figcaption class=\"wp-element-caption\">Kiti Short finned pilot v Sarga\u0161kem morju.<div class=\"credit icon-left\"> \u00a9 Tavish Campbell \/ Greenpeace<\/div><\/figcaption><\/figure>\n\n<p>Greenpeace opozarja vlade na nujne korake:<br><\/p>\n\n<ul class=\"wp-block-list\">\n<li>v naslednjih mesecih pred prvo konferenco o oceanih dr\u017eav pogodbenic (Ocean COP) morajo vlade za\u010deti priprave za vzpostavitev novih morskih zavarovanih obmo\u010dij na odprtem morju, ki bodo v celoti za\u0161\u010diteni pred izkori\u0161\u010devalskimi in uni\u010dujo\u010dimi dejavnostmi. To je \u0161e posebej pomembno, saj \u0161tevilna obstoje\u010da morska zavarovana obmo\u010dja v praksi pogosto ne zagotavljajo u\u010dinkovite za\u0161\u010dite, ampak so za\u0161\u010ditene le na papirju. Vlade morajo tako pripraviti jasne na\u010drte in strategije za u\u010dinkovito izvajanje za\u0161\u010dite, dolo\u010diti mehanizme nadzora in zagotoviti, da bodo rezervati dejansko varovali ekosisteme in biotsko raznovrstnost oceanov;<\/li>\n\n\n\n<li>Vlade morajo zagotoviti, da bo sporazum omogo\u010dil hitro izvajanje za\u0161\u010ditnih ukrepov, ne pa da bo obstal v po\u010dasnih postopkih ali pod okriljem organizacij, ki so desetletja dopu\u0161\u010dale iz\u010drpavanje oceanov;<\/li>\n\n\n\n<li>ustanovitev morskih zavarovanih obmo\u010dij mora temeljiti na znanstvenih dokazih in vklju\u010devati tudi znanje ter sodelovanje staroselskih in lokalnih skupnosti, da bo proces pravi\u010den in dru\u017ebeno odgovoren.<\/li>\n<\/ul>\n\n<figure class=\"wp-block-image size-full\"><img loading=\"lazy\" decoding=\"async\" width=\"800\" height=\"600\" src=\"https:\/\/www.greenpeace.org\/static\/planet4-slovenia-stateless\/2025\/09\/5629cecf-gp0stvitc_low-res-800px.jpg\" alt=\"\" class=\"wp-image-53078\" srcset=\"https:\/\/www.greenpeace.org\/static\/planet4-slovenia-stateless\/2025\/09\/5629cecf-gp0stvitc_low-res-800px.jpg 800w, https:\/\/www.greenpeace.org\/static\/planet4-slovenia-stateless\/2025\/09\/5629cecf-gp0stvitc_low-res-800px-300x225.jpg 300w, https:\/\/www.greenpeace.org\/static\/planet4-slovenia-stateless\/2025\/09\/5629cecf-gp0stvitc_low-res-800px-768x576.jpg 768w, https:\/\/www.greenpeace.org\/static\/planet4-slovenia-stateless\/2025\/09\/5629cecf-gp0stvitc_low-res-800px-453x340.jpg 453w\" sizes=\"auto, (max-width: 800px) 100vw, 800px\" \/><figcaption class=\"wp-element-caption\">Aktivisti Greenpeace ZDA na ikoni\u010dni muzej Guggenheim projicirajo sporo\u010dilo z naslovom <br>\u201cStrong Global Ocean Treaty Now!\u201d<div class=\"credit icon-left\"> \u00a9 Greenpeace<\/div><\/figcaption><\/figure>\n\n<p>Greenpeace in milijoni podpornikov po svetu dr\u017eave pozivajo, naj poka\u017eejo enako ambicijo kot pri Svetovnem sporazumu za za\u0161\u010dito oceanov tudi pri prepre\u010ditvi nove industrije, ki ogro\u017ea oceane \u2013 globokomorsko rudarjenje \u2013 in sprejmejo svetovni moratorij na to industrijo, ki bi povzro\u010dila nepopravljivo \u0161kodo oceanom.<br><\/p>\n\n<p>Slovenija je sporazum o za\u0161\u010diti oceanov ratificirala \u017ee januarja letos in tako prispevala k temu zgodovinskemu mejniku. Prav tako je junija podprla moratorij na globokomorsko rudarjenje. Greenpeace Slovenija zato poziva slovensko vlado, naj aktivno vlogo poka\u017ee tudi pri pripravi prvih morskih zavarovanih obmo\u010dij na prihajajo\u010di konferenci Ocean COP in tako nadaljuje z vodilno vlogo pri za\u0161\u010diti oceanov.<\/p>\n","protected":false},"excerpt":{"rendered":"<p>Ljubljana, 22. september 2025 \u2013 Svetovni sporazum Zdru\u017eenih narodov za za\u0161\u010dito oceanov (BBNJ) je dosegel zgodovinski mejnik &#8230;<\/p>\n","protected":false},"author":63,"featured_media":53076,"comment_status":"closed","ping_status":"open","sticky":false,"template":"","format":"standard","meta":{"ep_exclude_from_search":false,"p4_og_title":"","p4_og_description":"","p4_og_image":"","p4_og_image_id":"","p4_seo_canonical_url":"","p4_campaign_name":"","p4_local_project":"","p4_basket_name":"","p4_department":"","footnotes":""},"categories":[43],"tags":[28],"p4-page-type":[46],"class_list":["post-53075","post","type-post","status-publish","format-standard","has-post-thumbnail","hentry","category-narava","tag-oceani","p4-page-type-sporocilo-za-javnost"],"_links":{"self":[{"href":"https:\/\/www.greenpeace.org\/slovenia\/wp-json\/wp\/v2\/posts\/53075","targetHints":{"allow":["GET"]}}],"collection":[{"href":"https:\/\/www.greenpeace.org\/slovenia\/wp-json\/wp\/v2\/posts"}],"about":[{"href":"https:\/\/www.greenpeace.org\/slovenia\/wp-json\/wp\/v2\/types\/post"}],"author":[{"embeddable":true,"href":"https:\/\/www.greenpeace.org\/slovenia\/wp-json\/wp\/v2\/users\/63"}],"replies":[{"embeddable":true,"href":"https:\/\/www.greenpeace.org\/slovenia\/wp-json\/wp\/v2\/comments?post=53075"}],"version-history":[{"count":1,"href":"https:\/\/www.greenpeace.org\/slovenia\/wp-json\/wp\/v2\/posts\/53075\/revisions"}],"predecessor-version":[{"id":53079,"href":"https:\/\/www.greenpeace.org\/slovenia\/wp-json\/wp\/v2\/posts\/53075\/revisions\/53079"}],"wp:featuredmedia":[{"embeddable":true,"href":"https:\/\/www.greenpeace.org\/slovenia\/wp-json\/wp\/v2\/media\/53076"}],"wp:attachment":[{"href":"https:\/\/www.greenpeace.org\/slovenia\/wp-json\/wp\/v2\/media?parent=53075"}],"wp:term":[{"taxonomy":"category","embeddable":true,"href":"https:\/\/www.greenpeace.org\/slovenia\/wp-json\/wp\/v2\/categories?post=53075"},{"taxonomy":"post_tag","embeddable":true,"href":"https:\/\/www.greenpeace.org\/slovenia\/wp-json\/wp\/v2\/tags?post=53075"},{"taxonomy":"p4-page-type","embeddable":true,"href":"https:\/\/www.greenpeace.org\/slovenia\/wp-json\/wp\/v2\/p4-page-type?post=53075"}],"curies":[{"name":"wp","href":"https:\/\/api.w.org\/{rel}","templated":true}]}}