{"id":704,"date":"2015-03-23T15:11:00","date_gmt":"2015-03-23T15:11:00","guid":{"rendered":"https:\/\/master.k8s.p4.greenpeace.org\/slovenia\/blog\/704\/sadnja-dreves-ob-mednarodnem-dnevu-gozdov\/"},"modified":"2023-06-01T16:19:27","modified_gmt":"2023-06-01T16:19:27","slug":"sadnja-dreves-ob-mednarodnem-dnevu-gozdov","status":"publish","type":"post","link":"https:\/\/www.greenpeace.org\/slovenia\/blog\/704\/sadnja-dreves-ob-mednarodnem-dnevu-gozdov\/","title":{"rendered":"Sadnja dreves ob mednarodnem dnevu gozdov"},"content":{"rendered":"<div class=\"post-content\">\n<div>\n<p>V soboto, 21. marca 2015, na mednarodni dan gozdov, smo se z zelenimi mirovniki odpravili na Klanec pri\u00a0Komendi, natan\u010dneje v gozd pri planinskem domu Komenda, eno izmed \u0161estih lokacij, kjer sta\u00a0v okviru projekta za sanacijo na\u0161ih gozdov Zveza tabornikov ter Zavod za gozdove, organizirala\u00a0sadnjo mladih dreves.<\/p>\n<p>Opremljeni s krampi, rovnicami, motikami in obilo delovne vneme smo se razdelili v skupine,\u00a0zavihali rokave ter po navodilih pristojnega gozdarja, g. Jo\u017eeta, skupaj s taborniki v slabih treh urah\u00a0posadili 1200 sadik smreke, bukve in hrasta.<\/p>\n<p><img decoding=\"async\" src=\"https:\/\/www.greenpeace.org\/static\/planet4-slovenia-stateless\/2019\/03\/7a56c3f0-7a56c3f0-111246_182576.jpg\" alt=\"Mednarodni dan gozdov\"><\/p>\n<p>Vreme nam je bilo naklonjeno &#8211; son\u010dno in toplo, kot se za prvi pomladni dan spodobi, tako da je bilo\u00a0delo prav prijetno. Zdru\u017eeno prijetno s koristnim, bi lahko rekli, saj nam je ob krasni dru\u017ebi, smehu\u00a0in dobrodejnemu vplivu narave dopoldne minilo kot bi mignil.<\/p>\n<p>Osebno mi je bilo najbolj v\u0161e\u010d zakopavanje sadik z golimi rokami, ob\u010dutek zemlje med prsti, \u010dar,\u00a0ki ga vrtnarji dobro poznajo. Res malokatera stvar je tako zdravilna in pomirjujo\u010da, kot ta enostaven\u00a0stik z zemljo in naravo. Nenazadnje pa tudi ponos ter zadovoljstvo ob prvem ter vsakem naslednjem\u00a0posajenem drevesu, kar je tudi svojevrstna izku\u0161nja.<\/p>\n<p>Po uspe\u0161no opravljenem delu smo se \u0161e malo poson\u010dili in pojedli slastno in zdravo malico, za\u00a0katero so poskrbeli na\u0161i organizatorji, nato pa se zadovoljni in prijetno utrujeni odpravili nazaj proti\u00a0domu.<\/p>\n<p>Sama sem se akciji pridru\u017eila, ker me vsaki\u010d znova u\u017ealosti pogled na uni\u010deno naravo, najsi bo\u00a0posledica naravnih sil ali \u010dlove\u0161ke roke. Ve\u010d kot 50 % po\u0161kodovanih gozdov je resni\u010dno visoka\u00a0\u0161tevilka, saj so s tem prizadete splo\u0161no koristne funkcije gozdov, ki se nas \u0161e kako ti\u010dejo. Od\u00a080 do 100 let bo potrebnih, da danes posajena drevesa dose\u017eejo kon\u010dno vi\u0161ino, vendar pregovor pravi: \u00bbNajbolj\u0161i \u010das za sadnjo drevesa je bil pred dvajsetimi leti, drugi najbolj\u0161i je zdaj.\u00ab<\/p>\n<p>Kar je resni\u010dno pomembno, so na\u0161a dejanja in zavedanje, da kljub vsemu nismo nemo\u010dni.<\/p>\n<p><img decoding=\"async\" src=\"https:\/\/www.greenpeace.org\/static\/planet4-slovenia-stateless\/2019\/03\/789c7f32-789c7f32-111244_182573.jpg\" alt=\"Skupinska slika\"><\/p>\n<p><strong>Tadeja Poga\u010dnik, udele\u017eenka dogodka<\/strong><\/p>\n<\/div>\n<\/div>\n","protected":false},"excerpt":{"rendered":"<p>V soboto, 21. marca 2015, na mednarodni dan gozdov, smo se z zelenimi mirovniki odpravili na Klanec pri\u00a0Komendi, natan\u010dneje v gozd pri planinskem domu Komenda, eno izmed \u0161estih lokacij, kjer sta\u00a0v okviru projekta za sanacijo na\u0161ih gozdov Zveza tabornikov ter Zavod za gozdove, organizirala\u00a0sadnjo mladih dreves.<\/p>\n","protected":false},"author":64,"featured_media":705,"comment_status":"closed","ping_status":"closed","sticky":false,"template":"","format":"standard","meta":{"ep_exclude_from_search":false,"p4_og_title":"","p4_og_description":"","p4_og_image":"","p4_og_image_id":"","p4_seo_canonical_url":"","p4_campaign_name":"","p4_local_project":"","p4_basket_name":"","p4_department":"","footnotes":""},"categories":[43],"tags":[25,26],"p4-page-type":[24],"class_list":["post-704","post","type-post","status-publish","format-standard","has-post-thumbnail","hentry","category-narava","tag-gozdovi","tag-aktivizem","p4-page-type-blog"],"_links":{"self":[{"href":"https:\/\/www.greenpeace.org\/slovenia\/wp-json\/wp\/v2\/posts\/704","targetHints":{"allow":["GET"]}}],"collection":[{"href":"https:\/\/www.greenpeace.org\/slovenia\/wp-json\/wp\/v2\/posts"}],"about":[{"href":"https:\/\/www.greenpeace.org\/slovenia\/wp-json\/wp\/v2\/types\/post"}],"author":[{"embeddable":true,"href":"https:\/\/www.greenpeace.org\/slovenia\/wp-json\/wp\/v2\/users\/64"}],"replies":[{"embeddable":true,"href":"https:\/\/www.greenpeace.org\/slovenia\/wp-json\/wp\/v2\/comments?post=704"}],"version-history":[{"count":1,"href":"https:\/\/www.greenpeace.org\/slovenia\/wp-json\/wp\/v2\/posts\/704\/revisions"}],"predecessor-version":[{"id":707,"href":"https:\/\/www.greenpeace.org\/slovenia\/wp-json\/wp\/v2\/posts\/704\/revisions\/707"}],"wp:featuredmedia":[{"embeddable":true,"href":"https:\/\/www.greenpeace.org\/slovenia\/wp-json\/wp\/v2\/media\/705"}],"wp:attachment":[{"href":"https:\/\/www.greenpeace.org\/slovenia\/wp-json\/wp\/v2\/media?parent=704"}],"wp:term":[{"taxonomy":"category","embeddable":true,"href":"https:\/\/www.greenpeace.org\/slovenia\/wp-json\/wp\/v2\/categories?post=704"},{"taxonomy":"post_tag","embeddable":true,"href":"https:\/\/www.greenpeace.org\/slovenia\/wp-json\/wp\/v2\/tags?post=704"},{"taxonomy":"p4-page-type","embeddable":true,"href":"https:\/\/www.greenpeace.org\/slovenia\/wp-json\/wp\/v2\/p4-page-type?post=704"}],"curies":[{"name":"wp","href":"https:\/\/api.w.org\/{rel}","templated":true}]}}