{"id":727,"date":"2018-01-25T11:44:00","date_gmt":"2018-01-25T11:44:00","guid":{"rendered":"https:\/\/master.k8s.p4.greenpeace.org\/slovenia\/blog\/727\/potopitev-na-dno-antarkticnega-oceana-je-izpolnitev-sanj-vsakega-znanstvenika\/"},"modified":"2023-06-01T16:18:01","modified_gmt":"2023-06-01T16:18:01","slug":"potopitev-na-dno-antarkticnega-oceana-je-izpolnitev-sanj-vsakega-znanstvenika","status":"publish","type":"post","link":"https:\/\/www.greenpeace.org\/slovenia\/blog\/727\/potopitev-na-dno-antarkticnega-oceana-je-izpolnitev-sanj-vsakega-znanstvenika\/","title":{"rendered":"Potopitev na dno Antarkti\u010dnega oceana je izpolnitev sanj vsakega znanstvenika"},"content":{"rendered":"<div class=\"post-content\">\n<div>\n<p>Ve\u010dina ljudi bi bila presene\u010dena, ko bi izvedela, koliko vrst hladnovodnih koral in izjemnih spu\u017eev lahko najdemo na dnu Antarkti\u010dnega oceana. Celo jaz, znanstvenica, ki je identificirala tri \u010detrtine vseh popisanih skupnosti na morskem dnu, za katere \u017eelimo dose\u010di posebno za\u0161\u010dito na Antarktiki, jih nisem videla \u0161e nikoli prej!<\/p>\n<p>Torej, nikoli jih \u0161e nisem videla v njihovem naravnem okolju. Do zdaj.<\/p>\n<p><img decoding=\"async\" title=\"Priprava na potopitev s podmornico, 19. januar 2018\" src=\"https:\/\/www.greenpeace.org\/static\/planet4-slovenia-stateless\/2019\/03\/27183f9e-27183f9e-141032_254637.jpg\" alt=\"Priprava podmornice\"><\/p>\n<p>Morsko dno tega resni\u010dno posebnega kraja nudi dom koralam in drugim \u017eivalim, ki ustvarjajo 3D strukture in nudijo zavetje ribam ter \u017eivljenjski prostor \u0161tevilnim drugim organizmom. Predstavljajo nepogre\u0161ljiv element v kompleksnem ekosistemu, ki hrani Antarkti\u010dni ocean in vse druge ve\u010dje in bolj poznane vrste v njem, kot so npr. pingvini, tjulnji in kiti.<\/p>\n<p><img decoding=\"async\" title=\"Slika morskega dna pod Antarktiko, posneta iz podmornice, 23. januar 2018\" src=\"https:\/\/www.greenpeace.org\/static\/planet4-slovenia-stateless\/2019\/03\/ed2ed3a7-ed2ed3a7-141033_254639.jpg\" alt=\"Slika koral pod Antarktiko\"><\/p>\n<p>\u00a0<\/p>\n<p>Razlog za moje sedanje navdu\u0161enje, ki je ve\u010dje kot kadarkoli v zadnjih 25-ih letih odkar sem biologinja, ki preu\u010duje Antarktiko, je, da grem tokrat lahko sama na morsko dno! Za to odpravo sem opravila ogromno raziskav o globini tega edinstvenega oceana in sedaj lahko neposredno vidim to, kar sem preu\u010devala mnogo let.<\/p>\n<p>Obi\u010dajno je tak\u0161no znanstveno raziskovanje te\u017eko delo; pregledati mora\u0161 ogromne koli\u010dine stranskega ulova, ujetega v vle\u010dne mre\u017ee in nato vse pridobljeno razdeliti v taksonomske skupine za nadaljnjo analizo, kar vzame zelo veliko \u010dasa. Ampak ta na\u010din dela veliko materiala uni\u010di, kar me je vedno motilo. Ampak tukaj smo, ne\u017eno drsimo skozi vodo v podmornici za dve osebi, fotografiramo dokaze in zbiramo nove primerke, ki so morda celo nova vrsta.\u00a0<\/p>\n<p><img decoding=\"async\" title=\"Gremo dol!\" src=\"https:\/\/www.greenpeace.org\/static\/planet4-slovenia-stateless\/2019\/03\/0de98dbc-0de98dbc-141035_254643.jpg\" alt=\"Potapljanje v podmornici\"><\/p>\n<p>Z \u017eivljenjem morskih nevreten\u010darjev na podro\u010dju Antarktike sem postala precej obsedena \u017ee v mladih letih. Od takrat naprej sem pri\u0161la v stik ali pa sem preu\u010devala nekaj resni\u010dno izjemnih skupnosti morskega dna na Antarktiki in sedaj se podajam tja, da najdem dodatna obmo\u010dja, ki potrebujejo posebno za\u0161\u010dito.<\/p>\n<p>Na\u0161e raziskovanje morskega dna je izjemnega pomena, saj bomo tako lahko dolo\u010dili specifi\u010dna obmo\u010dja, ki bi morala imeti prioriteto pri za\u0161\u010diti pred vedno bolj raz\u0161irjenim komercialnim ribi\u0161kim ladjevjem, ki ogro\u017ea dobrobit enega izmed zadnjih nepo\u0161kodovanih morskih ekosistemov na svetu; ocean, ki povezuje vse oceane.<\/p>\n<p>Vse morebitne dokaze o obstoju kakr\u0161nega koli &#8216;ranljivega morskega ekosistema&#8217;, ki jih bomo na\u0161li na tej odpravi, bomo predlo\u017eili Komisiji za Antarkti\u010dni ocean. Upamo, da bo popis teh ekosistemov podprl in okrepil na\u0161o predlo\u017eitev predloga za potencialno najve\u010dje morsko za\u0161\u010ditno obmo\u010dje na svetu.\u00a0<\/p>\n<p><img decoding=\"async\" title=\"Antarkti\u010dna morska lilija, ki smo jo na\u0161li pribli\u017eno 300 m globoko pri Kinnes Cove na obmo\u010dju Antarctic Sound, 23. januar 2018\" src=\"https:\/\/www.greenpeace.org\/static\/planet4-slovenia-stateless\/2019\/03\/6e4d44db-6e4d44db-141034_254641.jpg\" alt=\"Antarkti\u010dna morska lilija, ki smo jo na\u0161li pribli\u017eno 300 m globoko pri Kinnes Cove na obmo\u010dju Antarctic Sound, 23. januar 2018\"><\/p>\n<p>Rada bi videla, kako se bodo te predloge za za\u0161\u010diteno morsko obmo\u010dje razvile in dozorele ter bile sprejete s strani Komisije za Antarkti\u010dni ocean. Pri teh prizadevanjih so moji ter Greenpeaceovi cilji usklajeni in ob\u010dutim velik privilegij, da lahko z njimi sodelujem pri tem projektu.<\/p>\n<p>Upam, da bodo moje sanje znanstvenika, ki se pravkar uresni\u010dujejo \u2013 da grem lahko na dno Antarkti\u010dnega oceana \u2013 pomagale uresni\u010diti \u0161e ve\u010dje sanje: da vidim to obmo\u010dje za\u0161\u010diteno!<\/p>\n<p>\u00a0<\/p>\n<p>\u00a0<\/p>\n<p>Dr. Susanne Lockhart je biologinja, ki preu\u010duje Antarktiko in prihaja iz California Academy of Sciences, trenutno pa je na Greenpeaceovi ladji Arctic Sunrise v Antarkti\u010dnem oceanu.<\/p>\n<\/div>\n<\/div>\n","protected":false},"excerpt":{"rendered":"<p>Ve\u010dina ljudi bi bila presene\u010dena, ko bi izvedela, koliko vrst hladnovodnih koral in izjemnih spu\u017eev lahko najdemo na dnu Antarkti\u010dnega oceana. Celo jaz, znanstvenica, ki je identificirala tri \u010detrtine vseh popisanih skupnosti na morskem dnu, za katere \u017eelimo dose\u010di posebno za\u0161\u010dito na Antarktiki, jih nisem videla \u0161e nikoli prej!<\/p>\n","protected":false},"author":64,"featured_media":728,"comment_status":"closed","ping_status":"closed","sticky":false,"template":"","format":"standard","meta":{"ep_exclude_from_search":false,"p4_og_title":"","p4_og_description":"","p4_og_image":"","p4_og_image_id":"","p4_seo_canonical_url":"","p4_campaign_name":"","p4_local_project":"","p4_basket_name":"","p4_department":"","footnotes":""},"categories":[43],"tags":[28],"p4-page-type":[24],"class_list":["post-727","post","type-post","status-publish","format-standard","has-post-thumbnail","hentry","category-narava","tag-oceani","p4-page-type-blog"],"_links":{"self":[{"href":"https:\/\/www.greenpeace.org\/slovenia\/wp-json\/wp\/v2\/posts\/727","targetHints":{"allow":["GET"]}}],"collection":[{"href":"https:\/\/www.greenpeace.org\/slovenia\/wp-json\/wp\/v2\/posts"}],"about":[{"href":"https:\/\/www.greenpeace.org\/slovenia\/wp-json\/wp\/v2\/types\/post"}],"author":[{"embeddable":true,"href":"https:\/\/www.greenpeace.org\/slovenia\/wp-json\/wp\/v2\/users\/64"}],"replies":[{"embeddable":true,"href":"https:\/\/www.greenpeace.org\/slovenia\/wp-json\/wp\/v2\/comments?post=727"}],"version-history":[{"count":1,"href":"https:\/\/www.greenpeace.org\/slovenia\/wp-json\/wp\/v2\/posts\/727\/revisions"}],"predecessor-version":[{"id":732,"href":"https:\/\/www.greenpeace.org\/slovenia\/wp-json\/wp\/v2\/posts\/727\/revisions\/732"}],"wp:featuredmedia":[{"embeddable":true,"href":"https:\/\/www.greenpeace.org\/slovenia\/wp-json\/wp\/v2\/media\/728"}],"wp:attachment":[{"href":"https:\/\/www.greenpeace.org\/slovenia\/wp-json\/wp\/v2\/media?parent=727"}],"wp:term":[{"taxonomy":"category","embeddable":true,"href":"https:\/\/www.greenpeace.org\/slovenia\/wp-json\/wp\/v2\/categories?post=727"},{"taxonomy":"post_tag","embeddable":true,"href":"https:\/\/www.greenpeace.org\/slovenia\/wp-json\/wp\/v2\/tags?post=727"},{"taxonomy":"p4-page-type","embeddable":true,"href":"https:\/\/www.greenpeace.org\/slovenia\/wp-json\/wp\/v2\/p4-page-type?post=727"}],"curies":[{"name":"wp","href":"https:\/\/api.w.org\/{rel}","templated":true}]}}