{"id":756,"date":"2015-07-06T21:37:00","date_gmt":"2015-07-06T21:37:00","guid":{"rendered":"https:\/\/master.k8s.p4.greenpeace.org\/slovenia\/blog\/756\/art-kamp-2015\/"},"modified":"2023-06-01T16:19:11","modified_gmt":"2023-06-01T16:19:11","slug":"art-kamp-2015","status":"publish","type":"post","link":"https:\/\/www.greenpeace.org\/slovenia\/blog\/756\/art-kamp-2015\/","title":{"rendered":"Art Kamp 2015"},"content":{"rendered":"<div class=\"post-content\">\n<div>\n<p>Poletje se v Mariboru za\u010denja z Lentom, to je znano. Ponavadi sicer ves \u010das Lenta de\u017euje in <br \/>vsi hodimo naokrog v puhovkah, ampak letos je poletje \u017ee od za\u010detka tako, kot mora biti. Son\u010dno in vro\u010de. Tudi v petek in soboto, ko smo organizacijo predstavljali na Art kampu v mariborskem parku, je bilo tako. Pasja vro\u010dina pa ni motila ne nas ne \u0161tevilnih obiskovalcev.<\/p>\n<p><img loading=\"lazy\" decoding=\"async\" title=\"Na\u0161i obiskovalci\" src=\"https:\/\/www.greenpeace.org\/static\/planet4-slovenia-stateless\/2019\/03\/2db3fa3e-2db3fa3e-114815_190559.jpg\" alt=\"Foto: Jure Kralj\" width=\"319\" height=\"478\"><\/p>\n<p>Najve\u010d je bilo otrok, ki so se z nami igrali igro &#8220;eko&#8221; spomin, barvali pobarvanke in risali risbice z ekolo\u0161ko tematiko. Z osve\u0161\u010danjem je pa\u010d treba za\u010deti pri najmlaj\u0161ih. In sode\u010d po<br \/>njihovem zanimanju se vsaj v Mariboru za bodo\u010de mavri\u010dne bojevnice in bojevnike ni treba bati. Najbolj zagreta mala okoljevarstvenica si je na\u0161o nalepko \u017ee v parku nalepila kar na majico.<\/p>\n<p>Seveda smo nagovarjali tudi odrasle. Seznanjali smo jih z aktivnostmi Greenpeacea, <br \/>predvsem z na\u0161o aktualno kampanjo S.O.S. za Jadran, s katero nasprotujemo na\u010drtom hrva\u0161ke vlade za \u010drpanje nafte na Jadranu. Da bi dosegli tudi tiste, ki niso za\u0161li v Mestni park, sva se s prostovoljko Tino sprehodili po centru Maribora, kjer je v soboto dopoldne potekal tudi folklorni festival in je bilo zbranih veliko ljudi. Malce smo bili sicer (neprijetno) presene\u010deni, ko smo ugotovili, da kar veliko ljudi, ki smo jih nagovorili, kampanje ni poznalo. A ko smo jim jo predstavili, so se vsi strinjali, da je\u00a0treba take na\u010drte prepre\u010diti in Jadran ohraniti tudi na\u0161im zanamcem. Marsikdo je prispeval svoj podpis pod na\u0161o kampanjo.<\/p>\n<p><img decoding=\"async\" title=\"Podpisi\" src=\"https:\/\/www.greenpeace.org\/static\/planet4-slovenia-stateless\/2019\/03\/4c6da9b3-4c6da9b3-114816_190561.jpg\" alt=\"Foto: Jure Kralj\"><\/p>\n<p>Kar nekaj ljudi nas je tudi povpra\u0161alo, kje bi se dalo dobiti nadvse opazne zelene majice, ki <br \/>smo jih nosili prostovoljci, pa smo jim povedali, da se nam morajo pridru\u017eiti, \u010de jih \u017eelijo oble\u010di tudi oni. In sode\u010d po zanimanju bo na naslednjem sestanku za nove prostovoljce Greenpeaca v Mariboru kar gne\u010da. Kar je seveda super; ve\u010d kot nas bo, la\u017eje bomo skupaj skrbeli za na\u0161 planet.<\/p>\n<p><img decoding=\"async\" title=\"Na\u0161i neprecenljivi prostovoljci\" src=\"https:\/\/www.greenpeace.org\/static\/planet4-slovenia-stateless\/2019\/03\/8673c6df-8673c6df-114817_190563.jpg\" alt=\"Foto: Jure Kralj\"><\/p>\n<p><strong>Zvezdana Ber\u010dko, prostovoljka<\/strong><\/p>\n<\/div>\n<\/div>\n","protected":false},"excerpt":{"rendered":"<p>Poletje se v Mariboru za\u010denja z Lentom, to je znano. Ponavadi sicer ves \u010das Lenta de\u017euje in vsi hodimo naokrog v puhovkah, ampak letos je poletje \u017ee od za\u010detka tako, kot mora biti. Son\u010dno in vro\u010de. Tudi v petek in soboto, ko smo organizacijo predstavljali na Art kampu v mariborskem parku, je bilo tako. Pasja vro\u010dina pa ni motila ne nas ne \u0161tevilnih obiskovalcev.<\/p>\n","protected":false},"author":64,"featured_media":757,"comment_status":"closed","ping_status":"closed","sticky":false,"template":"","format":"standard","meta":{"ep_exclude_from_search":false,"p4_og_title":"","p4_og_description":"","p4_og_image":"","p4_og_image_id":"","p4_seo_canonical_url":"","p4_campaign_name":"","p4_local_project":"","p4_basket_name":"","p4_department":"","footnotes":""},"categories":[44],"tags":[26],"p4-page-type":[24],"class_list":["post-756","post","type-post","status-publish","format-standard","has-post-thumbnail","hentry","category-o-nas","tag-aktivizem","p4-page-type-blog"],"_links":{"self":[{"href":"https:\/\/www.greenpeace.org\/slovenia\/wp-json\/wp\/v2\/posts\/756","targetHints":{"allow":["GET"]}}],"collection":[{"href":"https:\/\/www.greenpeace.org\/slovenia\/wp-json\/wp\/v2\/posts"}],"about":[{"href":"https:\/\/www.greenpeace.org\/slovenia\/wp-json\/wp\/v2\/types\/post"}],"author":[{"embeddable":true,"href":"https:\/\/www.greenpeace.org\/slovenia\/wp-json\/wp\/v2\/users\/64"}],"replies":[{"embeddable":true,"href":"https:\/\/www.greenpeace.org\/slovenia\/wp-json\/wp\/v2\/comments?post=756"}],"version-history":[{"count":1,"href":"https:\/\/www.greenpeace.org\/slovenia\/wp-json\/wp\/v2\/posts\/756\/revisions"}],"predecessor-version":[{"id":760,"href":"https:\/\/www.greenpeace.org\/slovenia\/wp-json\/wp\/v2\/posts\/756\/revisions\/760"}],"wp:featuredmedia":[{"embeddable":true,"href":"https:\/\/www.greenpeace.org\/slovenia\/wp-json\/wp\/v2\/media\/757"}],"wp:attachment":[{"href":"https:\/\/www.greenpeace.org\/slovenia\/wp-json\/wp\/v2\/media?parent=756"}],"wp:term":[{"taxonomy":"category","embeddable":true,"href":"https:\/\/www.greenpeace.org\/slovenia\/wp-json\/wp\/v2\/categories?post=756"},{"taxonomy":"post_tag","embeddable":true,"href":"https:\/\/www.greenpeace.org\/slovenia\/wp-json\/wp\/v2\/tags?post=756"},{"taxonomy":"p4-page-type","embeddable":true,"href":"https:\/\/www.greenpeace.org\/slovenia\/wp-json\/wp\/v2\/p4-page-type?post=756"}],"curies":[{"name":"wp","href":"https:\/\/api.w.org\/{rel}","templated":true}]}}