{"id":778,"date":"2014-12-01T10:00:00","date_gmt":"2014-12-01T10:00:00","guid":{"rendered":"https:\/\/master.k8s.p4.greenpeace.org\/slovenia\/blog\/778\/print-green-slv-tiskaj-zeleno\/"},"modified":"2023-06-01T16:19:31","modified_gmt":"2023-06-01T16:19:31","slug":"print-green-slv-tiskaj-zeleno","status":"publish","type":"post","link":"https:\/\/www.greenpeace.org\/slovenia\/blog\/778\/print-green-slv-tiskaj-zeleno\/","title":{"rendered":"Print green (slv. Tiskaj zeleno)"},"content":{"rendered":"<div class=\"post-content\">\n<div>\n<p>V soboto 29. decembra smo \u00bbzeleni mirovniki\u00ab zdru\u017eili mo\u010di z ekipo \u00bbPrint green\u00ab oz. Tiskaj zeleno, ki je za nas pripravila izredno pou\u010dno in navdu\u0161ujo\u010do delavnico zelenega tiska.<\/p>\n<p>Ekipo tvorijo \u0161tiri \u0161tudentke likovne pedagogike na Univerzi v Mariboru (Maja Petek,\u00a0 Ur\u0161ka Skaza, Tina Zidan\u0161ek, Danica R\u017eeni\u010dnik) in Simon Tr\u017ean (diplomant Fakultete za elektrotehniko, ra\u010dunalni\u0161tvo in informatiko), ki je zasnoval 3D tiskalnik, za katerega pravi, da ni ni\u010d novega, ideja v ozadju je tista, ki je nekaj posebnega.<\/p>\n<p>Koncept \u00bbzelenega tiska\u00ab je prvotno nastal kot del \u0161tudijskih obveznosti, od takrat pa so se s projektom predstavili na \u0161tevilnih mednarodnih konferencah (v New Yorku, Londonu, Parizu). In kot pravijo same, jih je situacija hitro prerasla. Podjetniki jih imajo za podjetnike, elektrotehniki za elektrotehnike, same pa so v prvi vrsti umetnice. Vseeno pa je projekt interdisciplinaren, saj zdru\u017euje podro\u010dji tehnologije in umetnosti z naravo.<\/p>\n<p>Tiskalnik je prilagojena CNC aparatura, ki namesto \u010drnila za tiskanje uporablja \u017eiv material (me\u0161anico zemlje, vode in semen), kar omogo\u010da, da natisnjeni motivi ob pravilni negi ne samo ozelenijo, ampak tudi o\u017eivijo. Si predstavljate, da filmske zvezde ne bi ve\u010d hodile po rde\u010di temve\u010d zeleni preprogi? In ali ne bi veliko bolj\u0161e izgledale zelene zvezde na hollywoodskem <em>plo\u010dniku<\/em> slavnih?<\/p>\n<p>Ekipa je za nas natisnila uradni Greenpeaceov logo, sami pa smo zasnovali tudi napis Save the Arctic (re\u0161imo Arktiko). Ni tako lahko, kot se mogo\u010de zdi na prvi pogled.<\/p>\n<p><img decoding=\"async\" src=\"https:\/\/www.greenpeace.org\/static\/planet4-slovenia-stateless\/2019\/03\/1fbbf52b-1fbbf52b-108145_175704.jpg\" alt=\"Greenpeace\"><\/p>\n<p>Na\u0161 logotip en teden po tiskanju<\/p>\n<p>\u00a0<\/p>\n<p>Vtis na\u0161ega prostovoljca:<\/p>\n<p><em>\u00bbNa prvi pogled se umetni\u0161ki tisk z me\u0161anico blata in semen ne zdi ravno povezan z dejavnostjo okoljevarstvene organizacije, vendar je potrebno pogledati \u0161ir\u0161o sliko. Varovanje okolja ni naloga enega posameznika ali skupine zagrizenih &#8220;zelencev&#8221;, ampak dru\u017ebe kot celote. Njena prihodnost je namre\u010d odvisna od tega kako bo kot celota z okoljem ravnala.\u00a0<\/em><\/p>\n<p><em>Ozave\u0161\u010danje ljudi, da prepoznajo ravnanja ljudi in podjetij, ki \u0161kodujejo okolju in s tem negativno vplivajo na mo\u017enosti razvoja dru\u017ebe v prihodnosti, je bistveni element delovanja na\u0161e okoljevarstvene organizacije. Zato je dobrodo\u0161lo vsako orodje s katerim lahko na nenasilen pa vendar prodoren na\u010din dose\u017eemo pozornost javnosti za na\u0161a prizadevanja, ki je vsak dan &#8220;bombardirana&#8221; s tak\u0161no koli\u010dino informacij, da postaja vse manj ob\u010dutljiva na pere\u010da vpra\u0161anja, ki bodo kovala pogoje v katerih se bo dru\u017eba razvijala.\u00a0<\/em><\/p>\n<p><em>S 3D-zapisi, slikami in skulpturami, ki jih je mogo\u010de z iznajdbo mlade ustvarjalne ekipe ustvariti iz ilovice, vode in semen, ki nato ozeleni, je prav gotovo mogo\u010de pritegniti pozornost ljudi. \u010ce je rezultat te pozornosti to, da se potem opazovalec vsaj zamisli \u010demu je umetnina bila postavljena, je namen \u017ee dose\u017een. Zato je lahko ta iznajdba \u0161e kako koristna za na\u0161o organizacijo in njena uporaba prav tako dobrodo\u0161la za inovatorje v projektu Print Green (Tiskaj Zeleno), ki se jim za predstavitev inovacije iskreno zahvaljujem in \u017eelim veliko novih zanimivih idej pri iskanju mo\u017enosti uporabe zelenega 3D-tiskalnika. O tem, da deljenje idej prina\u0161a vsakomur korist pa tudi ni potrebno posebej razpravljati, mar ne?\u00ab <\/em><\/p>\n<p>(Matija Dvor\u0161ak)<\/p>\n<p><em>\u00a0<img loading=\"lazy\" decoding=\"async\" src=\"https:\/\/www.greenpeace.org\/static\/planet4-slovenia-stateless\/2019\/03\/534bf34c-534bf34c-108147_175708.jpg\" alt=\"GP2\" width=\"585\" height=\"390\"><\/em><\/p>\n<p>Na\u0161 logotip po treh tednih<\/p>\n<p>\u00a0<\/p>\n<p>In \u010de povzamem idejo z njihove spletne strani: naslednji\u010d, ko prejmete kak\u0161no e-po\u0161to, ki ima na dnu napisano \u00bbpremislite preden natisnete\u00ab, se lahko nasmehnete. Mirne vesti lahko natisnete tudi ta blog. \ud83d\ude42<\/p>\n<p style=\"text-align: right;\"><strong>Ines Kavgi\u0107<\/strong><\/p>\n<\/div>\n<\/div>\n","protected":false},"excerpt":{"rendered":"<p>V soboto 29. decembra smo \u00bbzeleni mirovniki\u00ab zdru\u017eili mo\u010di z ekipo \u00bbPrint green\u00ab oz. Tiskaj zeleno, ki je za nas pripravila izredno pou\u010dno in navdu\u0161ujo\u010do delavnico zelenega tiska.<\/p>\n","protected":false},"author":64,"featured_media":779,"comment_status":"closed","ping_status":"closed","sticky":false,"template":"","format":"standard","meta":{"ep_exclude_from_search":false,"p4_og_title":"","p4_og_description":"","p4_og_image":"","p4_og_image_id":"","p4_seo_canonical_url":"","p4_campaign_name":"","p4_local_project":"","p4_basket_name":"","p4_department":"","footnotes":""},"categories":[44],"tags":[27,26],"p4-page-type":[24],"class_list":["post-778","post","type-post","status-publish","format-standard","has-post-thumbnail","hentry","category-o-nas","tag-greenpeace","tag-aktivizem","p4-page-type-blog"],"_links":{"self":[{"href":"https:\/\/www.greenpeace.org\/slovenia\/wp-json\/wp\/v2\/posts\/778","targetHints":{"allow":["GET"]}}],"collection":[{"href":"https:\/\/www.greenpeace.org\/slovenia\/wp-json\/wp\/v2\/posts"}],"about":[{"href":"https:\/\/www.greenpeace.org\/slovenia\/wp-json\/wp\/v2\/types\/post"}],"author":[{"embeddable":true,"href":"https:\/\/www.greenpeace.org\/slovenia\/wp-json\/wp\/v2\/users\/64"}],"replies":[{"embeddable":true,"href":"https:\/\/www.greenpeace.org\/slovenia\/wp-json\/wp\/v2\/comments?post=778"}],"version-history":[{"count":1,"href":"https:\/\/www.greenpeace.org\/slovenia\/wp-json\/wp\/v2\/posts\/778\/revisions"}],"predecessor-version":[{"id":781,"href":"https:\/\/www.greenpeace.org\/slovenia\/wp-json\/wp\/v2\/posts\/778\/revisions\/781"}],"wp:featuredmedia":[{"embeddable":true,"href":"https:\/\/www.greenpeace.org\/slovenia\/wp-json\/wp\/v2\/media\/779"}],"wp:attachment":[{"href":"https:\/\/www.greenpeace.org\/slovenia\/wp-json\/wp\/v2\/media?parent=778"}],"wp:term":[{"taxonomy":"category","embeddable":true,"href":"https:\/\/www.greenpeace.org\/slovenia\/wp-json\/wp\/v2\/categories?post=778"},{"taxonomy":"post_tag","embeddable":true,"href":"https:\/\/www.greenpeace.org\/slovenia\/wp-json\/wp\/v2\/tags?post=778"},{"taxonomy":"p4-page-type","embeddable":true,"href":"https:\/\/www.greenpeace.org\/slovenia\/wp-json\/wp\/v2\/p4-page-type?post=778"}],"curies":[{"name":"wp","href":"https:\/\/api.w.org\/{rel}","templated":true}]}}