{"id":782,"date":"2015-04-12T13:08:00","date_gmt":"2015-04-12T13:08:00","guid":{"rendered":"https:\/\/master.k8s.p4.greenpeace.org\/slovenia\/blog\/782\/ladijski-dnevnik-pot-in-prvi-dnevi-12-4-2015\/"},"modified":"2023-06-01T16:19:22","modified_gmt":"2023-06-01T16:19:22","slug":"ladijski-dnevnik-pot-in-prvi-dnevi-12-4-2015","status":"publish","type":"post","link":"https:\/\/www.greenpeace.org\/slovenia\/blog\/782\/ladijski-dnevnik-pot-in-prvi-dnevi-12-4-2015\/","title":{"rendered":"Ladijski dnevnik &#8211; pot in prvi dnevi, 12.4.2015"},"content":{"rendered":"<div class=\"post-content\">\n<div>\n<p>Dragi zelenoljubci!<\/p>\n<p>Spet se vam javljam, toda tokrat \u017ee na poti z ladje s katero plujemo \u017ee 7 dni in smo naredili ve\u010d kot 350 km.<\/p>\n<p><img decoding=\"async\" src=\"https:\/\/www.greenpeace.org\/static\/planet4-slovenia-stateless\/2019\/03\/2b89d7ed-2b89d7ed-111890_183940.jpg\" alt=\"\"><\/p>\n<p><strong>O\u010de nem\u0161kega Greenpeacea<\/strong><\/p>\n<p>Ko sem po 15-urnem potovanju z vlakom prispela do pravega pomola v Hamburgu, je tam Beluga II samevala s spu\u0161\u010denimi jadri (velikono\u010dnemu popoldnevu primerno). Kot naro\u010den je takrat z motorjem prispel kapitan ladje Uwe, ki mi je razkazal prostore Greenpeacea (pisarne, skladi\u0161\u010de z oblekami, skladi\u0161\u010de za \u010dolne itd.). V delavnici sem spoznala koga drugega kot enega od soustanoviteljev nem\u0161kega Greenpeacea, (sicer \u017ee upokojenega) Haralda Zindlerja, ki je ravno menjal gume na svojem avtomobilu. Seveda je sledila zanimiva debata o njegovem \u017eivljenju, poslanstvu, pogumu, do\u017eivetjih, akcijah in \u0161e veliko ve\u010d.<\/p>\n<p>Naslednji dan mi je kapitan \u017ee takoj povedal, da lahko na ladji ostanem vsaj 2 meseca in nadaljujem pot od Linza proti Bratislavi in kdo ve \u0161e kam dalje. Ravno prav za mojo cigansko du\u0161o. Posadka je prvi teden plovbe \u0161tela samo 3 ljudi- Uwe-ja, Mike-ja in mene. Mike je podkapetan in zelo izku\u0161en pomor\u0161\u010dak, ki pa sicer nikakor druga\u010de ni vpleten v Greenpeace.<\/p>\n<p><img decoding=\"async\" title=\"Notranjost ladje - kontrolni most\" src=\"https:\/\/www.greenpeace.org\/static\/planet4-slovenia-stateless\/2019\/03\/6378ad4e-6378ad4e-111891_183942.jpg\" alt=\"Notranjost ladje - kontrolni most\"><\/p>\n<p><strong>Pravila igre<\/strong><\/p>\n<p>Delovni dan \u0161teje 8 ur dela, ki si ga sam si odmeri\u0161 in odlo\u010di\u0161 kdaj bi imel odmore. Z drugimi besedami &#8211; 8 ur pi\u0161e v pogodbi, v realnosti pa tako ali tako ve\u010dino dela ne \u0161teje\u0161 pod delo v konvencionalnem pomenu besede, saj ti vse mine zelo hitro in ni obvezujo\u010de. Na ladji je vedno \u0161e kaj za opraviti, ob ve\u010deru pa \u010duti\u0161 tisto prijetno utrujenost, ko bi najraje kar padel v posteljo.<\/p>\n<p>Moja glavna funkcija na ladji je \u010di\u0161\u010denje, kuhanje, popravljane, sestavljanje, &#8216;\u0161raufanje&#8217;, vodenje novih prostovoljcev &#8211; v glavnem opravila, ki zahtevajo vsestranskost. Od \u010dasa do \u010dasa se seveda sre\u010dam tudi s kak\u0161no vrvjo in imam u\u010dno uro o sami plovbi.<\/p>\n<p><strong>Filmsko ribanje palube<\/strong><\/p>\n<p>Kar mi je pri tem na\u010dinu \u017eivljenja res ljubo je, da je potrebnih samo par korakov in \u017ee si zunaj v naravi, na sve\u017eem zraku in z vetrcem v laseh. Velik del poti je skozi pre\u010dudovito naravo, mimo polj in majhnih hi\u0161k. Kadarkoli nas mimoido\u010di ljudje zagledajo z bregov, se ustavijo, slikajo, mahajo in ob\u010dudujejo na\u0161ega re\u010dnega delfina. Ob reki je tudi ogromno (recimo kar vsaka deseta) hi\u0161 s son\u010dnimi celicami na strehi, kar pove veliko o nem\u0161ki politiki glede obnovljivih virov energije.<\/p>\n<p><img decoding=\"async\" title=\"OVE\" src=\"https:\/\/www.greenpeace.org\/static\/planet4-slovenia-stateless\/2019\/03\/aec938a2-aec938a2-111892_183944.jpg\" alt=\"OVE\"><\/p>\n<p>Ena od zanimivih misli ta teden je bila tudi, da je ladja eno redkih prevoznih sredstev z lastnim pogonom, kjer lahko tudi, ko je v gibanju u\u017eiva\u0161 na sve\u017eem zraku in ti ni treba biti v notranjosti (kar pomislite &#8211; letalo, avto\u2026).<\/p>\n<p>Vsak dan smo pluli od zore do ve\u010dera, saj smo mogli biti do petka v mestu, kjer so nas pri\u010dakovali novi prostovoljci. Neko jutro nam jo je zagodla gosta megla in smo se zaradi te jutranje zamude zasidrali \u0161ele pozno v no\u010d, kar je neprijetno tudi zaradi iskanja priveza v temi.<\/p>\n<p>Seveda spada k plovbi tudi ribanje palube na kolenih s krta\u010do v roki, ki je v mojem primeru trajalo 7 ur. A zame je to samo \u0161e eno tistih lepih opravil pod milim soncem, ki me opomni na male radosti \u017eivljenja (kot je na primer topel tu\u0161, ki je doma samoumeven in niti ne tako potreben, kot po celodnevnem ribanju).<\/p>\n<p><strong>Tisti trenutki<\/strong><\/p>\n<p>To so tisti trenutki v \u017eivljenju, ko sedi\u0161 ob toplem son\u010dnem zahodu na krovu s knjigo v roki, pluje\u0161 po naravi, sli\u0161i\u0161 ptice, ki \u017evrgolijo in si re\u010de\u0161: &#8221;No, sedaj mi pa prav ni\u010d ne manjka.&#8221;<\/p>\n<p>Do prihodnji\u010d,<\/p>\n<p><strong>prostovoljka Ines Gorki\u010d<\/strong><\/p>\n<\/div>\n<\/div>\n","protected":false},"excerpt":{"rendered":"<p>Dragi zelenoljubci!<\/p>\n","protected":false},"author":64,"featured_media":783,"comment_status":"closed","ping_status":"closed","sticky":false,"template":"","format":"standard","meta":{"ep_exclude_from_search":false,"p4_og_title":"","p4_og_description":"","p4_og_image":"","p4_og_image_id":"","p4_seo_canonical_url":"","p4_campaign_name":"","p4_local_project":"","p4_basket_name":"","p4_department":"","footnotes":""},"categories":[44],"tags":[28,26],"p4-page-type":[24],"class_list":["post-782","post","type-post","status-publish","format-standard","has-post-thumbnail","hentry","category-o-nas","tag-oceani","tag-aktivizem","p4-page-type-blog"],"_links":{"self":[{"href":"https:\/\/www.greenpeace.org\/slovenia\/wp-json\/wp\/v2\/posts\/782","targetHints":{"allow":["GET"]}}],"collection":[{"href":"https:\/\/www.greenpeace.org\/slovenia\/wp-json\/wp\/v2\/posts"}],"about":[{"href":"https:\/\/www.greenpeace.org\/slovenia\/wp-json\/wp\/v2\/types\/post"}],"author":[{"embeddable":true,"href":"https:\/\/www.greenpeace.org\/slovenia\/wp-json\/wp\/v2\/users\/64"}],"replies":[{"embeddable":true,"href":"https:\/\/www.greenpeace.org\/slovenia\/wp-json\/wp\/v2\/comments?post=782"}],"version-history":[{"count":1,"href":"https:\/\/www.greenpeace.org\/slovenia\/wp-json\/wp\/v2\/posts\/782\/revisions"}],"predecessor-version":[{"id":786,"href":"https:\/\/www.greenpeace.org\/slovenia\/wp-json\/wp\/v2\/posts\/782\/revisions\/786"}],"wp:featuredmedia":[{"embeddable":true,"href":"https:\/\/www.greenpeace.org\/slovenia\/wp-json\/wp\/v2\/media\/783"}],"wp:attachment":[{"href":"https:\/\/www.greenpeace.org\/slovenia\/wp-json\/wp\/v2\/media?parent=782"}],"wp:term":[{"taxonomy":"category","embeddable":true,"href":"https:\/\/www.greenpeace.org\/slovenia\/wp-json\/wp\/v2\/categories?post=782"},{"taxonomy":"post_tag","embeddable":true,"href":"https:\/\/www.greenpeace.org\/slovenia\/wp-json\/wp\/v2\/tags?post=782"},{"taxonomy":"p4-page-type","embeddable":true,"href":"https:\/\/www.greenpeace.org\/slovenia\/wp-json\/wp\/v2\/p4-page-type?post=782"}],"curies":[{"name":"wp","href":"https:\/\/api.w.org\/{rel}","templated":true}]}}