{"id":787,"date":"2015-04-19T11:51:00","date_gmt":"2015-04-19T11:51:00","guid":{"rendered":"https:\/\/master.k8s.p4.greenpeace.org\/slovenia\/blog\/787\/ladijski-dnevnik-prve-aktivnosti-19-4-2015\/"},"modified":"2023-06-01T16:19:20","modified_gmt":"2023-06-01T16:19:20","slug":"ladijski-dnevnik-prve-aktivnosti-19-4-2015","status":"publish","type":"post","link":"https:\/\/www.greenpeace.org\/slovenia\/blog\/787\/ladijski-dnevnik-prve-aktivnosti-19-4-2015\/","title":{"rendered":"Ladijski dnevnik &#8211; prve aktivnosti, 19. 4. 2015"},"content":{"rendered":"<div class=\"post-content\">\n<div>\n<p class=\"Standard\" style=\"text-align: left;\" align=\"center\">Dragi vsi aktivni bralci tega bloga, po\u0161iljam vam son\u010dne pozdrave iz Nem\u010dije! \ud83d\ude42<\/p>\n<p class=\"Standard\" style=\"text-align: left;\" align=\"center\"><strong><span lang=\"DE\">Zlato je zlato<\/span><\/strong><strong><span lang=\"DE\">\u00a0<\/span><\/strong><\/p>\n<p class=\"Standard\"><span lang=\"DE\">Zdaj gre zares &#8211; prej\u0161nji teden smo na ladji izvedli <strong>prvi <em>open boat<\/em><\/strong>. Najprej naj razlo\u017eim, kaj <em>open boat <\/em>je \u2013 gre za vodene oglede ladje, ki ga opravijo Greenpeaceovi prostovoljci za \u0161ir\u0161o publiko in ji predstavijo dejstva o ladji, trenutnih kampanjah in splo\u0161no o delu Greenpeaca. Na\u0161 prvi <em>open boat<\/em> smo izvedli v mestu M\u00fclheim, kjer sta nas na pomolu pri\u010dakala dva \u010dlana posadke (Atti in Seb), dobrodo\u0161lico pa so nam izrekli tudi \u010dlani lokalne Greenpeacove pisarne. Na son\u010dno petkovo popoldne smo se zasidrali ob reki in opazili mno\u017eico mladih ljudi, ki se je dru\u017eila ob reki. Veliko od njih je kadilo \u0161i\u0161o, plesalo, iz prenosnih avdio predvajalnikov pa je zvenela glasba. In to glasba balkanskega izvora v stilu: <em>Zlato je zlato<\/em>.<\/span><\/p>\n<p class=\"Standard\"><span lang=\"DE\">Mesto je zelo urejeno, s parki, fontanami, tramvajem, bari ob reki, alejami itd. Kljub urejenosti mesta pa sem bila po eni strani vesela, da sem bila na ladji &#8211; vsa preznojena, s \u010drnimi in \u017euljastimi rokami, luknjo na kolenih in umazano majico.<\/span><\/p>\n<p class=\"Standard\"><span lang=\"DE\">Ko smo se zasidrali, je sledilo postavljanje dveh jamborov. Sli\u0161i se enostavo, pa ni. Traja pribli\u017eno tri do \u0161tiri ure in sodelovati morajo vsaj \u0161tirje ljudje. Proces je zapleten in zelo tehni\u010den. K temu pri\u0161tejte \u0161e \u017ego\u010de sonce, ki je kakopak ravno tisti dan najmo\u010dneje sijalo.<\/span><\/p>\n<p class=\"Standard\"><span lang=\"DE\">Trenutno plujemo po rekah, ki imajo veliko nizkih mostov, zaradi katerih ne moremo uporabljati jader, pa\u010d pa pogon motorja. Jambora moramo torej za vsak <em>open boat<\/em> postaviti, nato pa ju pred odhodom spet pospraviti. In ja, to delamo za predstavo, torej da ljudje vidijo <strong>Belugo II v vsem svojem bli\u0161\u010du<\/strong>.<\/span><\/p>\n<p class=\"Standard\"><span lang=\"DE\">Posebna izku\u0161nja je bila tudi nakup hrane za vso posadko. Iz trgovine sva skupaj z Attijem odkorakala z dvema 40-litrskima popotni\u0161kima nahrbtnikoma, polno nakupovalno vre\u010do in polnim nakupovalnim vozi\u010dkom. Ljudje so se nama na cesti smejali, \u010de\u0161 da sva se dobro opremila za ves vikend. Naj dodam, da posku\u0161amo kupovati samo hrano, ki ima certifikate biolo\u0161ke pridelave. Na krovu sva trenutno dva vegana.<\/span><\/p>\n<p class=\"Standard\"><span lang=\"DE\">Za <em>open boat<\/em> smo ladjo dodatno o\u010distili in med jambora napeli <em>transparent<\/em> z mo\u010dnim sporo\u010dilom (glej sliko). Tovorno sobo smo pripravili za projekcijo in predstavitev. Pred vhodom smo postavili \u0161otor in kip polarnega medveda. Vse je bilo obarvano s tematiko Arktike. Kljub slabemu vremenu je bilo zanimanje za ogled veliko.<\/span><\/p>\n<p class=\"Standard\"><span lang=\"DE\"><img loading=\"lazy\" decoding=\"async\" title=\"Kampanja Re\u0161imo Arktiko na ladji. Foto: Ines Gorki\u010d\" src=\"https:\/\/www.greenpeace.org\/static\/planet4-slovenia-stateless\/2019\/03\/77e26a5c-77e26a5c-20150418-ig-blog1.jpg\" alt=\"Kampanja Re\u0161imo Arktiko na ladji. Foto: Ines Gorki\u010d\" width=\"582\" height=\"582\"><\/span><\/p>\n<p class=\"Standard\"><span lang=\"DE\">Zanimivo je, kako te kot \u010dlana posadke, ljudje, ki stojijo v vrsti gledajo s \u010disto druga\u010dnimi o\u010dmi. Tudi jaz sem pred kratkim, s takim ob\u010dudovanjem, gledala na posadko Rainbow Warrior-ja III, ko nas je le-ta obiskala v Kopru.<\/span><strong><span lang=\"DE\">\u00a0<\/span><\/strong><\/p>\n<p class=\"Standard\" style=\"text-align: left;\" align=\"center\"><strong><span lang=\"DE\">Me\u0161ano na \u017earu<\/span><\/strong><\/p>\n<p class=\"Standard\"><span lang=\"DE\">Med enim izmed podajanjem in zavezovanjem vrvi, sem kar naenkrat zasli\u0161ala trgajo\u010d zvok, v o\u010di mi je planila \u017eivo oran\u017ena barva in nekaj je stisnilo moj vrat&#8230; ker mehanizem za spro\u017eitev ni bil pospravljen, se mi je nepri\u010dakovano odprl re\u0161ilni jopi\u010d.<\/span><\/p>\n<p class=\"Standard\"><span lang=\"DE\"><img loading=\"lazy\" decoding=\"async\" title=\"Odprt re\u0161ilni jopi\u010d. Foto: Ines Gorki\u010d\" src=\"https:\/\/www.greenpeace.org\/static\/planet4-slovenia-stateless\/2019\/03\/fc45b016-fc45b016-20150418-ig-blog4.jpg\" alt=\"Odprt re\u0161ilni jopi\u010d. Foto: Ines Gorki\u010d\" width=\"577\" height=\"433\"><\/span><\/p>\n<p class=\"Standard\"><span lang=\"DE\">Naslednjih nekaj dni je Belugo II upravljal drug kapitan (Michael), kajti trenutni kapitan nima certifikata za vo\u017enjo po reki Ren. Gre za eno ve\u010djih rek v Nem\u010diji in pot plovbe nas je vodila skozi ve\u010dja mesta, kot so D\u00fcsseldorf, K\u00f6ln in Bonn.<\/span><\/p>\n<p class=\"Standard\"><span lang=\"DE\"><img loading=\"lazy\" decoding=\"async\" title=\"Reka Ren. Foto: Ines Gorki\u010d\" src=\"https:\/\/www.greenpeace.org\/static\/planet4-slovenia-stateless\/2019\/03\/c4b4f7be-c4b4f7be-20150418-ig-blog2.jpg\" alt=\"Reka Ren. Foto: Ines Gorki\u010d\" width=\"588\" height=\"441\"><\/span><\/p>\n<p class=\"Standard\"><span lang=\"DE\">Neko popoldne nam je nehal delovati elektri\u010dni motor, ki napaja generator. Posledi\u010dno smo ostali brez elektri\u010dnega napajanja in wifi-ja. Temperatura v sobi z motorjem je naglo narasla, v savnastem okolju je bilo motor tako \u0161e te\u017eje popravljati. Naslednje jutro smo napako odpravili.<\/span><\/p>\n<p class=\"Standard\"><span lang=\"DE\">V mestu Lahnstein, kjer smo bili zasidrani tri dni, smo imeli iz pristana nenehen pogled na pre\u010dudovit <strong>grad<\/strong>, imenovan <strong>Schloss Stolzenfels<\/strong>. Ker me je tako mamljivo vabil vsak dan, si seveda nisem mogla pomagati in sem ga \u0161la obiskati. Grad je bil od ladje scier oddaljen le pol kilometra zra\u010dne razdalje, a ker je bila vmes reka, je bilo potovanje v obe smeri tako dolgo kar 16 km. Izposodili smo si kolesa, ki so bila vsa zarjavela, imela prazne gume ali pa so celo bila brez zavor. Udele\u017eili smo se vodenega ogleda notranjih prostorov, razgled s hriba pa je zaobjemal velik del reke Ren, lepo vidna je bila tudi na\u0161a mirujo\u010da Beluga II.<\/span><\/p>\n<p class=\"Standard\" style=\"text-align: left;\" align=\"center\"><span lang=\"DE\"><img loading=\"lazy\" decoding=\"async\" title=\"Grad Stolzenfels. Foto: Ines Gorki\u010d.\" src=\"https:\/\/www.greenpeace.org\/static\/planet4-slovenia-stateless\/2019\/03\/3dafbe82-3dafbe82-20150418-ig-blog5.jpg\" alt=\"Grad Stolzenfels. Foto: Ines Gorki\u010d.\" width=\"577\" height=\"577\"><br \/><\/span><\/p>\n<p class=\"Standard\" style=\"text-align: left;\" align=\"center\"><strong><span lang=\"DE\">Tla pod nogami<\/span><\/strong><span lang=\"DE\">\u00a0<\/span><\/p>\n<p class=\"Standard\"><span lang=\"DE\">Sledil je izlet v sosednje mesto Boppard, doma\u010de mesto na\u0161ega kapitana Michaela. Ob prijetni ve\u010derji smo spoznali njegovo dru\u017eino, pozitivno pa je bilo tudi dejstvo, da smo bili dlje \u010dasa na kopnem &#8211; po neprestanem zibanju na ladji in omejenosti prostora prija stopiti na kopno in za\u010dutiti trdna tla pod nogami.<\/span><\/p>\n<p class=\"Standard\"><span lang=\"DE\">\u017divljenja na ladji sem se \u017ee privadila, \u010deprav sem na krovu \u0161ele dva tedna. V\u0161e\u010d mi je na\u010din potovanja, saj se zasidramo v sredi\u0161\u010du mest (s tem tudi dogajanja). \u010cez dan lahko u\u017eivamo na soncu in lahkotnem vetri\u010du. Tudi no\u010dne predstave na nebu so nepozabne.<\/span><\/p>\n<p class=\"Standard\"><span lang=\"DE\"><img loading=\"lazy\" decoding=\"async\" title=\"No\u010dni prizori na reki. Foto: Ines Gorki\u010d\" src=\"https:\/\/www.greenpeace.org\/static\/planet4-slovenia-stateless\/2019\/03\/4b828166-4b828166-20150418-ig-blog3.jpg\" alt=\"No\u010dni prizori na reki. Foto: Ines Gorki\u010d\" width=\"588\" height=\"441\"><\/span><\/p>\n<p class=\"Standard\"><span lang=\"DE\">Upam, da tudi vi u\u017eivate,\u00a0<\/span><strong><span lang=\"DE\">prostovoljka Ines Gorki\u010d.<\/span><\/strong><\/p>\n<\/div>\n<\/div>\n","protected":false},"excerpt":{"rendered":"<p>Dragi vsi aktivni bralci tega bloga, po\u0161iljam vam son\u010dne pozdrave iz Nem\u010dije! \ud83d\ude42<\/p>\n","protected":false},"author":64,"featured_media":788,"comment_status":"closed","ping_status":"closed","sticky":false,"template":"","format":"standard","meta":{"ep_exclude_from_search":false,"p4_og_title":"","p4_og_description":"","p4_og_image":"","p4_og_image_id":"","p4_seo_canonical_url":"","p4_campaign_name":"","p4_local_project":"","p4_basket_name":"","p4_department":"","footnotes":""},"categories":[44],"tags":[28,26],"p4-page-type":[24],"class_list":["post-787","post","type-post","status-publish","format-standard","has-post-thumbnail","hentry","category-o-nas","tag-oceani","tag-aktivizem","p4-page-type-blog"],"_links":{"self":[{"href":"https:\/\/www.greenpeace.org\/slovenia\/wp-json\/wp\/v2\/posts\/787","targetHints":{"allow":["GET"]}}],"collection":[{"href":"https:\/\/www.greenpeace.org\/slovenia\/wp-json\/wp\/v2\/posts"}],"about":[{"href":"https:\/\/www.greenpeace.org\/slovenia\/wp-json\/wp\/v2\/types\/post"}],"author":[{"embeddable":true,"href":"https:\/\/www.greenpeace.org\/slovenia\/wp-json\/wp\/v2\/users\/64"}],"replies":[{"embeddable":true,"href":"https:\/\/www.greenpeace.org\/slovenia\/wp-json\/wp\/v2\/comments?post=787"}],"version-history":[{"count":1,"href":"https:\/\/www.greenpeace.org\/slovenia\/wp-json\/wp\/v2\/posts\/787\/revisions"}],"predecessor-version":[{"id":793,"href":"https:\/\/www.greenpeace.org\/slovenia\/wp-json\/wp\/v2\/posts\/787\/revisions\/793"}],"wp:featuredmedia":[{"embeddable":true,"href":"https:\/\/www.greenpeace.org\/slovenia\/wp-json\/wp\/v2\/media\/788"}],"wp:attachment":[{"href":"https:\/\/www.greenpeace.org\/slovenia\/wp-json\/wp\/v2\/media?parent=787"}],"wp:term":[{"taxonomy":"category","embeddable":true,"href":"https:\/\/www.greenpeace.org\/slovenia\/wp-json\/wp\/v2\/categories?post=787"},{"taxonomy":"post_tag","embeddable":true,"href":"https:\/\/www.greenpeace.org\/slovenia\/wp-json\/wp\/v2\/tags?post=787"},{"taxonomy":"p4-page-type","embeddable":true,"href":"https:\/\/www.greenpeace.org\/slovenia\/wp-json\/wp\/v2\/p4-page-type?post=787"}],"curies":[{"name":"wp","href":"https:\/\/api.w.org\/{rel}","templated":true}]}}