{"id":79081,"date":"2026-04-02T15:35:42","date_gmt":"2026-04-02T13:35:42","guid":{"rendered":"https:\/\/www.greenpeace.org\/slovenia\/?p=79081"},"modified":"2026-04-14T08:22:40","modified_gmt":"2026-04-14T06:22:40","slug":"stanje-gozdov-v-evropi","status":"publish","type":"post","link":"https:\/\/www.greenpeace.org\/slovenia\/blog\/79081\/stanje-gozdov-v-evropi\/","title":{"rendered":"Stanje gozdov v Evropi"},"content":{"rendered":"\n<p>Evropski gozdovi na prvi pogled delujejo kot zgodba o uspehu. Skoraj 40 % povr\u0161ine Evrope je pokrite z gozdovi, njihova skupna povr\u0161ina pa se je od leta 1990 celo pove\u010dala za skoraj 10 %.<sup><a href=\"https:\/\/ec.europa.eu\/eurostat\/web\/products-eurostat-news\/-\/edn-20210321-1\" target=\"_blank\" rel=\"noreferrer noopener\">1<\/a><\/sup><\/p>\n\n<figure class=\"wp-block-image size-large\"><img loading=\"lazy\" decoding=\"async\" width=\"1024\" height=\"576\" src=\"https:\/\/www.greenpeace.org\/static\/planet4-slovenia-stateless\/2026\/04\/6c6095b7-forest-visuals-gozdnatost-drzav-1024x576.jpg\" alt=\"\" class=\"wp-image-79083\" srcset=\"https:\/\/www.greenpeace.org\/static\/planet4-slovenia-stateless\/2026\/04\/6c6095b7-forest-visuals-gozdnatost-drzav-1024x576.jpg 1024w, https:\/\/www.greenpeace.org\/static\/planet4-slovenia-stateless\/2026\/04\/6c6095b7-forest-visuals-gozdnatost-drzav-300x169.jpg 300w, https:\/\/www.greenpeace.org\/static\/planet4-slovenia-stateless\/2026\/04\/6c6095b7-forest-visuals-gozdnatost-drzav-768x432.jpg 768w, https:\/\/www.greenpeace.org\/static\/planet4-slovenia-stateless\/2026\/04\/6c6095b7-forest-visuals-gozdnatost-drzav-1536x864.jpg 1536w, https:\/\/www.greenpeace.org\/static\/planet4-slovenia-stateless\/2026\/04\/6c6095b7-forest-visuals-gozdnatost-drzav-510x287.jpg 510w, https:\/\/www.greenpeace.org\/static\/planet4-slovenia-stateless\/2026\/04\/6c6095b7-forest-visuals-gozdnatost-drzav.jpg 1920w\" sizes=\"auto, (max-width: 1024px) 100vw, 1024px\" \/><\/figure>\n\n<p>Toda za temi \u0161tevilkami se skriva precej bolj zaskrbljujo\u010da realnost.<\/p>\n\n<p>Kar 75 % gozdov namre\u010d sestavljajo drevesa enake starosti. Poleg tega pribli\u017eno tretjino gozdov v EU tvori zgolj ena drevesna vrsta, predvsem iglavci, dodatno polovico gozdov pa sestavljajo le dve ali tri vrste.<a href=\"https:\/\/environment.ec.europa.eu\/news\/green-deal-new-guidelines-sustainable-forest-management-and-payment-schemes-forest-ecosystem-2023-07-27_en\" target=\"_blank\" rel=\"noreferrer noopener\"><sup>2<\/sup><\/a><sup>,<\/sup><a href=\"https:\/\/op.europa.eu\/en\/publication-detail\/-\/publication\/2d1a6e8f-8cda-11ee-8aa6-01aa75ed71a1\" target=\"_blank\" rel=\"noreferrer noopener\"><sup>3<\/sup><\/a><sup>,<\/sup><a href=\"https:\/\/forest.eea.europa.eu\/topics\/nature-biodiversity-and-ecosystems\/biodiversity\" target=\"_blank\" rel=\"noreferrer noopener\"><sup>4<\/sup><\/a> <strong>Ta enoli\u010dnost, ki je posledica intenzivnega industrijskega gospodarjenja z gozdovi, ima uni\u010dujo\u010de posledice za te dragocene ekosisteme.<\/strong><\/p>\n\n<div class=\"wp-block-columns is-layout-flex wp-container-core-columns-is-layout-9d6595d7 wp-block-columns-is-layout-flex\">\n<div class=\"wp-block-column is-layout-flow wp-block-column-is-layout-flow\">\n<figure class=\"wp-block-image size-large\"><img loading=\"lazy\" decoding=\"async\" width=\"768\" height=\"1024\" src=\"https:\/\/www.greenpeace.org\/static\/planet4-slovenia-stateless\/2026\/04\/33d35577-forest-visuals-starost-768x1024.jpg\" alt=\"\" class=\"wp-image-79084\" srcset=\"https:\/\/www.greenpeace.org\/static\/planet4-slovenia-stateless\/2026\/04\/33d35577-forest-visuals-starost-768x1024.jpg 768w, https:\/\/www.greenpeace.org\/static\/planet4-slovenia-stateless\/2026\/04\/33d35577-forest-visuals-starost-225x300.jpg 225w, https:\/\/www.greenpeace.org\/static\/planet4-slovenia-stateless\/2026\/04\/33d35577-forest-visuals-starost-1025x1366.jpg 1025w, https:\/\/www.greenpeace.org\/static\/planet4-slovenia-stateless\/2026\/04\/33d35577-forest-visuals-starost-255x340.jpg 255w, https:\/\/www.greenpeace.org\/static\/planet4-slovenia-stateless\/2026\/04\/33d35577-forest-visuals-starost.jpg 1080w\" sizes=\"auto, (max-width: 768px) 100vw, 768px\" \/><\/figure>\n<\/div>\n\n\n\n<div class=\"wp-block-column is-layout-flow wp-block-column-is-layout-flow\">\n<figure class=\"wp-block-image size-large\"><img loading=\"lazy\" decoding=\"async\" width=\"768\" height=\"1024\" src=\"https:\/\/www.greenpeace.org\/static\/planet4-slovenia-stateless\/2026\/04\/84b40b2e-forest-visuals-drevesne-vrste-768x1024.jpg\" alt=\"\" class=\"wp-image-79085\" srcset=\"https:\/\/www.greenpeace.org\/static\/planet4-slovenia-stateless\/2026\/04\/84b40b2e-forest-visuals-drevesne-vrste-768x1024.jpg 768w, https:\/\/www.greenpeace.org\/static\/planet4-slovenia-stateless\/2026\/04\/84b40b2e-forest-visuals-drevesne-vrste-225x300.jpg 225w, https:\/\/www.greenpeace.org\/static\/planet4-slovenia-stateless\/2026\/04\/84b40b2e-forest-visuals-drevesne-vrste-1025x1366.jpg 1025w, https:\/\/www.greenpeace.org\/static\/planet4-slovenia-stateless\/2026\/04\/84b40b2e-forest-visuals-drevesne-vrste-255x340.jpg 255w, https:\/\/www.greenpeace.org\/static\/planet4-slovenia-stateless\/2026\/04\/84b40b2e-forest-visuals-drevesne-vrste.jpg 1080w\" sizes=\"auto, (max-width: 768px) 100vw, 768px\" \/><\/figure>\n<\/div>\n<\/div>\n\n<h2 class=\"wp-block-heading\"><strong>Zakaj je to problem?<\/strong><\/h2>\n\n<p>Manj\u0161a raznolikost pomeni manj\u0161o odpornost. Tak\u0161ni gozdovi so bistveno bolj ranljivi za:<\/p>\n\n<ul class=\"wp-block-list\">\n<li>gozdne po\u017eare,<\/li>\n\n\n\n<li>\u0161kodljivce,<\/li>\n\n\n\n<li>ekstremne vremenske pojave (tudi tak\u0161ne vetrolome, ki smo jim bili pri\u010da v Sloveniji v zadnjem tednu).<\/li>\n<\/ul>\n\n<p>Dejstvo je, da je danes ve\u010d kot 60 % dreves v evropskih gozdovih ogro\u017eenih zaradi teh dejavnikov.<sup><a href=\"https:\/\/environment.ec.europa.eu\/news\/green-deal-new-guidelines-sustainable-forest-management-and-payment-schemes-forest-ecosystem-2023-07-27_en\" target=\"_blank\" rel=\"noreferrer noopener\">5<\/a><\/sup><\/p>\n\n<figure class=\"wp-block-image size-large\"><img loading=\"lazy\" decoding=\"async\" width=\"1024\" height=\"576\" src=\"https:\/\/www.greenpeace.org\/static\/planet4-slovenia-stateless\/2026\/04\/3b648bd9-forest-visuals-groznje-1024x576.jpg\" alt=\"\" class=\"wp-image-79086\" srcset=\"https:\/\/www.greenpeace.org\/static\/planet4-slovenia-stateless\/2026\/04\/3b648bd9-forest-visuals-groznje-1024x576.jpg 1024w, https:\/\/www.greenpeace.org\/static\/planet4-slovenia-stateless\/2026\/04\/3b648bd9-forest-visuals-groznje-300x169.jpg 300w, https:\/\/www.greenpeace.org\/static\/planet4-slovenia-stateless\/2026\/04\/3b648bd9-forest-visuals-groznje-768x432.jpg 768w, https:\/\/www.greenpeace.org\/static\/planet4-slovenia-stateless\/2026\/04\/3b648bd9-forest-visuals-groznje-1536x864.jpg 1536w, https:\/\/www.greenpeace.org\/static\/planet4-slovenia-stateless\/2026\/04\/3b648bd9-forest-visuals-groznje-510x287.jpg 510w, https:\/\/www.greenpeace.org\/static\/planet4-slovenia-stateless\/2026\/04\/3b648bd9-forest-visuals-groznje.jpg 1920w\" sizes=\"auto, (max-width: 1024px) 100vw, 1024px\" \/><\/figure>\n\n<p><strong>\u010ceprav se povr\u0161ina gozdov morda res pove\u010duje, to ne pomeni, da so ti gozdovi zdravi.<\/strong> Monokulturni, intenzivno upravljani gozdovi ne morejo nadomestiti bogatih, naravnih ekosistemov, ki so klju\u010dni za biodiverziteto in stabilno podnebje.<\/p>\n\n<p>Zato si v Greenpeaceu prizadevamo za:<\/p>\n\n<ul class=\"wp-block-list\">\n<li>za\u0161\u010dito preostalih starih naravnih gozdov,<\/li>\n\n\n\n<li>ve\u010djo biotsko raznovrstnost.<\/li>\n<\/ul>\n\n<p>Va\u0161a podpora nam omogo\u010da, da pritiskamo na odlo\u010devalce in \u0161\u010ditimo gozdove, ki jih Evropa in svet nujno potrebujeta.<\/p>\n\n<p>Skupaj lahko za\u0161\u010ditimo naravo.<\/p>\n\n<div class=\"wp-block-group is-nowrap is-layout-flex wp-container-core-group-is-layout-ad2f72ca wp-block-group-is-layout-flex\">\t\t\t<section\n\t\t\tclass=\"boxout post-79035 \"\n\t\t\t\n\t\t>\n\t\t\t<a\n\t\t\t\tdata-ga-category=\"Take Action Boxout\"\n\t\t\t\tdata-ga-action=\"Image\"\n\t\t\t\tdata-ga-label=\"n\/a\"\n\t\t\t\tclass=\"cover-card-overlay\"\n\t\t\t\thref=\"https:\/\/www.greenpeace.org\/slovenia\/petitions\/zascitimo-gozdove\/\" \n\t\t\t><\/a>\n\t\t\t\t\t\t\t<img\n\t\t\t\t\t\tsrc=\"https:\/\/www.greenpeace.org\/static\/planet4-slovenia-stateless\/2019\/12\/514f86a5-gp0sttlla-1024x768.jpg\"\n\t\t\t\t\t\tsrcset=\"https:\/\/www.greenpeace.org\/static\/planet4-slovenia-stateless\/2019\/12\/514f86a5-gp0sttlla-300x225.jpg 300w, https:\/\/www.greenpeace.org\/static\/planet4-slovenia-stateless\/2019\/12\/514f86a5-gp0sttlla-1024x768.jpg 1024w, https:\/\/www.greenpeace.org\/static\/planet4-slovenia-stateless\/2019\/12\/514f86a5-gp0sttlla-768x576.jpg 768w, https:\/\/www.greenpeace.org\/static\/planet4-slovenia-stateless\/2019\/12\/514f86a5-gp0sttlla-453x340.jpg 453w, https:\/\/www.greenpeace.org\/static\/planet4-slovenia-stateless\/2019\/12\/514f86a5-gp0sttlla.jpg 1199w\"\n\t\t\t\t\t\tsizes=\"(min-width: 1000px) 358px, (min-width: 780px) 313px, 88px\"\n\t\t\t\t\t\talt=\"Forest Destruction in Finland. \u00a9 Jani Sipil\u00e4 \/ Greenpeace\" title=\"Forest Destruction in Finland. \u00a9 Jani Sipil\u00e4 \/ Greenpeace\"\n\t\t\t\t\/>\n            \t\t\t<div class=\"boxout-content\">\n\t\t\t\t\t\t\t\t\t<a\n\t\t\t\t\t\tclass=\"boxout-heading medium\"\n\t\t\t\t\t\tdata-ga-category=\"Take Action Boxout\"\n\t\t\t\t\t\tdata-ga-action=\"Title\"\n\t\t\t\t\t\tdata-ga-label=\"n\/a\"\n\t\t\t\t\t\thref=\"https:\/\/www.greenpeace.org\/slovenia\/petitions\/zascitimo-gozdove\/\"\n\t\t\t\t\t\t\n\t\t\t\t\t>\n\t\t\t\t\t\tPeticija za za\u0161\u010dito gozdov\n\t\t\t\t\t<\/a>\n\t\t\t\t\t\t\t\t\t\t\t\t\t<p class=\"boxout-excerpt\">\u010ceprav korporacije in vlade \u017ee leta obljubljajo konec uni\u010devanja gozdov, vsako leto znova izginjajo stoletna drevesa \u2013 tako doma kot po svetu. Dovolj je praznih obljub! \u010casa za odla\u0161anje ni ve\u010d!<\/p>\n\t\t\t\t                                    <a\n                        class=\"btn btn-primary\"\n                        data-ga-category=\"Take Action Boxout\"\n                        data-ga-action=\"Call to Action\"\n                        data-ga-label=\"n\/a\"\n                        href=\"https:\/\/www.greenpeace.org\/slovenia\/petitions\/zascitimo-gozdove\/\"\n                        \n                    >\n                        Pridru\u017ei se\n                    <\/a>\n                \t\t\t<\/div>\n\t\t\t\t\t<\/section>\n\t<\/div>\n\t\t\t<section\n\t\t\tclass=\"boxout post-53104 \"\n\t\t\t\n\t\t>\n\t\t\t<a\n\t\t\t\tdata-ga-category=\"Take Action Boxout\"\n\t\t\t\tdata-ga-action=\"Image\"\n\t\t\t\tdata-ga-label=\"n\/a\"\n\t\t\t\tclass=\"cover-card-overlay\"\n\t\t\t\thref=\"https:\/\/www.greenpeace.org\/slovenia\/act\/poziv-ikea\/\" \n\t\t\t><\/a>\n\t\t\t\t\t\t\t<img\n\t\t\t\t\t\tsrc=\"https:\/\/www.greenpeace.org\/static\/planet4-slovenia-stateless\/2025\/10\/d10d20e2-gp0su6o5b-1024x683.jpg\"\n\t\t\t\t\t\tsrcset=\"https:\/\/www.greenpeace.org\/static\/planet4-slovenia-stateless\/2025\/10\/d10d20e2-gp0su6o5b-300x200.jpg 300w, https:\/\/www.greenpeace.org\/static\/planet4-slovenia-stateless\/2025\/10\/d10d20e2-gp0su6o5b-1024x683.jpg 1024w, https:\/\/www.greenpeace.org\/static\/planet4-slovenia-stateless\/2025\/10\/d10d20e2-gp0su6o5b-768x512.jpg 768w, https:\/\/www.greenpeace.org\/static\/planet4-slovenia-stateless\/2025\/10\/d10d20e2-gp0su6o5b-1536x1024.jpg 1536w, https:\/\/www.greenpeace.org\/static\/planet4-slovenia-stateless\/2025\/10\/d10d20e2-gp0su6o5b-2048x1366.jpg 2048w, https:\/\/www.greenpeace.org\/static\/planet4-slovenia-stateless\/2025\/10\/d10d20e2-gp0su6o5b-510x340.jpg 510w\"\n\t\t\t\t\t\tsizes=\"(min-width: 1000px) 358px, (min-width: 780px) 313px, 88px\"\n\t\t\t\t\t\talt=\"\" title=\"\"\n\t\t\t\t\/>\n            \t\t\t<div class=\"boxout-content\">\n\t\t\t\t\t\t\t\t\t<a\n\t\t\t\t\t\tclass=\"boxout-heading medium\"\n\t\t\t\t\t\tdata-ga-category=\"Take Action Boxout\"\n\t\t\t\t\t\tdata-ga-action=\"Title\"\n\t\t\t\t\t\tdata-ga-label=\"n\/a\"\n\t\t\t\t\t\thref=\"https:\/\/www.greenpeace.org\/slovenia\/act\/poziv-ikea\/\"\n\t\t\t\t\t\t\n\t\t\t\t\t>\n\t\t\t\t\t\tPozovi IKEO: dovolj uni\u010devanja gozdov!\n\t\t\t\t\t<\/a>\n\t\t\t\t\t\t\t\t                                    <a\n                        class=\"btn btn-primary\"\n                        data-ga-category=\"Take Action Boxout\"\n                        data-ga-action=\"Call to Action\"\n                        data-ga-label=\"n\/a\"\n                        href=\"https:\/\/www.greenpeace.org\/slovenia\/act\/poziv-ikea\/\"\n                        \n                    >\n                        Po\u0161lji poziv\n                    <\/a>\n                \t\t\t<\/div>\n\t\t\t\t\t<\/section>\n\t\t\t\t<section\n\t\t\tclass=\"boxout post-79152 \"\n\t\t\t\n\t\t>\n\t\t\t<a\n\t\t\t\tdata-ga-category=\"Take Action Boxout\"\n\t\t\t\tdata-ga-action=\"Image\"\n\t\t\t\tdata-ga-label=\"n\/a\"\n\t\t\t\tclass=\"cover-card-overlay\"\n\t\t\t\thref=\"https:\/\/www.greenpeace.org\/slovenia\/petitions\/doniraj-za-ekspedicijo-v-romunijo\/\" \n\t\t\t><\/a>\n\t\t\t\t\t\t\t<img\n\t\t\t\t\t\tsrc=\"https:\/\/www.greenpeace.org\/static\/planet4-slovenia-stateless\/2025\/09\/2a1e48b6-gp0stwqr6_low-res-with-credit-line-800px.jpg\"\n\t\t\t\t\t\tsrcset=\"https:\/\/www.greenpeace.org\/static\/planet4-slovenia-stateless\/2025\/09\/2a1e48b6-gp0stwqr6_low-res-with-credit-line-800px-300x200.jpg 300w, https:\/\/www.greenpeace.org\/static\/planet4-slovenia-stateless\/2025\/09\/2a1e48b6-gp0stwqr6_low-res-with-credit-line-800px-768x512.jpg 768w, https:\/\/www.greenpeace.org\/static\/planet4-slovenia-stateless\/2025\/09\/2a1e48b6-gp0stwqr6_low-res-with-credit-line-800px-510x340.jpg 510w, https:\/\/www.greenpeace.org\/static\/planet4-slovenia-stateless\/2025\/09\/2a1e48b6-gp0stwqr6_low-res-with-credit-line-800px.jpg 800w\"\n\t\t\t\t\t\tsizes=\"(min-width: 1000px) 358px, (min-width: 780px) 313px, 88px\"\n\t\t\t\t\t\talt=\"\" title=\"\"\n\t\t\t\t\/>\n            \t\t\t<div class=\"boxout-content\">\n\t\t\t\t\t\t\t\t\t<a\n\t\t\t\t\t\tclass=\"boxout-heading medium\"\n\t\t\t\t\t\tdata-ga-category=\"Take Action Boxout\"\n\t\t\t\t\t\tdata-ga-action=\"Title\"\n\t\t\t\t\t\tdata-ga-label=\"n\/a\"\n\t\t\t\t\t\thref=\"https:\/\/www.greenpeace.org\/slovenia\/petitions\/doniraj-za-ekspedicijo-v-romunijo\/\"\n\t\t\t\t\t\t\n\t\t\t\t\t>\n\t\t\t\t\t\tDoniraj za ekspedicijo v Romunijo\n\t\t\t\t\t<\/a>\n\t\t\t\t\t\t\t\t\t\t\t\t\t<p class=\"boxout-excerpt\">Poleti smo stali sredi starodavnih gozdov Karpatov v Romuniji. To, kar smo tam odkrili, nas preganja \u0161e danes: poseki in mogo\u010dna stoletna drevesa zravnana do \u0161torov.\n\nPotrebujemo 4.000 \u20ac za vrnitev v Romunijo in nadaljevanje pritiska na Ikeo!<\/p>\n\t\t\t\t                                    <a\n                        class=\"btn btn-primary\"\n                        data-ga-category=\"Take Action Boxout\"\n                        data-ga-action=\"Call to Action\"\n                        data-ga-label=\"n\/a\"\n                        href=\"https:\/\/www.greenpeace.org\/slovenia\/petitions\/doniraj-za-ekspedicijo-v-romunijo\/\"\n                        \n                    >\n                        Doniraj danes\n                    <\/a>\n                \t\t\t<\/div>\n\t\t\t\t\t<\/section>\n\t","protected":false},"excerpt":{"rendered":"<p>Evropski gozdovi na prvi pogled delujejo kot zgodba o uspehu. Skoraj 40 % povr\u0161ine Evrope je pokrite z gozdovi, njihova skupna povr\u0161ina pa se je od leta 1990 celo pove\u010dala&hellip;<\/p>\n","protected":false},"author":23,"featured_media":79088,"comment_status":"closed","ping_status":"open","sticky":false,"template":"","format":"standard","meta":{"ep_exclude_from_search":false,"p4_og_title":"","p4_og_description":"","p4_og_image":"","p4_og_image_id":"","p4_seo_canonical_url":"","p4_campaign_name":"","p4_local_project":"","p4_basket_name":"","p4_department":"","footnotes":""},"categories":[43],"tags":[25],"p4-page-type":[24],"class_list":["post-79081","post","type-post","status-publish","format-standard","has-post-thumbnail","hentry","category-narava","tag-gozdovi","p4-page-type-blog"],"_links":{"self":[{"href":"https:\/\/www.greenpeace.org\/slovenia\/wp-json\/wp\/v2\/posts\/79081","targetHints":{"allow":["GET"]}}],"collection":[{"href":"https:\/\/www.greenpeace.org\/slovenia\/wp-json\/wp\/v2\/posts"}],"about":[{"href":"https:\/\/www.greenpeace.org\/slovenia\/wp-json\/wp\/v2\/types\/post"}],"author":[{"embeddable":true,"href":"https:\/\/www.greenpeace.org\/slovenia\/wp-json\/wp\/v2\/users\/23"}],"replies":[{"embeddable":true,"href":"https:\/\/www.greenpeace.org\/slovenia\/wp-json\/wp\/v2\/comments?post=79081"}],"version-history":[{"count":14,"href":"https:\/\/www.greenpeace.org\/slovenia\/wp-json\/wp\/v2\/posts\/79081\/revisions"}],"predecessor-version":[{"id":79157,"href":"https:\/\/www.greenpeace.org\/slovenia\/wp-json\/wp\/v2\/posts\/79081\/revisions\/79157"}],"wp:featuredmedia":[{"embeddable":true,"href":"https:\/\/www.greenpeace.org\/slovenia\/wp-json\/wp\/v2\/media\/79088"}],"wp:attachment":[{"href":"https:\/\/www.greenpeace.org\/slovenia\/wp-json\/wp\/v2\/media?parent=79081"}],"wp:term":[{"taxonomy":"category","embeddable":true,"href":"https:\/\/www.greenpeace.org\/slovenia\/wp-json\/wp\/v2\/categories?post=79081"},{"taxonomy":"post_tag","embeddable":true,"href":"https:\/\/www.greenpeace.org\/slovenia\/wp-json\/wp\/v2\/tags?post=79081"},{"taxonomy":"p4-page-type","embeddable":true,"href":"https:\/\/www.greenpeace.org\/slovenia\/wp-json\/wp\/v2\/p4-page-type?post=79081"}],"curies":[{"name":"wp","href":"https:\/\/api.w.org\/{rel}","templated":true}]}}