{"id":847,"date":"2017-03-02T21:09:00","date_gmt":"2017-03-02T21:09:00","guid":{"rendered":"https:\/\/master.k8s.p4.greenpeace.org\/slovenia\/blog\/847\/break-free-osvobodimo-se-umazane-energije\/"},"modified":"2023-06-01T16:18:22","modified_gmt":"2023-06-01T16:18:22","slug":"break-free-osvobodimo-se-umazane-energije","status":"publish","type":"post","link":"https:\/\/www.greenpeace.org\/slovenia\/blog\/847\/break-free-osvobodimo-se-umazane-energije\/","title":{"rendered":"Break Free &#8211; Osvobodimo se umazane energije"},"content":{"rendered":"<div class=\"post-content\">\n<div>\n<p><img decoding=\"async\" style=\"float: right;\" title=\"Break Free 2017\" src=\"https:\/\/www.greenpeace.org\/static\/planet4-slovenia-stateless\/2019\/03\/23680482-23680482-134210_238124.jpg\" alt=\"Break Free 2017\" \/><\/p>\n<p>Kmalu se bodo po svetu znova dvignili podnebni aktivisti.\u00a0Med 13. in 31. marcem se bo namre\u010d\u00a0 pod okriljem gibanja <a href=\"https:\/\/www.breakfree2017.org\/\">Break Free<\/a> po svetu zvrstila serija dogodkov z enotnim ciljem upora proti umazani energiji in sporo\u010dilom nujnosti hitrega opu\u0161\u010danja fosilnih goriv.<\/p>\n<p>Prvi Break Free je potekal \u017ee v lanskem letu, ko se je industriji fosilnih goriv in njihovim finan\u010dnim podpornikom uprlo ve\u010d kot 30.000 ljudi, ki so z 29 miroljubnimi neposrednimi ukrepi na \u0161estih celinah zasedli rudnike premoga, blokirali investitorje in svoje nestrinjanje izrazili z odhodom na ulice.<\/p>\n<p>Break Free je skupna pobuda razli\u010dnih organizacij in iniciativ, ki bo na globalni ravni letos sku\u0161ala povezati zlasti skupine ljudi, ki jih podnebne spremembe najbolj ogro\u017eajo (staroselske skupnosti, kmetje, plju\u010dni in sr\u010dno\u017eilni bolniki \u2026) in ki pogosto najbolj neutrudno bijejo podnebne boje. Vsako leto koordinacijo dogodka prevzame ena od ve\u010djih organizacij. Letos je to Greenpeace.<\/p>\n<p>Vsako leto smo vedno bolj soo\u010deni z dokazi o posledicah delovanja fosilne industrije, ki se ka\u017eejo v taljenju ledu na Arktiki, dvigu gladine oceanov, onesna\u017eenju okolja in omejevanju na\u0161ih pravic. \u010ce bi radi ohranili relativno varno okolje za na\u0161o in prihodnje generacije, pa ne smemo dopustiti, da globalna temperatura v tem stoletju naraste za ve\u010d kot 1,5 \u00b0C, kar so si za svoj cilj zadale tudi podpisnice Pari\u0161kega sporazuma.<\/p>\n<p>Opozarjajo nas, da moramo za omejitev globalnega segrevanja na 1,5 \u00b0C dose\u010di popolno dekarbonizacijo globalnega energetskega in industrijskega sektorja do leta 2050, kar pomeni zapiranje obstoje\u010dih premogovnih elektrarn v dr\u017eavah EU mnogo pred predvidenim rokom.[1]<\/p>\n<p>A navkljub tovrstnim opozorilom dr\u017eave vseeno dajejo prednost interesom industrije fosilnih goriv ter odobravajo in celo financirajo fosilne projekte. Temu smo nedvomno pri\u010da tudi v Sloveniji. Ob nedavni novici o predlagani uvedbi prispevka na polo\u017enicah za elektriko, s katerim bi krpali vsakoletne milijonske izgube Termoelektrarne \u0160o\u0161tanj, zdi ta trenutek \u0161e posebej idealen sodelovanje v kampanji Break Free.<\/p>\n<p>\u010ce se vlade po svetu, vklju\u010dno s slovensko, ne zmenijo za negativne posledice kurjenja fosilnih goriv , moramo biti ravno mi tisti, ki naj jih opozorimo na to, da je nekomu mar za prihodnost okolja in posameznikov, ki bodo v njem \u017eiveli. \u010ce v tem trenutku ne povzdignemo glasu in izrazimo svojo \u017eeljo po prihodnosti brez umazane energije, bomo izgubili prilo\u017enost za pravo\u010dasno ukrepanje.<\/p>\n<p>Zato je namen globalnega gibanja Break Free v Sloveniji vrniti nujnost pravo\u010dasnega opu\u0161\u010danja fosilnih goriv na politi\u010dni dnevni red in vzpostaviti partnerstva, ki bodo tudi v Sloveniji krepila podnebno gibanje.<\/p>\n<p><img loading=\"lazy\" decoding=\"async\" title=\"TE\u01606. (c) Kralj \/ Greenpeace.\" src=\"https:\/\/www.greenpeace.org\/static\/planet4-slovenia-stateless\/2019\/03\/0e6e9c71-0e6e9c71-134207_238117.jpg\" alt=\"TE\u01606. (c) Kralj \/ Greenpeace.\" width=\"610\" height=\"489\" \/><\/p>\n<p>K sodelovanju pri gibanju Break Free ste vabljeni vsi, ki se prepoznate v opisanih ciljih in sporo\u010dilih. V Sloveniji Break Free za\u010denjamo na zadnji dan javne obravnave zakona\u00a0 o spremembah in dopolnitvah energetskega zakona, 7. marca, z novinarsko konferenco. V kolikor bi \u017eeleli obogatiti globalni break free treneutek, nam sporo\u010dite svoje na\u010drtovane aktivnosti, da bomo lahko o njih raz\u0161irili glas. \u00a0\u010ce se strinjate, da so industriji fosilnih goriv \u0161teti dnevi in da je za pravo\u010dasno za\u0161\u010dito okolja potrebno takoj\u0161nje ukrepanje, postanite del kampanje Break Free in nam pomagajte, da se s skupnimi mo\u010dmi osvobodimo izpod jarma umazane energije.<\/p>\n<p>* prispevek je bil prvotno objavljen kot uvodnik v <a href=\"http:\/\/planbzaslovenijo.si\/mreza-plan-b-za-slovenijo\/novice-mreze-2016#ve%C4%8D\" target=\"_blank\" rel=\"noopener noreferrer\">novicah mre\u017ee Plan B<\/a>.<\/p>\n<hr \/>\n<p><strong><strong>Avtorica<\/strong>\u00a0<strong>prispevka<\/strong><\/strong>:<strong><strong>\u00a0Iris Sili\u010d<\/strong>, <\/strong>prostovoljka Greenpeacea v Sloveniji<\/p>\n<p><strong>Kontakt<\/strong>: <strong>Zala Primc<\/strong>, <a href=\"mailto:zala.primc@greenpeace.org\" target=\"_blank\" rel=\"noopener noreferrer\">zala.primc@greenpeace.org<\/a><script type=\"text\/javascript\"><!--\ndocument.write(dc('Eoi_1', '3A_5D_48_55_14_5F_59_5B_5F_4A_54_5F_5F_48_5D_7A_59_57_53_48_4A_14_5B_56_5B_40'));\/\/--><\/script><\/p>\n<div>\n<div id=\"edn1\">\n<hr \/>\n<p>[1] <a href=\"http:\/\/climateanalytics.org\/hot-topics\/feasibility-of-limiting-warming-to-below-1-5c.html\">http:\/\/climateanalytics.org\/hot-topics\/feasibility-of-limiting-warming-to-below-1-5c.html<\/a><\/p>\n<\/div>\n<\/div>\n<\/div>\n<\/div>\n","protected":false},"excerpt":{"rendered":"<p>Kmalu se bodo po svetu znova dvignili podnebni aktivisti.\u00a0Med 13. in 31. marcem se bo namre\u010d\u00a0 pod okriljem gibanja Break Free po svetu zvrstila serija dogodkov z enotnim ciljem upora&hellip;<\/p>\n","protected":false},"author":64,"featured_media":849,"comment_status":"closed","ping_status":"closed","sticky":false,"template":"","format":"standard","meta":{"ep_exclude_from_search":false,"p4_og_title":"","p4_og_description":"","p4_og_image":"","p4_og_image_id":"","p4_seo_canonical_url":"","p4_campaign_name":"not set","p4_local_project":"not set","p4_basket_name":"not set","p4_department":"","footnotes":""},"categories":[45],"tags":[32],"p4-page-type":[24],"class_list":["post-847","post","type-post","status-publish","format-standard","has-post-thumbnail","hentry","category-podnebje","tag-brezpremoga","p4-page-type-blog"],"_links":{"self":[{"href":"https:\/\/www.greenpeace.org\/slovenia\/wp-json\/wp\/v2\/posts\/847","targetHints":{"allow":["GET"]}}],"collection":[{"href":"https:\/\/www.greenpeace.org\/slovenia\/wp-json\/wp\/v2\/posts"}],"about":[{"href":"https:\/\/www.greenpeace.org\/slovenia\/wp-json\/wp\/v2\/types\/post"}],"author":[{"embeddable":true,"href":"https:\/\/www.greenpeace.org\/slovenia\/wp-json\/wp\/v2\/users\/64"}],"replies":[{"embeddable":true,"href":"https:\/\/www.greenpeace.org\/slovenia\/wp-json\/wp\/v2\/comments?post=847"}],"version-history":[{"count":3,"href":"https:\/\/www.greenpeace.org\/slovenia\/wp-json\/wp\/v2\/posts\/847\/revisions"}],"predecessor-version":[{"id":4212,"href":"https:\/\/www.greenpeace.org\/slovenia\/wp-json\/wp\/v2\/posts\/847\/revisions\/4212"}],"wp:featuredmedia":[{"embeddable":true,"href":"https:\/\/www.greenpeace.org\/slovenia\/wp-json\/wp\/v2\/media\/849"}],"wp:attachment":[{"href":"https:\/\/www.greenpeace.org\/slovenia\/wp-json\/wp\/v2\/media?parent=847"}],"wp:term":[{"taxonomy":"category","embeddable":true,"href":"https:\/\/www.greenpeace.org\/slovenia\/wp-json\/wp\/v2\/categories?post=847"},{"taxonomy":"post_tag","embeddable":true,"href":"https:\/\/www.greenpeace.org\/slovenia\/wp-json\/wp\/v2\/tags?post=847"},{"taxonomy":"p4-page-type","embeddable":true,"href":"https:\/\/www.greenpeace.org\/slovenia\/wp-json\/wp\/v2\/p4-page-type?post=847"}],"curies":[{"name":"wp","href":"https:\/\/api.w.org\/{rel}","templated":true}]}}