{"id":852,"date":"2014-10-03T13:54:00","date_gmt":"2014-10-03T13:54:00","guid":{"rendered":"https:\/\/master.k8s.p4.greenpeace.org\/slovenia\/blog\/852\/medtem-ko-politiki-odlocajo-o-nasi-energetski-prihodnosti-jim-odlocno-povejmo-poslusajte-ljudi-ne-onesnazevalcev\/"},"modified":"2023-06-01T16:19:37","modified_gmt":"2023-06-01T16:19:37","slug":"medtem-ko-politiki-odlocajo-o-nasi-energetski-prihodnosti-jim-odlocno-povejmo-poslusajte-ljudi-ne-onesnazevalcev","status":"publish","type":"post","link":"https:\/\/www.greenpeace.org\/slovenia\/blog\/852\/medtem-ko-politiki-odlocajo-o-nasi-energetski-prihodnosti-jim-odlocno-povejmo-poslusajte-ljudi-ne-onesnazevalcev\/","title":{"rendered":"Medtem ko politiki odlo\u010dajo o na\u0161i energetski prihodnosti, jim odlo\u010dno povejmo:  poslu\u0161ajte ljudi, ne onesna\u017eevalcev!"},"content":{"rendered":"<div class=\"post-content\">\n<div>\n<p>\u010cez tri tedne, 23. in 24. oktobra, se bodo evropski politi\u010dni voditelji sestali v Bruslju, kjer se bodo dogovorili o evropski podnebno-energetski politiki, ki bo vplivala na nas \u0161e ve\u010d naslednjih desetletij.<\/p>\n<p>Politiki so pod pritiskom, \u0161e posebej po podnebnem vrhu v New Yorku, kjer se je zgodil najve\u010dji podnebni protest v zgodovini. Ljudje zahtevajo odlo\u010dne ukrepe za za\u0161\u010dito podnebja. Vedo, da se ljudje ne zadovoljijo ve\u010d z nekaj visokolete\u010dimi besedami o podnebnih spremembah, ampak ho\u010de videti konkretne ukrepe.<\/p>\n<p>S tem ko se pribli\u017euje zima in bodo Evropejci vedno bolj izpostavljeni potrebi po ogrevanju na plin, bo predsednik Putin zelo verjeno nadaljeval z gro\u017enjami o izklopu dobave plina za Evropo, da bi dosegel svoje cilje v Ukrajini. Predstavniki fosilnega lobija pritiskajo na evropske voditelje, naj Rusije ne razburjajo preve\u010d, s tem ko govorijo o energetski neodvisnosti s pomo\u010djo obnovljivih virov. \u010ce bomo tiho, se bomo lahko \u0161e naprej greli na ruski plin.<\/p>\n<p>Vemo pa, da lahko najve\u010d naredimo za svojo energetsko varnost z obnovljivimi viri in z zmanj\u0161anjem porabe energijo s pomo\u010djo energetske u\u010dinkovitosti. Vsaka son\u010dna elektrarna in vsaka nova vetrnica, ki se postavi v Evropi, zmanj\u0161uje na\u0161e ra\u010dune za fosilna goriva. <a href=\"http:\/\/bit.ly\/1nZRw7V\">EU vsako leto pla\u010duje ve\u010d kot 400 milijard evrov za nakup ve\u010d kot pol energije (53 %), ki jo porabi, v tujini.<\/a><\/p>\n<p>Cena obnovljivih virov vztrajno pada, kljub prejemanju veliko manj\u0161ih podpor v primerjavi s podporami, ki so jih v fazi razvoja prejeli jedrski ali fosilni sektor. Na podlagi <a href=\"http:\/\/www.renewablesinternational.net\/eu-energy-commissioner-redacts-subsidy-figures\/150\/537\/73883\/\">podatkov EU<\/a>, ki so pricurljali v javnost, sta leta 2011 jedrska in fosilna industrija v EU skupaj prejeli 60 milijard evrov subvencij \u2013 kar je dvakrat ve\u010d, kot so prejeli proizvajalci obnovljivih virov v istem letu.<\/p>\n<p>Upo\u0161tevajmo \u0161e stro\u0161ke kurjenja fosilnih goriv. Samo onesna\u017een zrak zaradi fosilnih goriv nas Evropejce stane <a href=\"http:\/\/bit.ly\/1eMB0m7\">42,8 milijard evrov letno za zdravstvene stro\u0161ke<\/a>. Ti izra\u010duni seveda ne zajemajo trpljenja ljudi, ki obolijo zaradi onesna\u017eenega zraka. Nere\u0161eno vpra\u0161anje visoko radioaktivnih jedrskih odpadkov in razgradnja jedrskih elektrarn nas bo finan\u010dno iz\u010drpavala \u0161e ve\u010d naslednjih generacij. Podalj\u0161anje delovanja Francoskih nukleark na 50 let delovanja bo stalo <a href=\"http:\/\/www.euractiv.com\/sections\/energy\/cost-caring-europes-elderly-nuclear-plants-307805\">55 milijard evrov<\/a>.<\/p>\n<p>Po drugi strani vemo, da obnovljivi viri ustvarjajo delovna mesta. Po podatkih Evropske komisije je sektor obnovljivih virov energije do leta 2011 v EU ustvaril med <a href=\"https:\/\/www.greenpeace.org\/static\/planet4-slovenia-stateless\/2019\/03\/swd_2014_xxx_en.pdf\">800 000 in 1,2 milijona novih delovnih mest<\/a>.<\/p>\n<p>Nenazadnje pa imamo \u0161e najbolj smiselno in samoumevno re\u0161itev: zmanj\u0161anje razsipavanja z energijo. Prav vse dr\u017eave EU bi rade porabljale energijo bolj u\u010dinkovito. Kdo bi potemtakem v njihov imenu nasprotoval EU ciljem za pove\u010danje energetske u\u010dinkovitosti. \u0160e nikoli noben politik ni rekel, da je zapravljanje energije dobra stvar.<\/p>\n<p>\u017delimo zagotovilo, da bodo politiki prisluhnili \u017eeljam ljudem, ki so jih postavili na polo\u017eaj mo\u010di, in ne zgolj fosilni ter jedrski industriji, ki glasno trka na njihova vrata. Predstavniki teh industrij to po\u010dno zaradi tega, ker jih je strah. Njihov poslovni model je zastarel. Niso investirali v obnovljive vire energije (ampak v TE\u0160 6 in razmi\u0161ljajo o NEK II), ki je edina jasna pot v prihodnost. Namesto tega je sredi\u0161\u010de gospodarstva danes \u0161e vedno odvisno od uvoza umazanih fosilnih goriv iz obmo\u010dij nestabilnih re\u017eimov, kar ohranja Evropsko geopoliti\u010dno ranljivost.<\/p>\n<p>\u00a0Greenpeace poziva evropske politike k podpori <a href=\"https:\/\/www.greenpeace.org\/static\/planet4-slovenia-stateless\/2019\/03\/b1d3f131-b1d3f131-ee1_en.pdf\">45 odstotnega dele\u017ea obnovljivih virov energije, 40 odstotni energetski u\u010dinkovitosti in 55 odstotnem zmanj\u0161anju doma\u010dih izpustov ogljika<\/a> v energetski politiki do leta 2030.<\/p>\n<p>\u00a0Naslednji korak proti kon\u010dni odlo\u010ditvi bo v ponedeljek, 6. oktobra, v Milanu. Energetski in okoljski ministri EU bodo pripravili teren za voditelje dr\u017eav in vlad, ki se bodo sestali dva tedna kasneje.<\/p>\n<p>\u00a0\u017delimo, da vsi ti ministri s strani svojih dr\u017eav sli\u0161ijo to, preden pridejo v Milan. Od na\u0161ih podpornikov \u017eelimo, da jih pozovejo k podpori ve\u010dji energetske u\u010dinkovitosti in ve\u010d obnovljivim virom ter ve\u010djim rezom ogljika.<\/p>\n<p>\u00a0\u017delimo jih opomniti, za koga pravzaprav delajo.<\/p>\n<p>\u00a0Pridru\u017eite se Evropejkam in Evropejcem po vsej Evropi in tvitajte vladi RS Slovenije danes (<a href=\"https:\/\/twitter.com\/vladaRS\">@vladaRS<\/a>)! Povejte ministru dr. Petru Ga\u0161per\u0161i\u010du (energetika) in ministrici Ireni Majcen (okolje in podnebje), da si \u017eelite obnovljivih virov in energetske u\u010dinkovitosti za varno energetsko prihodnost. <a href=\"http:\/\/www.greenpeace.org\/slovenia\/si\/Medijsko-sredisce\/zadnje-objave\/Rezultati-javnega-mnenja\/\">90 % Slovenk in Slovencev zahteva nova vlaganja v obnovljive vire in energetsko u\u010dinkovitost<\/a>, ter skupno ukrepanje EU. Naj ministra v Milanu zastopata interese ljudi.<\/p>\n<p>Za prihodnost, ki si jo \u017eelimo, spregovorimo z enim odlo\u010dnim: obnovljivi viri in u\u010dinkovitost sta na\u0161a najve\u010dja varnost.<\/p>\n<p>\u00a0<\/p>\n<\/div>\n<\/div>\n","protected":false},"excerpt":{"rendered":"<p>\u010cez tri tedne, 23. in 24. oktobra, se bodo evropski politi\u010dni voditelji sestali v Bruslju, kjer se bodo dogovorili o evropski podnebno-energetski politiki, ki bo vplivala na nas \u0161e ve\u010d naslednjih desetletij.<\/p>\n","protected":false},"author":64,"featured_media":0,"comment_status":"closed","ping_status":"closed","sticky":false,"template":"","format":"standard","meta":{"ep_exclude_from_search":false,"p4_og_title":"","p4_og_description":"","p4_og_image":"","p4_og_image_id":"","p4_seo_canonical_url":"","p4_campaign_name":"","p4_local_project":"","p4_basket_name":"","p4_department":"","footnotes":""},"categories":[45],"tags":[23],"p4-page-type":[24],"class_list":["post-852","post","type-post","status-publish","format-standard","hentry","category-podnebje","tag-podnebje","p4-page-type-blog"],"_links":{"self":[{"href":"https:\/\/www.greenpeace.org\/slovenia\/wp-json\/wp\/v2\/posts\/852","targetHints":{"allow":["GET"]}}],"collection":[{"href":"https:\/\/www.greenpeace.org\/slovenia\/wp-json\/wp\/v2\/posts"}],"about":[{"href":"https:\/\/www.greenpeace.org\/slovenia\/wp-json\/wp\/v2\/types\/post"}],"author":[{"embeddable":true,"href":"https:\/\/www.greenpeace.org\/slovenia\/wp-json\/wp\/v2\/users\/64"}],"replies":[{"embeddable":true,"href":"https:\/\/www.greenpeace.org\/slovenia\/wp-json\/wp\/v2\/comments?post=852"}],"version-history":[{"count":1,"href":"https:\/\/www.greenpeace.org\/slovenia\/wp-json\/wp\/v2\/posts\/852\/revisions"}],"predecessor-version":[{"id":854,"href":"https:\/\/www.greenpeace.org\/slovenia\/wp-json\/wp\/v2\/posts\/852\/revisions\/854"}],"wp:attachment":[{"href":"https:\/\/www.greenpeace.org\/slovenia\/wp-json\/wp\/v2\/media?parent=852"}],"wp:term":[{"taxonomy":"category","embeddable":true,"href":"https:\/\/www.greenpeace.org\/slovenia\/wp-json\/wp\/v2\/categories?post=852"},{"taxonomy":"post_tag","embeddable":true,"href":"https:\/\/www.greenpeace.org\/slovenia\/wp-json\/wp\/v2\/tags?post=852"},{"taxonomy":"p4-page-type","embeddable":true,"href":"https:\/\/www.greenpeace.org\/slovenia\/wp-json\/wp\/v2\/p4-page-type?post=852"}],"curies":[{"name":"wp","href":"https:\/\/api.w.org\/{rel}","templated":true}]}}