{"id":893,"date":"2018-07-26T00:00:00","date_gmt":"2018-07-26T00:00:00","guid":{"rendered":"https:\/\/master.k8s.p4.greenpeace.org\/slovenia\/blog\/893\/odziv-v-tes-u-bi-kurili-odpadke\/"},"modified":"2023-06-01T16:17:15","modified_gmt":"2023-06-01T16:17:15","slug":"odziv-v-tes-u-bi-kurili-odpadke","status":"publish","type":"post","link":"https:\/\/www.greenpeace.org\/slovenia\/sporocilo-za-javnost\/893\/odziv-v-tes-u-bi-kurili-odpadke\/","title":{"rendered":"ODZIV: V TE\u0160-u bi kurili odpadke"},"content":{"rendered":"<div class=\"leader\">\n\tLjubljana, 26. oktober 2018\n<\/div>\n<div>\n<p><strong>Po v\u010deraj\u0161njem <span style=\"text-decoration: underline;\"><a href=\"https:\/\/siol.net\/posel-danes\/novice\/nov-nacrt-za-resevanje-nasedlega-projekta-tes-6-zdaj-bi-kurili-se-odpadke-473637\">poro\u010danju<\/a><\/span> portala Siol.net Termoelektrarna \u0160o\u0161tanj preu\u010duje mo\u017enost kurjenje komunalnih odpadkov kot dodatno surovino za poganjanje turbin \u0161estega bloka in tako kot dodaten vir prihodkov za elektrarno, ki posluje v rde\u010dih \u0161tevilkah.<\/strong><\/p>\n<p><strong>Jaka Kranjc, predstavnik organizacije Ekologi brez meja, je novico komentiral:<\/strong><\/p>\n<p><em>Predstavniki TE\u0160 se\u017eiganje odpadkov predstavljajo kot var\u010devanje z naravnimi viri, kakor da odpadki nastajajo iz ni\u010d in samo \u010dakajo na izrabo. \u0160e ve\u010d, odpadke posku\u0161ajo prikazati kot obnovljiv vir energije, \u010deprav tudi po stari evropski direktivi[1] kot tako lahko smatramo samo energijo iz nefosilniih virov, kar pa plastika, ki predstavlja glavnino kurilne vrednosti odpadkov, ni. Hkrati je potencial zmanj\u0161anja emisij ogljikovega dioksida pri recikliranju, sploh pa pri podalj\u0161evanju \u017eivljenjske dobe izdelkom, mnogo ve\u010dji kot pa pri rabi odpadkovnih goriv[2].<\/em><\/p>\n<p><em>Se\u017eiganje tudi ne bi \u010darobno re\u0161ilo vsakoletnih te\u017eav s prevzemanjem odpadne embala\u017ee, saj gre za lo\u010den sistem raz\u0161irjene odgovornosti proizvajalca, ki je prepotreben novelacije ne glede na razmi\u0161ljanja TE\u0160.<\/em><\/p>\n<p><strong>Katja Hu\u0161, predstavnica Greenpeacea v Sloveniji, dodaja:<\/strong><\/p>\n<p><em>\u201cKreativnih\u201d na\u010dinov, kako zagotoviti TE\u0160u dodatna sredstva, o\u010ditno ni konca. Dve leti je Ministrstvo za infrastrukturo posku\u0161alo uvesti subvencijo za TE\u01603[3], sedaj pa bi vodstvo TE\u0160-a kar s kurjenjem odpadkov re\u0161evalo elektrarno in spodbujalo kurjenje premoga. En okoljsko nesprejemljiv projekt bi napajal drugega.<\/em><\/p>\n<p><em>Tak\u0161nim in druga\u010dnim predlogom za re\u0161evanje TE\u0160a tudi ne bo konca, saj premogovno industrijo ne \u010dakajo bolj\u0161i \u010dasi. Ekonomski trendi in podnebni ukrepi dejansko govorijo v prid zapiranju premogovnih elektrarn v naslednjih 10 letih[4], zagotovo pa TE\u0160 ne bo mogel delovati do sredine stoletja kot je bilo na\u010drtovano.<\/em><\/p>\n<p><em>Edino odgovorno od vodstva TE\u0160 in HSE kot tudi od na\u0161ih politi\u010dnih odlo\u010devalcev, se je na pred\u010dasno zapiranje TE\u0160a ustrezno pripraviti. \u010ce je vodilnim v TE\u0160 in HSE res mar za svoje delavce in lokalno skupnost, bi skupaj z njimi in Vlado RS oblikovali celosten na\u010drt ekonomskega razvoja \u0161ale\u0161ke regije v prihodnosti: v katerih panogah se lahko odlikuje regija, ali bi lahko \u0160o\u0161tanj z okolico \u0161e naprej ostal pomemben center slovenske energetike s preusmeritvijo na prilo\u017enost, ki jih ponujajo nove obnovljive tehnologije, kak\u0161no raziskovalno in izobra\u017eevalno dejavnost se bi v skladu s tem spodbujalo itd. To so klju\u010dna vpra\u0161anja na\u0161ega \u010dasa, ki se jim zaenkrat vsi izogibajo.<\/em><\/p>\n<p><em><img loading=\"lazy\" decoding=\"async\" title=\"TE\u0160. Foto: J. Kralj \/ Greenpeace.\" src=\"https:\/\/www.greenpeace.org\/static\/planet4-slovenia-stateless\/2019\/03\/812f3792-812f3792-jure-kralj-ix_teaser.jpg\" alt=\"TE\u0160. Foto: J. Kralj \/ Greenpeace.\" width=\"570\" height=\"428\"><\/em><\/p>\n<hr>\n<p><strong>Kontakt<\/strong><\/p>\n<p><strong>Katja Podbev\u0161ek<\/strong>, Greenpeace v Sloveniji, <a href=\"mailto:katja.podbevsek@greenpeace.org\" target=\"_blank\" rel=\"noopener noreferrer\">katja.podbevsek@greenpeace.org<\/a><script type=\"text\/javascript\"><!--\ndocument.write(dc('Eoi_1', '97_F0_E5_F8_B9_F2_F4_F6_F2_E7_F9_F2_F2_E5_F0_D7_FC_F2_E4_E1_F2_F5_F3_F8_E7_B9_F6_FD_E3_F6_FC'));\/\/--><\/script>,<\/p>\n<p>+386 40 235 949<\/p>\n<p><strong>Jaka Kranjc<\/strong>, Ekologi brez meja, <a href=\"mailto:jaka.kranjcaocistimo.org\" target=\"_blank\" rel=\"noopener noreferrer\">jaka.kranjcaocistimo.org<\/a><script type=\"text\/javascript\"><!--\ndocument.write(dc('Eoi_2', '0C_65_7F_22_63_61_65_78_7F_65_6F_63_4C_6F_66_62_6D_7E_67_22_6D_67_6D_66'));\/\/--><\/script><\/p>\n<div>\n<hr>\n<hr align=\"left\" size=\"1\" width=\"33%\">\n<div id=\"ftn1\">\n<p><span style=\"font-size: 11.1111px;\">[1]<\/span>\u00a0<span style=\"text-decoration: underline;\"><a href=\"https:\/\/eur-lex.europa.eu\/legal-content\/EN\/ALL\/?uri=CELEX%3A32009L0028\">Renewable Energy Directive<\/a><\/span><\/p>\n<\/div>\n<div id=\"ftn2\">\n<p><span style=\"font-size: 11.1111px;\">[2]<\/span>\u00a0<span style=\"text-decoration: underline;\"><a href=\"https:\/\/zerowasteeurope.eu\/downloads\/the-potential-contribution-of-waste-management-to-a-low-carbon-economy-executive-summary-2\/\">The potential contribution of waste management to a low carbon economy<\/a><\/span><\/p>\n<\/div>\n<div id=\"ftn3\">\n<p><span style=\"font-size: 11.1111px;\">[3]<\/span>\u00a0<span style=\"text-decoration: underline;\"><a href=\"http:\/\/www.greenpeace.org\/slovenia\/si\/Medijsko-sredisce\/zadnje-objave\/Subvenciji-za-TE6-je-potrebno-odlono-nasprotovati\/\">Subvenciji za TE\u01606 je potrebno odlo\u010dno nasprotovati <\/a><\/span>, <span style=\"text-decoration: underline;\"><a href=\"http:\/\/www.greenpeace.org\/slovenia\/si\/Medijsko-sredisce\/zadnje-objave\/Nova-subvencija-TEu\/\">Nova subvencija TE\u0160u<\/a><\/span><\/p>\n<\/div>\n<div id=\"ftn4\">\n<p><span style=\"font-size: 11.1111px;\">[4]<\/span> Climate analytics (2016)<span style=\"text-decoration: underline;\"><a href=\"http:\/\/climateanalytics.org\/latest\/paris-agreement-has-put-a-date-on-the-end-of-coal-fired-power\"> Paris Agreement has put a date on the end of coal-fired power<\/a><\/span>, Climate analytics (2017)<span style=\"text-decoration: underline;\"><a href=\"http:\/\/climateanalytics.org\/hot-topics\/eu-coal-phase-out.html\">\u00a0 Coal phase-out in the European Union<\/a><\/span>. Carbon\u00a0 tracker (2017) <span style=\"text-decoration: underline;\"><a href=\"https:\/\/www.greenpeace.org\/static\/planet4-slovenia-stateless\/2019\/03\/79de0dbb-79de0dbb-carbon-tracker-initiative-lignite-of-the-living-dead_mg4.pdf\">Lignite of the living dead<\/a><\/span>.<\/p>\n<\/div>\n<\/div>\n<\/div>\n","protected":false},"excerpt":{"rendered":"<div>\n\tLjubljana, 26. oktober 2018\n<\/div>\n","protected":false},"author":64,"featured_media":894,"comment_status":"closed","ping_status":"closed","sticky":false,"template":"","format":"standard","meta":{"ep_exclude_from_search":false,"p4_og_title":"","p4_og_description":"","p4_og_image":"","p4_og_image_id":"","p4_seo_canonical_url":"","p4_campaign_name":"","p4_local_project":"","p4_basket_name":"","p4_department":"","footnotes":""},"categories":[45],"tags":[32,33],"p4-page-type":[46],"class_list":["post-893","post","type-post","status-publish","format-standard","has-post-thumbnail","hentry","category-podnebje","tag-brezpremoga","tag-tes","p4-page-type-sporocilo-za-javnost"],"_links":{"self":[{"href":"https:\/\/www.greenpeace.org\/slovenia\/wp-json\/wp\/v2\/posts\/893","targetHints":{"allow":["GET"]}}],"collection":[{"href":"https:\/\/www.greenpeace.org\/slovenia\/wp-json\/wp\/v2\/posts"}],"about":[{"href":"https:\/\/www.greenpeace.org\/slovenia\/wp-json\/wp\/v2\/types\/post"}],"author":[{"embeddable":true,"href":"https:\/\/www.greenpeace.org\/slovenia\/wp-json\/wp\/v2\/users\/64"}],"replies":[{"embeddable":true,"href":"https:\/\/www.greenpeace.org\/slovenia\/wp-json\/wp\/v2\/comments?post=893"}],"version-history":[{"count":1,"href":"https:\/\/www.greenpeace.org\/slovenia\/wp-json\/wp\/v2\/posts\/893\/revisions"}],"predecessor-version":[{"id":896,"href":"https:\/\/www.greenpeace.org\/slovenia\/wp-json\/wp\/v2\/posts\/893\/revisions\/896"}],"wp:featuredmedia":[{"embeddable":true,"href":"https:\/\/www.greenpeace.org\/slovenia\/wp-json\/wp\/v2\/media\/894"}],"wp:attachment":[{"href":"https:\/\/www.greenpeace.org\/slovenia\/wp-json\/wp\/v2\/media?parent=893"}],"wp:term":[{"taxonomy":"category","embeddable":true,"href":"https:\/\/www.greenpeace.org\/slovenia\/wp-json\/wp\/v2\/categories?post=893"},{"taxonomy":"post_tag","embeddable":true,"href":"https:\/\/www.greenpeace.org\/slovenia\/wp-json\/wp\/v2\/tags?post=893"},{"taxonomy":"p4-page-type","embeddable":true,"href":"https:\/\/www.greenpeace.org\/slovenia\/wp-json\/wp\/v2\/p4-page-type?post=893"}],"curies":[{"name":"wp","href":"https:\/\/api.w.org\/{rel}","templated":true}]}}