{"id":902,"date":"2019-01-28T00:00:00","date_gmt":"2019-01-28T00:00:00","guid":{"rendered":"https:\/\/master.k8s.p4.greenpeace.org\/slovenia\/blog\/902\/nemcija-nacrtuje-konec-premoga\/"},"modified":"2023-06-01T16:17:00","modified_gmt":"2023-06-01T16:17:00","slug":"nemcija-nacrtuje-konec-premoga","status":"publish","type":"post","link":"https:\/\/www.greenpeace.org\/slovenia\/sporocilo-za-javnost\/902\/nemcija-nacrtuje-konec-premoga\/","title":{"rendered":"Nem\u010dija na\u010drtuje konec premoga"},"content":{"rendered":"<h2>Zaprtje nem\u0161kih termoelektrarn do leta 2038<\/h2>\n<p class=\"leader\"><strong>Berlin\/Ljubljana, 28. januar 2019: Nem\u010dija bi naj zaprla vse svoje premogovne elektrarne do leta 2038. Do tega mnenja je pri\u0161la nem\u0161ka vladna komisija, ki jo je kanclerka Merkel dolo\u010dila za oblikovanje poti opu\u0161\u010danja premoga v dr\u017eavi. V komisiji je sodeloval tudi Greenpeace Nem\u010dija in druge okoljevarstvene organizacije. Greenpeace Nem\u010dija opozarja, da kon\u010dni datum ni sprejemljiv, saj nezadostno odgovarja na podnebno krizo. Glede na ugotovitve Posebnega poro\u010dila o 1.5\u00b0C, ki so ga preteklo jesen izdali Zdru\u017eeni Narodi, bi morale namre\u010d evropske dr\u017eave premog opustiti do leta 2030.<\/strong><\/p>\n<p class=\"leader\"><strong>Katja Hu\u0161,<\/strong> predstavnica Greenpeacea v Sloveniji, je novico komentirala:<\/p>\n<div>\n<p><em>\u00bbGlede na znanstvena opozorila o podnebni krizi lahko re\u010demo, da bodo premog v Nem\u010diji kurili 8 let predolgo. Ampak Nem\u010dija \u2013 evropska premogovna velesila \u2013 si vsaj upa na\u010drtovati zapiranje elektrarn. V<\/em><em> Slovenij si nih\u010de od vodilnih politikov ne upa izustiti besede \u00bbzapiranje TE\u0160\u00ab in odgovorno pristopiti k okoljskemu in ekonomskemu problemu, ki ga imamo. Medtem, ko se v Nem\u010diji pogovarjajo, kako pravo\u010dasno in pravi\u010dno opustiti premog, v Sloveniji kro\u017eijo novice o uva\u017eanju premoga<\/em><em><strong>[1]<\/strong><\/em><em>! Jasno je \u2013 dlje ko se bo Vlada RS izogibala pogovoru o koncu premoga, bolj bomo nastradali ljudje: nosili bomo breme finan\u010dne luknje TE\u0160, <\/em><em>rudarjii bodo izgubljali slu\u017ebe<strong>[2]<\/strong>, podnebna \u0161koda pa bo iz leta v leto ve\u010dja. Ampak \u010de lahko dr\u017eava z <\/em><em>najve\u010d premogovnimi kapacitetami v Evropi na\u010drtuje konec premoga, ga zagotovo lahko tudi mi. In ga tudi moramo. Ni ve\u010d izgovorov.\u00ab<\/em><\/p>\n<p>Glede na ugotovitve nedavno izdanega Posebnega poro\u010dila o 1.5\u00b0C bi morali za omejitev dviga temperature na 1,5 \u00b0C globalno porabo premoga do leta 2030 zmanj\u0161ati vsaj za dve tretjini, evropske dr\u017eave pa bi morale premog opustiti najhitreje \u2013 <a href=\"https:\/\/climateanalytics.org\/briefings\/coal-phase-out\/\">do leta 2030<\/a>.<\/p>\n<p>Kot \u010detrto najve\u010dje svetovno gospodarstvo in \u0161esti najve\u010dji onesna\u017eevalec podnebja na svetu glede na izpuste CO2 z najve\u010d premogovnimi kapacitetami v Evropi (glede na in\u0161talirano mo\u010d), lahko Nem\u010dija poka\u017ee zgled, kako voditi tranzicijo stran od fosilnih goriv v skladu s Pari\u0161kim podnebnim sporazumom.<\/p>\n<p><img loading=\"lazy\" decoding=\"async\" title=\"Termoelektrarne segrevajo planet. (c) Greenpeace\" src=\"https:\/\/www.greenpeace.org\/static\/planet4-slovenia-stateless\/2019\/03\/dd36f897-dd36f897-50811304_2440882685940040_7294652513716797440_org.jpg\" alt=\"Termoelektrarne segrevajo planet. (c) Greenpeace\" width=\"600\" height=\"449\" \/><\/p>\n<p>Odziv Greenpeace International si lahko preberete <a href=\"https:\/\/www.greenpeace.org\/international\/press-release\/20429\/greenpeace-welcomes-germanys-plan-to-phase-out-coal-but-urges-haste\/\">TUKAJ<\/a> (v ang.)<\/p>\n<hr \/>\n<p><strong>Kontakt<\/strong><\/p>\n<p><strong>Katja Hu\u0161<\/strong>, 040 981 621, <a href=\"mailto:katja.hus@greenpeace.org\" target=\"_blank\" rel=\"noopener noreferrer\">katja.hus@greenpeace.org<\/a><script type=\"text\/javascript\"><!-- document.write(dc('Eoi_1', 'AC_CB_DE_C3_82_C9_CF_CD_C9_DC_C2_C9_C9_DE_CB_EC_DF_D9_C4_82_CD_C6_D8_CD_C7'));\/\/--><\/script><\/p>\n<p>Sporo\u010dilo za javnost v <a href=\"https:\/\/www.greenpeace.org\/static\/planet4-slovenia-stateless\/2019\/03\/e4aa48c0-e4aa48c0-nem\u010cija-na\u010crtuje-konec-premoga.pdf\">pdf obliki<\/a>.<\/p>\n<div>\n<hr align=\"left\" size=\"1\" width=\"33%\" \/>\n<div id=\"ftn1\">\n<p>[1] <a href=\"https:\/\/www.vecer.com\/do-kdaj-se-saleski-lignit-za-termoelektrarno-sostanj-6626092\">https:\/\/www.vecer.com\/do-kdaj-se-saleski-lignit-za-termoelektrarno-sostanj-6626092<\/a><\/p>\n<\/div>\n<div id=\"ftn2\">\n<p>[2] <a href=\"https:\/\/siol.net\/posel-danes\/novice\/cena-lazi-v-projektu-tes6-200-zaposlenih-v-velenju-prevec-484054\">https:\/\/siol.net\/posel-danes\/novice\/cena-lazi-v-projektu-tes6-200-zaposlenih-v-velenju-prevec-484054<\/a><\/p>\n<\/div>\n<\/div>\n<\/div>\n","protected":false},"excerpt":{"rendered":"<div>\n\tBerlin\/Ljubljana, 28. januar 2019: Nem\u010dija bi naj zaprla vse svoje premogovne elektrarne do leta 2038. Do tega mnenja je pri\u0161la nem\u0161ka vladna komisija, ki jo je kanclerka Merkel dolo\u010dila za oblikovanje poti opu\u0161\u010danja premoga v dr\u017eavi. V komisiji je sodeloval tudi Greenpeace Nem\u010dija in druge okoljevarstvene organizacije. Greenpeace Nem\u010dija opozarja, da kon\u010dni datum ni sprejemljiv, saj nezadostno odgovarja na podnebno krizo. Glede na ugotovitve Posebnega poro\u010dila o 1.5\u00b0C, ki so ga preteklo jesen izdali Zdru\u017eeni Narodi, bi morale namre\u010d evropske dr\u017eave premog opustiti do leta 2030.\n<\/div>\n","protected":false},"author":64,"featured_media":903,"comment_status":"closed","ping_status":"closed","sticky":false,"template":"","format":"standard","meta":{"ep_exclude_from_search":false,"p4_og_title":"","p4_og_description":"","p4_og_image":"","p4_og_image_id":"","p4_seo_canonical_url":"","p4_campaign_name":"","p4_local_project":"","p4_basket_name":"","p4_department":"","footnotes":""},"categories":[45],"tags":[32,33],"p4-page-type":[46],"class_list":["post-902","post","type-post","status-publish","format-standard","has-post-thumbnail","hentry","category-podnebje","tag-brezpremoga","tag-tes","p4-page-type-sporocilo-za-javnost"],"_links":{"self":[{"href":"https:\/\/www.greenpeace.org\/slovenia\/wp-json\/wp\/v2\/posts\/902","targetHints":{"allow":["GET"]}}],"collection":[{"href":"https:\/\/www.greenpeace.org\/slovenia\/wp-json\/wp\/v2\/posts"}],"about":[{"href":"https:\/\/www.greenpeace.org\/slovenia\/wp-json\/wp\/v2\/types\/post"}],"author":[{"embeddable":true,"href":"https:\/\/www.greenpeace.org\/slovenia\/wp-json\/wp\/v2\/users\/64"}],"replies":[{"embeddable":true,"href":"https:\/\/www.greenpeace.org\/slovenia\/wp-json\/wp\/v2\/comments?post=902"}],"version-history":[{"count":4,"href":"https:\/\/www.greenpeace.org\/slovenia\/wp-json\/wp\/v2\/posts\/902\/revisions"}],"predecessor-version":[{"id":1659,"href":"https:\/\/www.greenpeace.org\/slovenia\/wp-json\/wp\/v2\/posts\/902\/revisions\/1659"}],"wp:featuredmedia":[{"embeddable":true,"href":"https:\/\/www.greenpeace.org\/slovenia\/wp-json\/wp\/v2\/media\/903"}],"wp:attachment":[{"href":"https:\/\/www.greenpeace.org\/slovenia\/wp-json\/wp\/v2\/media?parent=902"}],"wp:term":[{"taxonomy":"category","embeddable":true,"href":"https:\/\/www.greenpeace.org\/slovenia\/wp-json\/wp\/v2\/categories?post=902"},{"taxonomy":"post_tag","embeddable":true,"href":"https:\/\/www.greenpeace.org\/slovenia\/wp-json\/wp\/v2\/tags?post=902"},{"taxonomy":"p4-page-type","embeddable":true,"href":"https:\/\/www.greenpeace.org\/slovenia\/wp-json\/wp\/v2\/p4-page-type?post=902"}],"curies":[{"name":"wp","href":"https:\/\/api.w.org\/{rel}","templated":true}]}}