{"id":926,"date":"2018-04-09T00:00:00","date_gmt":"2018-04-09T00:00:00","guid":{"rendered":"https:\/\/master.k8s.p4.greenpeace.org\/slovenia\/blog\/926\/se-samooskrba-iz-ove-obeta-tudi-prebivalcem-v-blokih\/"},"modified":"2023-06-01T16:17:58","modified_gmt":"2023-06-01T16:17:58","slug":"se-samooskrba-iz-ove-obeta-tudi-prebivalcem-v-blokih","status":"publish","type":"post","link":"https:\/\/www.greenpeace.org\/slovenia\/sporocilo-za-javnost\/926\/se-samooskrba-iz-ove-obeta-tudi-prebivalcem-v-blokih\/","title":{"rendered":"Se samooskrba iz OVE obeta tudi prebivalcem v blokih?"},"content":{"rendered":"<div class=\"leader\">\n\tLjubljana, 10. april 2018: Jutri, v sredo 11.4., bodo na nujni seji Odbora za infrastrukturo, okolje in prostor, poslanci odlo\u010dali o noveli Energetskega zakona (EZ-1C), ki opredeljuje skupnostno samooskrbo z elektri\u010dno energijo iz obnovljivih virov energije (OVE). Predlog \u0161iri samooskrbo z elektri\u010dno energijo iz OVE na energetske skupnosti, s tem samoooskrbo omogo\u010da tudi za ve\u010dstanovanjske stavbe in odpira mo\u017enost uporabe streh ob\u010dinskih stavb za samooskrbo prebivalcev, ki \u017eivijo v bli\u017eini.\n<\/div>\n<div>\n<p>Organizaciji Focus, dru\u0161tvo za sonaraven razvoj in Greenpeace v Sloveniji podpirata predloga zakona. Predlog so podprli tudi <strong>Dr\u017eavni svet<\/strong> (Komisija za lokalno samoupravo in regionalni razvoj), <strong>Skupnost ob\u010din Slovenije<\/strong>, <strong>Javna agencija RS za energijo<\/strong> pa je <a href=\"https:\/\/www.greenpeace.org\/static\/planet4-slovenia-stateless\/2019\/03\/de48fc52-de48fc52-656-5ap.pdf\">komentirala<\/a>, da predlog upo\u0161teva smeri razvoja predvidenih sprememb evropske zakonodaje, ki v prehodu na ve\u010dji dele\u017e OVE podro\u010dje samooskrbe z elektri\u010dno energijo \u0161teje kot enega od pomembnej\u0161ih dejavnikov.<\/p>\n<p><img loading=\"lazy\" decoding=\"async\" title=\"Son\u010dne celice na strehi. (c) Greenpeace.\" src=\"https:\/\/www.greenpeace.org\/static\/planet4-slovenia-stateless\/2019\/03\/595fce12-595fce12-gp0stpmjv.jpg\" alt=\"Son\u010dne celice na strehi. (c) Greenpeace.\" width=\"530\" height=\"353\"><\/p>\n<p><strong>Predstavnik dru\u0161tva Focus dr. Tomislav Tkalec predlog komentiral:<\/strong><\/p>\n<p><em>Sprejem predloga bi imel mnogotere koristi.\u00a0<\/em><em>Skupnost prebivalcev, ki \u017eivijo v blokovskem naselju, bi lahko postavila skupno son\u010dno elektrarno na strehi lastne stanovanjske stavbe, bli\u017enjih gara\u017e<\/em><em>\u00a0ali ob\u010dinske stavbe (\u0161ola, vrtci, kulturni dom, gasilski dom\u2026.). V primeru postavitve son\u010dne elektrarne na ob\u010dinski strehi bi lahko za ob\u010dino to pomenilo vir zaslu\u017eka preko oddaje strehe (najemnina). Na ta na\u010din bi lahko od projekta imela\u00a0koristi celotna lokalna skup<\/em><em>nost, zni\u017eali bi emisije CO2 ter prispevali k\u00a0uresni\u010devanju dr\u017eavnega cilja za pove\u010danje dele\u017ea OVE.<\/em><\/p>\n<p><strong>Mag. Katja Hu\u0161 iz Greenpeace v Sloveniji dodaja:<\/strong><\/p>\n<p><em>Zakaj bi prepre\u010devali ljudem, da z nekaj prihranki sodelujejo v postavljanju son\u010dne elektrarne na strehi bli\u017enje \u0161ole, njihov dele\u017e proizvedene energije v skupni elektrarni pa bi se jim od\u0161tel od lastnega ra\u010duna za elektriko? Bilo bi prav neumno, da ne bi omogo\u010dili tako dobrih energetskih projektov, ki bi jih lahko izvajale ob\u010dine skupaj s svojimi prebivalci. Po \u0161tirih letih stagnacije na podro\u010dju \u010distih energetskih virov, imajo poslanci prilo\u017enost, da odprejo vrata energetike za prebivalce. Pri\u010dakujemo, da bodo to prilo\u017enosti izkoristili in predlog podprli.<\/em><\/p>\n<p>Do leta 2050 bi lahko lastno elektri\u010dno energijo iz sonca in vetra proizvajalo ve\u010d kot 900 tiso\u010d prebivalcev Slovenije, kar predstavlja skoraj polovico celotne populacije. S tem bi zadovoljili \u010detrtini potreb Slovenije po elektri\u010dni energiji [1].<\/p>\n<hr>\n<p><strong>Kontakt, viri:<\/strong><\/p>\n<p><strong>Mag. Katja Hu\u0161<\/strong>, Greenpeace v Sloveniji, 040 981 621, <a href=\"mailto:katja.hus@greenpeace.org\" target=\"_blank\" rel=\"noopener noreferrer\">katja.hus@greenpeace.org<\/a><script type=\"text\/javascript\"><!--\ndocument.write(dc('Eoi_1', '0F_68_7D_60_21_6A_6C_6E_6A_7F_61_6A_6A_7D_68_4F_7C_7A_67_21_6E_65_7B_6E_64'));\/\/--><\/script><\/p>\n<p>[1] Poro\u010dilo z naslovom\u00a0<a href=\"http:\/\/www.greenpeace.org\/slovenia\/si\/Medijsko-sredisce\/zadnje-objave\/Prebivalci-kot-steber-energetske-tranzicije\/\">Potencial za energetske dr\u017eavljane v Evropski uniji<\/a> je izvedel okoljski raziskovalni in\u0161titut CE Delft po naro\u010dilu Evropske zveze za obnovljivo energijo (EREF) ter organizacij Friends of the Earth Europe, Greenpeace in REScoop.eu.<\/p>\n<p>Sporo\u010dilo za javnost je na voljo tudi v\u00a0<a href=\"https:\/\/www.greenpeace.org\/static\/planet4-slovenia-stateless\/2019\/03\/a05e9f6e-a05e9f6e-se-samooskrba-iz-ove-obeta-tudi-prebivalcem-v-blokih.pdf\">pdf obliki<\/a>.<\/p>\n<\/div>\n","protected":false},"excerpt":{"rendered":"<div>\n\tLjubljana, 10. april 2018: Jutri, v sredo 11.4., bodo na nujni seji Odbora za infrastrukturo, okolje in prostor, poslanci odlo\u010dali o noveli Energetskega zakona (EZ-1C), ki opredeljuje skupnostno samooskrbo z elektri\u010dno energijo iz obnovljivih virov energije (OVE). Predlog \u0161iri samooskrbo z elektri\u010dno energijo iz OVE na energetske skupnosti, s tem samoooskrbo omogo\u010da tudi za ve\u010dstanovanjske stavbe in odpira mo\u017enost uporabe streh ob\u010dinskih stavb za samooskrbo prebivalcev, ki \u017eivijo v bli\u017eini.\n<\/div>\n","protected":false},"author":64,"featured_media":927,"comment_status":"closed","ping_status":"closed","sticky":false,"template":"","format":"standard","meta":{"ep_exclude_from_search":false,"p4_og_title":"","p4_og_description":"","p4_og_image":"","p4_og_image_id":"","p4_seo_canonical_url":"","p4_campaign_name":"","p4_local_project":"","p4_basket_name":"","p4_department":"","footnotes":""},"categories":[45],"tags":[29,41],"p4-page-type":[46],"class_list":["post-926","post","type-post","status-publish","format-standard","has-post-thumbnail","hentry","category-podnebje","tag-energetskeskupnosti","tag-obnovljivivirienergije","p4-page-type-sporocilo-za-javnost"],"_links":{"self":[{"href":"https:\/\/www.greenpeace.org\/slovenia\/wp-json\/wp\/v2\/posts\/926","targetHints":{"allow":["GET"]}}],"collection":[{"href":"https:\/\/www.greenpeace.org\/slovenia\/wp-json\/wp\/v2\/posts"}],"about":[{"href":"https:\/\/www.greenpeace.org\/slovenia\/wp-json\/wp\/v2\/types\/post"}],"author":[{"embeddable":true,"href":"https:\/\/www.greenpeace.org\/slovenia\/wp-json\/wp\/v2\/users\/64"}],"replies":[{"embeddable":true,"href":"https:\/\/www.greenpeace.org\/slovenia\/wp-json\/wp\/v2\/comments?post=926"}],"version-history":[{"count":1,"href":"https:\/\/www.greenpeace.org\/slovenia\/wp-json\/wp\/v2\/posts\/926\/revisions"}],"predecessor-version":[{"id":930,"href":"https:\/\/www.greenpeace.org\/slovenia\/wp-json\/wp\/v2\/posts\/926\/revisions\/930"}],"wp:featuredmedia":[{"embeddable":true,"href":"https:\/\/www.greenpeace.org\/slovenia\/wp-json\/wp\/v2\/media\/927"}],"wp:attachment":[{"href":"https:\/\/www.greenpeace.org\/slovenia\/wp-json\/wp\/v2\/media?parent=926"}],"wp:term":[{"taxonomy":"category","embeddable":true,"href":"https:\/\/www.greenpeace.org\/slovenia\/wp-json\/wp\/v2\/categories?post=926"},{"taxonomy":"post_tag","embeddable":true,"href":"https:\/\/www.greenpeace.org\/slovenia\/wp-json\/wp\/v2\/tags?post=926"},{"taxonomy":"p4-page-type","embeddable":true,"href":"https:\/\/www.greenpeace.org\/slovenia\/wp-json\/wp\/v2\/p4-page-type?post=926"}],"curies":[{"name":"wp","href":"https:\/\/api.w.org\/{rel}","templated":true}]}}