{"id":944,"date":"2017-01-18T11:10:00","date_gmt":"2017-01-18T11:10:00","guid":{"rendered":"https:\/\/master.k8s.p4.greenpeace.org\/slovenia\/blog\/944\/motivacijsko-izobrazevalni-vikend-za-prostovoljce-v-drugo\/"},"modified":"2023-06-01T16:18:25","modified_gmt":"2023-06-01T16:18:25","slug":"motivacijsko-izobrazevalni-vikend-za-prostovoljce-v-drugo","status":"publish","type":"post","link":"https:\/\/www.greenpeace.org\/slovenia\/blog\/944\/motivacijsko-izobrazevalni-vikend-za-prostovoljce-v-drugo\/","title":{"rendered":"Motivacijsko-izobra\u017eevalni vikend za prostovoljce v drugo"},"content":{"rendered":"<div class=\"post-content\">\n<div>\n<p>\u017de drugo leto zapored je potekal motivacijski vikend za prostovoljce na Pohorju. Izkoristili smo ga za strokovno predavanje, seznanitev s prihajajo\u010dim dogajanjem, zasnovo novih projektov in seveda za dru\u017eenje.<\/p>\n<p><img decoding=\"async\" title=\"Skupinska fotka (Foto: Neja Krajnc Domiter)\" src=\"https:\/\/www.greenpeace.org\/static\/planet4-slovenia-stateless\/2019\/03\/1604a79d-1604a79d-133298_235890.jpg\" alt=\"\"><\/p>\n<p>Za prvi dan so bile na\u010drtovane ige za \u00bbprebijanje ledu\u00ab, vendar jih nismo potrebovali. Sodelovali smo namre\u010d \u017ee na poti do ko\u010de, saj smo morali potiskati avte in kombi po zasne\u017eeni cesti ter usklajevati prevoze. Morda ni bilo zelo zabavno, je pa bilo nepozabno. \ud83d\ude09<\/p>\n<p>V soboto je na na\u0161e veselje prispel strokovnjak za energetsko politiko Dejan Savi\u0107, ki nam je na zanimiv, razumljiv in predvsem pou\u010den na\u010din predaval o energetiki. Razlo\u017eil nam je tako osnove o proizvodnji elektrike, kot tudi bolj strokovne podatke in nas seznanil s trenutnim stanjem ter trendi v svetu. Naj na\u0161tejem nekaj poudarkov: glavna vira energije, na katera stavi Greenpeace sta son\u010dna in vetrna energija, obstajajo \u0161tevilne stranske koristi vlaganj v OVE, kot so nova delovna mesta in skrb za zdravje, Kitajska proizvaja najve\u010d izpustov toplogrednih plinov, a tudi najve\u010d vlaga v re\u0161itve, DOPPS je opravil \u0161tudijo ter potrdil nespornost obmo\u010djih za gradnjo vetrnic na okoli 8-9 obmo\u010djih v Sloveniji. Po koncu delavnice o energetiki smo postavili \u0161e nekaj vpra\u0161anj.<\/p>\n<p><img decoding=\"async\" title=\"Delavnica o energetiki (Foto: Neja Kranjc Domiter)\" src=\"https:\/\/www.greenpeace.org\/static\/planet4-slovenia-stateless\/2019\/03\/b1f7b44e-b1f7b44e-133296_235886.jpg\" alt=\"\"><\/p>\n<p>V nadaljevanju nam je predavala Katja Hu\u0161, ki je ravno tako zaposlena v pisarni Greenpeacea v Sloveniji. Napovedala in razlo\u017eila je prihajajo\u010de dogajanje do aprila, ki bo povezano z globalnim dogodkom Break Free. Izdelali smo tudi transparent ter se tako nau\u010dili prvih aktivisti\u010dnih korakov v svetu Greenpeacea.<\/p>\n<p>Na zadnji dan so se formirale 4 skupine prostovoljcev, znotraj katerih bomo skozi leto izvajali razne projekte. 3 skupine ljubljanskih prostovoljcev bodo delale na projektih \u00bbSprehodi\u00ab, \u00bbRevija\u00ab in \u00bbPredavanja\u00ab; skupina mariborskih prostovoljcev pa bo delovala na razli\u010dnih manj\u0161ih projektih za ozave\u0161\u010danje javnosti o podnebnih spremembah, energetiki in \u0161e \u010dem.<\/p>\n<p><img decoding=\"async\" title=\"Delo v skupinah (Foto: Neja Krajnc Domiter)\" src=\"https:\/\/www.greenpeace.org\/static\/planet4-slovenia-stateless\/2019\/03\/c8e10acd-c8e10acd-133297_235888.jpg\" alt=\"\"><\/p>\n<p>Vsak posameznik je prispeval k temu nepozabnemu vikendu, ko smo se odklopili od vsakdana in se sredi narave resni\u010dno posvetili organizaciji. Za ve\u010d kot odli\u010dno organizacijo je poskrbela koordinatorka prostovoljcev Ines, da nismo bili la\u010dni sta poskrbela Klemen in Polona kot glavna \u0161efa kuhinje, za fotografiranje dogajanja pa je skrbela Neja. Po koncu vikenda smo se poslovili bogatej\u0161i novih (po)znanj(stev), izku\u0161enj in predvsem motivacije. \ud83d\ude42<\/p>\n<p align=\"right\"><strong>Petra Pantar, prostovoljka<\/strong><\/p>\n<\/div>\n<\/div>\n","protected":false},"excerpt":{"rendered":"<p>\u017de drugo leto zapored je potekal motivacijski vikend za prostovoljce na Pohorju. Izkoristili smo ga za strokovno predavanje, seznanitev s prihajajo\u010dim dogajanjem, zasnovo novih projektov in seveda za dru\u017eenje.<\/p>\n","protected":false},"author":64,"featured_media":945,"comment_status":"closed","ping_status":"closed","sticky":false,"template":"","format":"standard","meta":{"ep_exclude_from_search":false,"p4_og_title":"","p4_og_description":"","p4_og_image":"","p4_og_image_id":"","p4_seo_canonical_url":"","p4_campaign_name":"","p4_local_project":"","p4_basket_name":"","p4_department":"","footnotes":""},"categories":[44],"tags":[27,26],"p4-page-type":[24],"class_list":["post-944","post","type-post","status-publish","format-standard","has-post-thumbnail","hentry","category-o-nas","tag-greenpeace","tag-aktivizem","p4-page-type-blog"],"_links":{"self":[{"href":"https:\/\/www.greenpeace.org\/slovenia\/wp-json\/wp\/v2\/posts\/944","targetHints":{"allow":["GET"]}}],"collection":[{"href":"https:\/\/www.greenpeace.org\/slovenia\/wp-json\/wp\/v2\/posts"}],"about":[{"href":"https:\/\/www.greenpeace.org\/slovenia\/wp-json\/wp\/v2\/types\/post"}],"author":[{"embeddable":true,"href":"https:\/\/www.greenpeace.org\/slovenia\/wp-json\/wp\/v2\/users\/64"}],"replies":[{"embeddable":true,"href":"https:\/\/www.greenpeace.org\/slovenia\/wp-json\/wp\/v2\/comments?post=944"}],"version-history":[{"count":1,"href":"https:\/\/www.greenpeace.org\/slovenia\/wp-json\/wp\/v2\/posts\/944\/revisions"}],"predecessor-version":[{"id":948,"href":"https:\/\/www.greenpeace.org\/slovenia\/wp-json\/wp\/v2\/posts\/944\/revisions\/948"}],"wp:featuredmedia":[{"embeddable":true,"href":"https:\/\/www.greenpeace.org\/slovenia\/wp-json\/wp\/v2\/media\/945"}],"wp:attachment":[{"href":"https:\/\/www.greenpeace.org\/slovenia\/wp-json\/wp\/v2\/media?parent=944"}],"wp:term":[{"taxonomy":"category","embeddable":true,"href":"https:\/\/www.greenpeace.org\/slovenia\/wp-json\/wp\/v2\/categories?post=944"},{"taxonomy":"post_tag","embeddable":true,"href":"https:\/\/www.greenpeace.org\/slovenia\/wp-json\/wp\/v2\/tags?post=944"},{"taxonomy":"p4-page-type","embeddable":true,"href":"https:\/\/www.greenpeace.org\/slovenia\/wp-json\/wp\/v2\/p4-page-type?post=944"}],"curies":[{"name":"wp","href":"https:\/\/api.w.org\/{rel}","templated":true}]}}