{"id":976,"date":"2018-04-12T00:00:00","date_gmt":"2018-04-12T00:00:00","guid":{"rendered":"https:\/\/master.k8s.p4.greenpeace.org\/slovenia\/blog\/976\/vendarle-korak-naprej-v-slovenski-energetiki\/"},"modified":"2023-06-01T16:17:57","modified_gmt":"2023-06-01T16:17:57","slug":"vendarle-korak-naprej-v-slovenski-energetiki","status":"publish","type":"post","link":"https:\/\/www.greenpeace.org\/slovenia\/sporocilo-za-javnost\/976\/vendarle-korak-naprej-v-slovenski-energetiki\/","title":{"rendered":"Vendarle korak naprej v slovenski energetiki?"},"content":{"rendered":"<h2> <\/h2>\n<\/p>\n<div class=\"leader\">\n\tLjubljana, 12. april 2018:\n<\/div>\n<div>\n<p>V\u010deraj so na <a href=\"https:\/\/www.dz-rs.si\/wps\/portal\/Home\/deloDZ\/seje\/izbranaSejaDt?seja=12%20075.%20Nujna&amp;start=2018-04-11&amp;mandat=VII\">nujni seji<\/a> Odbora za infrastrukturo, okolje in prostor <strong>poslanci soglasno podprli predlog<\/strong>, s katerim se bo mo\u017enost <strong>samooskrbe z elektri\u010dno energijo iz OVE \u0161iri tudi na energetske skupnosti.<\/strong> Sprejeti predlog omogo\u010da samooskrbo tudi za prebivalce ve\u010dstanovanjskih stavb in daje mo\u017enost uporabe streh ob\u010dinskih stavb za samooskrbo prebivalcev, ki \u017eivijo v bli\u017eini.<\/p>\n<p><strong>Barbara Kvac iz Focusa, dru\u0161tva za sonaraven razvoj,\u00a0 je podporo komentirala:<\/strong><\/p>\n<p><em>V\u010deraj\u0161nja odlo\u010ditev poslancev pomeni, da se bo mo\u017enost za samooskrbo iz obnovljivih virov bistveno raz\u0161irila \u2013 iz individualnih hi\u0161 na ve\u010dstanovanjske stavbe, pa tudi druge, npr. ob\u010dinske stavbe, preko katerih se bodo lahko samooskrbovala gospodinjstva, ki bivajo v bli\u017eini. Sprejem predloga v dru\u0161tvu Focus pozdravljamo, saj predstavlja pomemben korak naprej k spodbujanju rabe son\u010dne energije pri nas, pa tudi korak k energetski prihodnosti, kjer bodo dr\u017eavljani pomembno soustvarjali energetsko podobo Slovenije.<\/em><\/p>\n<p><strong>Mag. Katja Hu\u0161 iz Greenpeace v Sloveniji dodaja:<\/strong><\/p>\n<p><em>Smo korak bli\u017eje, ko bi si lahko prebivalci<\/em><em>, ki \u017eivijo v blokovskem naselju, postavili skupno son\u010dno elektrarno na strehi bli\u017enjega vrtca, dele\u017e od tam proizvedene energije pa bi se<\/em><em> vsakemu od\u0161tel od njihove porabe v lastnem stanovanju. Hkrati pa bi ob\u010dine in dr\u017eava dobila na voljo novo orodje, s katerim nasloviti (energetsko) rev\u0161\u010dino, in voditi projekte obnovljivih virov energije skupaj s prebivalci. <\/em><em>Po \u0161tirih letih stagnacije na podro\u010dju \u010distih energetskih virov imajo sedaj poslanci prilo\u017enost, da naredimo pomemben korak naprej. Pri\u010dakujemo, da bodo to prilo\u017enost izkoristili in predlog na prihajajo\u010di seji Dr\u017eavnega zbora sprejeli.<\/em><\/p>\n<p><img loading=\"lazy\" decoding=\"async\" title=\"Son\u010dna elektrarna. (c) Greenpeace\" src=\"https:\/\/www.greenpeace.org\/static\/planet4-slovenia-stateless\/2019\/03\/ad8b423f-ad8b423f-gp0stpmjv4vs3.jpg\" alt=\"Son\u010dna elektrarna. (c) Greenpeace\" width=\"500\" height=\"376\"><\/p>\n<p>Predlog podpirajo tudi <strong>Dr\u017eavni svet<\/strong> (Komisija za lokalno samoupravo in regionalni razvoj) in <strong>Skupnost ob\u010din Slovenije<\/strong>, ve\u010djih zadr\u017ekov do predloga pa niso imeli niti predstavniki <strong>Javne agencija RS za energijo<\/strong> niti <strong>Ministrstva za infrastrukturo<\/strong>.<\/p>\n<p>Do leta 2050 bi lahko lastno elektri\u010dno energijo iz sonca in vetra proizvajalo ve\u010d kot 900 tiso\u010d prebivalcev Slovenije, kar predstavlja skoraj polovico celotne populacije. S tem bi zadovoljili \u010detrtini potreb Slovenije po elektri\u010dni energiji [1].<a title=\"\" name=\"_ftnref1\" href=\"file:\/\/\/C:\/Users\/Matjaz%20Dovecar\/Desktop\/SZJ_Vendarle%20korak%20najprej%20v%20slovenski%20energetiki.doc#_ftn1\"><\/a><\/p>\n<hr>\n<p><strong>Kontakt, ve\u010d informacij:<\/strong><\/p>\n<p><strong>Mag. Katja Hu\u0161<\/strong>, Greenpeace v Sloveniji, 040 981 621, <a href=\"mailto:katja.hus@greenpeace.org\" target=\"_blank\" rel=\"noopener noreferrer\">katja.hus@greenpeace.org<\/a><script type=\"text\/javascript\"><!--\ndocument.write(dc('Eoi_1', 'B9_DE_CB_D6_97_DC_DA_D8_DC_C9_D7_DC_DC_CB_DE_F9_CA_CC_D1_97_D8_D3_CD_D8_D2'));\/\/--><\/script><\/p>\n<div>\n<div id=\"ftn1\">\n<p>[1] Poro\u010dilo z naslovom <a href=\"http:\/\/www.greenpeace.org\/slovenia\/si\/Medijsko-sredisce\/zadnje-objave\/Prebivalci-kot-steber-energetske-tranzicije\/\">Potencial za energetske dr\u017eavljane v Evropski uniji<\/a> je izvedel okoljski raziskovalni in\u0161titut CE Delft po naro\u010dilu Evropske zveze za obnovljivo energijo (EREF) ter organizacij Friends of the Earth Europe, Greenpeace in REScoop.eu.<\/p>\n<p>Sporo\u010dilo za javnost je dostopno tudi <a href=\"https:\/\/www.greenpeace.org\/static\/planet4-slovenia-stateless\/2019\/03\/9cf59123-9cf59123-szj_vendarle-korak-najprej-v-slovenski-energetiki.pdf\">v pdf obliki<\/a>.<\/p>\n<\/div>\n<\/div>\n<\/div>\n","protected":false},"excerpt":{"rendered":"<div>\n\tLjubljana, 12. april 2018:\n<\/div>\n","protected":false},"author":64,"featured_media":977,"comment_status":"closed","ping_status":"closed","sticky":false,"template":"","format":"standard","meta":{"ep_exclude_from_search":false,"p4_og_title":"","p4_og_description":"","p4_og_image":"","p4_og_image_id":"","p4_seo_canonical_url":"","p4_campaign_name":"","p4_local_project":"","p4_basket_name":"","p4_department":"","footnotes":""},"categories":[45],"tags":[29,41],"p4-page-type":[46],"class_list":["post-976","post","type-post","status-publish","format-standard","has-post-thumbnail","hentry","category-podnebje","tag-energetskeskupnosti","tag-obnovljivivirienergije","p4-page-type-sporocilo-za-javnost"],"_links":{"self":[{"href":"https:\/\/www.greenpeace.org\/slovenia\/wp-json\/wp\/v2\/posts\/976","targetHints":{"allow":["GET"]}}],"collection":[{"href":"https:\/\/www.greenpeace.org\/slovenia\/wp-json\/wp\/v2\/posts"}],"about":[{"href":"https:\/\/www.greenpeace.org\/slovenia\/wp-json\/wp\/v2\/types\/post"}],"author":[{"embeddable":true,"href":"https:\/\/www.greenpeace.org\/slovenia\/wp-json\/wp\/v2\/users\/64"}],"replies":[{"embeddable":true,"href":"https:\/\/www.greenpeace.org\/slovenia\/wp-json\/wp\/v2\/comments?post=976"}],"version-history":[{"count":1,"href":"https:\/\/www.greenpeace.org\/slovenia\/wp-json\/wp\/v2\/posts\/976\/revisions"}],"predecessor-version":[{"id":979,"href":"https:\/\/www.greenpeace.org\/slovenia\/wp-json\/wp\/v2\/posts\/976\/revisions\/979"}],"wp:featuredmedia":[{"embeddable":true,"href":"https:\/\/www.greenpeace.org\/slovenia\/wp-json\/wp\/v2\/media\/977"}],"wp:attachment":[{"href":"https:\/\/www.greenpeace.org\/slovenia\/wp-json\/wp\/v2\/media?parent=976"}],"wp:term":[{"taxonomy":"category","embeddable":true,"href":"https:\/\/www.greenpeace.org\/slovenia\/wp-json\/wp\/v2\/categories?post=976"},{"taxonomy":"post_tag","embeddable":true,"href":"https:\/\/www.greenpeace.org\/slovenia\/wp-json\/wp\/v2\/tags?post=976"},{"taxonomy":"p4-page-type","embeddable":true,"href":"https:\/\/www.greenpeace.org\/slovenia\/wp-json\/wp\/v2\/p4-page-type?post=976"}],"curies":[{"name":"wp","href":"https:\/\/api.w.org\/{rel}","templated":true}]}}