{"id":1011,"date":"2017-09-27T08:20:00","date_gmt":"2017-09-27T08:20:00","guid":{"rendered":"https:\/\/www.greenpeace.org\/sweden\/bakgrund\/1011\/edet-torkar-bort-de-sista-riktiga-skogarna\/"},"modified":"2023-02-21T16:17:42","modified_gmt":"2023-02-21T15:17:42","slug":"edet-torkar-bort-de-sista-riktiga-skogarna","status":"publish","type":"post","link":"https:\/\/www.greenpeace.org\/sweden\/artiklar\/skog\/edet-torkar-bort-de-sista-riktiga-skogarna\/","title":{"rendered":"Edet torkar bort de sista riktiga skogarna"},"content":{"rendered":"<p><strong>Svenska f\u00f6retaget Essity \u00e4r v\u00e4rldens n\u00e4st st\u00f6rsta tillverkare av mjukpapper. De tillverkar produkter som Edet, Lotus och Tork, men de finns v\u00e4rlden \u00f6ver under en massa olika produktnamn. I en ny rapport kan vi visa att pappersmassan som anv\u00e4nds i tillverkningen kommer fr\u00e5n omr\u00e5den med r\u00f6dlistade arter som verkligen borde l\u00e4mnas ifred.<\/strong><\/p>\n<p><img decoding=\"async\" style=\"margin-top: 6px; margin-bottom: 6px;\" title=\"Edet - torka inte bort v\u00e5ra sista riktiga skogar!\" src=\"https:\/\/www.greenpeace.org\/static\/planet4-sweden-stateless\/2019\/01\/c9fc2338-c9fc2338-138548_248633.jpg\" alt=\"Edet - torka inte bort v\u00e5ra sista riktiga skogar!\" width=\"600\"><\/p>\n<p>Vi har haft upprepade m\u00f6ten med Essity, men de har \u00e4nnu inte visat n\u00e5gra tecken p\u00e5 att s\u00e4tta press p\u00e5 sina leverant\u00f6rer.<\/p>\n<p>Det \u00e4r helt vansinnigt att skogsbolag avverkar ur\u00e5ldriga skogar som tusentals arter \u00e4r beroende av f\u00f6r att tillverka kortlivade eng\u00e5ngsprodukter. Vi beh\u00f6ver alla snyta n\u00e4san ibland, men inte p\u00e5 bekostnad av de sista riktiga skogarna!<\/p>\n<p>M\u00e4nniskor i andra l\u00e4nder blir chockade \u00f6ver att Sverige redan har f\u00f6rst\u00f6rt n\u00e4stan all riktig skog \u2013 vi m\u00e5ste v\u00e4rna de f\u00e5 omr\u00e5den som \u00e4nnu inte har kalhuggits och blivit till tr\u00e4dodlingar. Det handlar inte om att sluta bruka svensk skog, utan om att anv\u00e4nda v\u00e5ra naturresurser med f\u00f6rst\u00e5nd.<\/p>\n<p>Jag \u00e4r \u00f6vertygad om att Essity kan v\u00e4nda trenden och visa att det svenska n\u00e4ringslivet kan bli en f\u00f6reg\u00e5ngare i att skydda livet i skogen.<\/p>\n<p>Tack f\u00f6r allt du g\u00f6r!<\/p>\n<p>Lina Burnelius<\/p>\n<div class=\"EmptyMessage\">Block content is empty. Check the block&#8217;s settings or remove it.<\/div>","protected":false},"excerpt":{"rendered":"<p>Svenska f\u00f6retaget Essity \u00e4r v\u00e4rldens n\u00e4st st\u00f6rsta tillverkare av mjukpapper. De tillverkar produkter som Edet, Lotus och Tork, men de finns v\u00e4rlden \u00f6ver under en massa olika produktnamn. I en ny rapport kan vi visa att pappersmassan som anv\u00e4nds i tillverkningen kommer fr\u00e5n omr\u00e5den med r\u00f6dlistade arter som verkligen borde l\u00e4mnas ifred.<\/p>\n","protected":false},"author":34,"featured_media":1012,"comment_status":"closed","ping_status":"closed","sticky":false,"template":"","format":"standard","meta":{"ep_exclude_from_search":false,"p4_og_title":"","p4_og_description":"","p4_og_image":"","p4_og_image_id":"","p4_seo_canonical_url":"","p4_campaign_name":"","p4_local_project":"","p4_basket_name":"","p4_department":"","footnotes":""},"categories":[22],"tags":[19],"p4-page-type":[16],"class_list":["post-1011","post","type-post","status-publish","format-standard","has-post-thumbnail","hentry","category-skog","tag-skyddaskogen","p4-page-type-artiklar"],"_links":{"self":[{"href":"https:\/\/www.greenpeace.org\/sweden\/wp-json\/wp\/v2\/posts\/1011","targetHints":{"allow":["GET"]}}],"collection":[{"href":"https:\/\/www.greenpeace.org\/sweden\/wp-json\/wp\/v2\/posts"}],"about":[{"href":"https:\/\/www.greenpeace.org\/sweden\/wp-json\/wp\/v2\/types\/post"}],"author":[{"embeddable":true,"href":"https:\/\/www.greenpeace.org\/sweden\/wp-json\/wp\/v2\/users\/34"}],"replies":[{"embeddable":true,"href":"https:\/\/www.greenpeace.org\/sweden\/wp-json\/wp\/v2\/comments?post=1011"}],"version-history":[{"count":6,"href":"https:\/\/www.greenpeace.org\/sweden\/wp-json\/wp\/v2\/posts\/1011\/revisions"}],"predecessor-version":[{"id":54979,"href":"https:\/\/www.greenpeace.org\/sweden\/wp-json\/wp\/v2\/posts\/1011\/revisions\/54979"}],"wp:featuredmedia":[{"embeddable":true,"href":"https:\/\/www.greenpeace.org\/sweden\/wp-json\/wp\/v2\/media\/1012"}],"wp:attachment":[{"href":"https:\/\/www.greenpeace.org\/sweden\/wp-json\/wp\/v2\/media?parent=1011"}],"wp:term":[{"taxonomy":"category","embeddable":true,"href":"https:\/\/www.greenpeace.org\/sweden\/wp-json\/wp\/v2\/categories?post=1011"},{"taxonomy":"post_tag","embeddable":true,"href":"https:\/\/www.greenpeace.org\/sweden\/wp-json\/wp\/v2\/tags?post=1011"},{"taxonomy":"p4-page-type","embeddable":true,"href":"https:\/\/www.greenpeace.org\/sweden\/wp-json\/wp\/v2\/p4-page-type?post=1011"}],"curies":[{"name":"wp","href":"https:\/\/api.w.org\/{rel}","templated":true}]}}