{"id":11083,"date":"2020-05-13T10:55:55","date_gmt":"2020-05-13T09:55:55","guid":{"rendered":"https:\/\/www.greenpeace.org\/sweden\/?p=11083"},"modified":"2024-08-26T14:43:05","modified_gmt":"2024-08-26T13:43:05","slug":"samhallsomstallning-del-3-vi-maste-skydda-mer-natur","status":"publish","type":"post","link":"https:\/\/www.greenpeace.org\/sweden\/pressmeddelanden\/hav\/samhallsomstallning-del-3-vi-maste-skydda-mer-natur\/","title":{"rendered":"Samh\u00e4llsomst\u00e4llning: Del 4 &#8211; Vi m\u00e5ste skydda mer natur"},"content":{"rendered":"\n<h2 class=\"wp-block-heading\">Vi m\u00e5ste skydda mer natur &#8211; \u00e4ven under COVID-19<\/h2>\n\n<p><strong>Rapporter om pandemins effekter p\u00e5 klimatet och naturen har varit m\u00e5nga &#8211; och<\/strong> <strong>varierande<\/strong>. Dels har vi kunnat l\u00e4sa om hur olika l\u00e4nders \u00e5tg\u00e4rder f\u00f6r att minska smittspridningen lett till minskade utsl\u00e4pp, renare luft och klarare vatten. Men \u00e4ven om hur <a href=\"https:\/\/www.aftonbladet.se\/nyheter\/a\/2GzPnv\/rekordhog-niva-av-koldioxid-i-atmosfaren\">koldioxidhalterna i atmosf\u00e4ren nu \u00e4r p\u00e5 rekordniv\u00e5er<\/a> och om hur skogssk\u00f6vling och rovdrift av naturen \u00f6kat n\u00e4r v\u00e4rlden fokuserar p\u00e5 coronaviruset.&nbsp;Att s\u00e4ga att naturen \u00e4r r\u00e4ddad p\u00e5 grund av viruset \u00e4r d\u00e4rf\u00f6r rent felaktigt. <\/p>\n\n<p><strong>Nyligen kom en orov\u00e4ckande rapport fr\u00e5n v\u00e5ra kollegor i Argentina om att <a href=\"https:\/\/www.aftonbladet.se\/nyheter\/a\/zG2lKw\/larm-om-okat-tjuvfiske-under-coronatider\">det olagliga fisket \u00f6kat kraftigt<\/a><\/strong> i sp\u00e5ren av coronapandemin. Det hade uppdagats att ett stort antal fiskare systematiskt utnyttjat myndigheternas begr\u00e4nsade m\u00f6jligheter till \u00f6vervakning, och hade p\u00e5 ett koordinerat s\u00e4tt st\u00e4ngt av b\u00e5tarnas AIS-utrustning som g\u00f6r att deras positioner g\u00e5r att f\u00f6lja &#8211; f\u00f6r att kunna tjuvfiska. <strong>Detta f\u00f6ljdes av rapporter om att <a href=\"https:\/\/www.svt.se\/nyheter\/utrikes\/skovlingen-av-amazonas-slar-nytt-rekord\">sk\u00f6vlingen av Amazonas trappats<\/a> upp<\/strong> i skuggan av virusutbrottet. <\/p>\n\n<p>Att vissa skrupell\u00f6sa f\u00f6retag passar p\u00e5 att \u00f6ka sin rovdrift nu n\u00e4r allas blickar riktas mot pandemin och dess konsekvenser kanske inte \u00e4r s\u00e5 ov\u00e4ntat, och det visar hur viktigt det \u00e4r att vi alla nu g\u00f6r allt vi kan f\u00f6r att v\u00e4rlden ska komma ur krisen i ett b\u00e4ttre l\u00e4ge. Vi m\u00e5ste nu tackla de stora underliggande och systematiska orsakerna till klimatkrisen och den accelererande f\u00f6rlusten av den biologiska m\u00e5ngfalden. <\/p>\n\n<p><strong>Vi beh\u00f6ver visa f\u00f6r v\u00e5ra politiker, som nu p\u00e5 grund av pandemin har f\u00e5tt oerh\u00f6rt mycket mer makt och m\u00f6jligheter att g\u00f6ra f\u00f6r\u00e4ndringar, att vi <a href=\"https:\/\/www.svd.se\/styr-krispaketen-bort-fran-fossila-ekonomin\">inte vill tillbaka till \u201cdet normala\u201d<\/a>, utan att vi faktiskt \u00e4r redo f\u00f6r att st\u00e4lla om och skapa en b\u00e4ttre och h\u00e5llbar v\u00e4rld.&nbsp;<\/strong><\/p>\n\n<h3 class=\"wp-block-heading\">Internationellt samarbete \u00e4r nyckeln till mer skyddad natur<\/h3>\n\n<p>N\u00e4r det kommer till tjuvfisket p\u00e5 just argentinska vatten kan man t\u00e4nka sig att myndigheterna d\u00e4r snart kommer ha b\u00e4ttre m\u00f6jligheter att motverka detta.  Men f\u00f6r att komma n\u00e4rmare en storskalig l\u00f6sning p\u00e5 den totala och katastrofala \u00f6verexploateringen av v\u00e5ra hav och andra ekosystem kr\u00e4vs ett fortsatt internationellt samarbete kring hur vi kan skydda mer natur. <\/p>\n\n<p><strong>I \u00e5r var det t\u00e4nkt att en stor FN-process g\u00e4llande reglerna f\u00f6r hur man ska kunna skydda mer av de 60 procent av v\u00e4rldshaven<\/strong> som inte styrs av l\u00e4nder, utan utg\u00f6rs av internationellt vatten. Dessa f\u00f6rhandlingar har nu skjutits p\u00e5 framtiden p\u00e5 grund av pandemin men det \u00e4r avg\u00f6rande att dessa blir av och politiker k\u00e4nner att m\u00e5nga vill att de ska handla kraftfullt i dessa fr\u00e5gor. Idag finns n\u00e4stan inga skyddade omr\u00e5den p\u00e5 internationellt vatten, samtidigt \u00e4r vetenskapen tydlig med att minst 30 procent av dessa m\u00e5ste skyddas. Och blir det ett starkt havsavtal inom FN skulle det l\u00e4gga grunden f\u00f6r detta.<br><br><strong>Pandemin har \u00e4ven skjutit fram en annan avg\u00f6rande FN-process f\u00f6r skydd av den biologiska m\u00e5ngfalden som skulle h\u00e5llas i Kina i \u00e5r.<\/strong> Inom denna ska de \u00f6vergripande m\u00e5len f\u00f6r hur mycket av den biologiska m\u00e5ngfalden som ska skyddas f\u00f6rhandlas. Blir det h\u00f6ga m\u00e5ls\u00e4ttningar har vi l\u00e5ngt b\u00e4ttre chans att bromsa den accelererande artutrotningen och kanske blir det ocks\u00e5 ett steg mot en v\u00e4rld d\u00e4r vi inser att vi \u00e4r totalt beroende av naturen och \u00e4ven \u00e4r en del av den.<br><br>Att de internationella samarbetet f\u00f6r att skydda mer av den biologiska m\u00e5ngfalden och skapa stora sammanh\u00e4ngande n\u00e4tverk av skyddad natur \u00e4r avg\u00f6rande. Att st\u00e4rka den biologiska m\u00e5ngfalden, genom att skapa stora ost\u00f6rda omr\u00e5den med st\u00f6rre livs- och motst\u00e5ndskraft, \u00e4r inte bara ett rimligt m\u00e5l i sig utan kan \u00e4ven direkt gynna oss m\u00e4nniskor p\u00e5 m\u00e5nga plan <strong>&#8211; inte minst kan arbetet kraftigt bidra till att hindra den globala uppv\u00e4rmningen. <\/strong><\/p>\n\n<p><strong>Det som \u00e4r klart \u00e4r att pandemin \u00f6ppnat upp m\u00f6jligheten till en stor gr\u00f6n <a href=\"https:\/\/www.greenpeace.org\/sweden\/bakgrund\/6752\/covid-19-and-the-climate-thoughts-during-quarantine\/\">omstart mot en b\u00e4ttre v\u00e4rld<\/a>. Och f\u00f6r naturen och den biologiska m\u00e5ngfaldens skull beh\u00f6vs din r\u00f6st mer \u00e4n n\u00e5gonsin.  <\/strong><\/p>\n\n<p><\/p>\n<div class=\"EmptyMessage\">Block content is empty. Check the block&#8217;s settings or remove it.<\/div>","protected":false},"excerpt":{"rendered":"<p>Rapporter om pandemins effekter p\u00e5 klimatet och naturen har varit m\u00e5nga. Vi har kunnat l\u00e4sa om hur olika l\u00e4nders \u00e5tg\u00e4rder f\u00f6r att minska smittspridningen lett till minskade utsl\u00e4pp, renare luft&hellip;<\/p>\n","protected":false},"author":61,"featured_media":11103,"comment_status":"open","ping_status":"open","sticky":false,"template":"","format":"standard","meta":{"ep_exclude_from_search":false,"p4_og_title":"","p4_og_description":"","p4_og_image":"","p4_og_image_id":"","p4_seo_canonical_url":"","p4_campaign_name":"not set","p4_local_project":"not set","p4_basket_name":"not set","p4_department":"","footnotes":""},"categories":[3],"tags":[30,40,23],"p4-page-type":[14],"class_list":["post-11083","post","type-post","status-publish","format-standard","has-post-thumbnail","hentry","category-hav","tag-marinaskyddadeomraden","tag-biodiversitet","tag-globaluppvarmning","p4-page-type-pressmeddelanden"],"_links":{"self":[{"href":"https:\/\/www.greenpeace.org\/sweden\/wp-json\/wp\/v2\/posts\/11083","targetHints":{"allow":["GET"]}}],"collection":[{"href":"https:\/\/www.greenpeace.org\/sweden\/wp-json\/wp\/v2\/posts"}],"about":[{"href":"https:\/\/www.greenpeace.org\/sweden\/wp-json\/wp\/v2\/types\/post"}],"author":[{"embeddable":true,"href":"https:\/\/www.greenpeace.org\/sweden\/wp-json\/wp\/v2\/users\/61"}],"replies":[{"embeddable":true,"href":"https:\/\/www.greenpeace.org\/sweden\/wp-json\/wp\/v2\/comments?post=11083"}],"version-history":[{"count":20,"href":"https:\/\/www.greenpeace.org\/sweden\/wp-json\/wp\/v2\/posts\/11083\/revisions"}],"predecessor-version":[{"id":49792,"href":"https:\/\/www.greenpeace.org\/sweden\/wp-json\/wp\/v2\/posts\/11083\/revisions\/49792"}],"wp:featuredmedia":[{"embeddable":true,"href":"https:\/\/www.greenpeace.org\/sweden\/wp-json\/wp\/v2\/media\/11103"}],"wp:attachment":[{"href":"https:\/\/www.greenpeace.org\/sweden\/wp-json\/wp\/v2\/media?parent=11083"}],"wp:term":[{"taxonomy":"category","embeddable":true,"href":"https:\/\/www.greenpeace.org\/sweden\/wp-json\/wp\/v2\/categories?post=11083"},{"taxonomy":"post_tag","embeddable":true,"href":"https:\/\/www.greenpeace.org\/sweden\/wp-json\/wp\/v2\/tags?post=11083"},{"taxonomy":"p4-page-type","embeddable":true,"href":"https:\/\/www.greenpeace.org\/sweden\/wp-json\/wp\/v2\/p4-page-type?post=11083"}],"curies":[{"name":"wp","href":"https:\/\/api.w.org\/{rel}","templated":true}]}}