{"id":1110,"date":"2017-03-27T15:58:00","date_gmt":"2017-03-27T15:58:00","guid":{"rendered":"https:\/\/www.greenpeace.org\/sweden\/bakgrund\/1110\/skogsnaringen-mansplainar-om-skogen-i-pakostad-reklamkampanj\/"},"modified":"2024-08-22T08:37:21","modified_gmt":"2024-08-22T07:37:21","slug":"skogsnaringen-mansplainar-om-skogen-i-pakostad-reklamkampanj","status":"publish","type":"post","link":"https:\/\/www.greenpeace.org\/sweden\/pressmeddelanden\/skog\/skogsnaringen-mansplainar-om-skogen-i-pakostad-reklamkampanj\/","title":{"rendered":"Skogsn\u00e4ringen mansplainar om skogen i p\u00e5kostad reklamkampanj"},"content":{"rendered":"<div class=\"post-content\">\n<div>\n<p><img decoding=\"async\" title=\"Myter p\u00e5 affisch\" src=\"https:\/\/www.greenpeace.org\/static\/planet4-sweden-stateless\/2019\/01\/d82a75ca-d82a75ca-134705_239320.jpg\" alt=\"Myter p\u00e5 affisch\" \/><\/p>\n<p>Fick du ta del av skogsn\u00e4ringens egen sanning om den svenska skogen i trafiken idag? Det kallas \u201c<a href=\"http:\/\/www.lantbruk.com\/skog\/skogsnaringen-berattar-om-skogen\">folkbildningsinitiativ<\/a>\u201d n\u00e4r reklampelare fylls av rubriker som \u201dDet finns n\u00e5got st\u00f6rre \u00e4n Stockholm\u201d. Skogsindustrin har troligen lagt stora summor p\u00e5 att <a href=\"http:\/\/www.lantbruk.com\/skog\/skogsnaringen-berattar-om-skogen\">tapetsera kollektivtrafiken<\/a> med gamla myter:<\/p>\n<p><strong>\u201dVisste du att 70% av Sveriges yta best\u00e5r av skog?\u201d<\/strong><\/p>\n<p>Vi har en massa TR\u00c4D som v\u00e4xer i s\u00e4llskap med andra tr\u00e4d som \u00e4r exakt lika gamla, eftersom de planterats d\u00e5 skogen vid n\u00e5got tillf\u00e4lle slutavverkats. Det \u00e4r allts\u00e5 inte riktig skog vi pratar om, utan tr\u00e4dodlingar. Vi \u00e4r vid det h\u00e4r laget s\u00e5 vana att se dessa tr\u00e4dodlingar att vi kanske inte ens reflekterar \u00f6ver det. Om du n\u00e5gon g\u00e5ng bes\u00f6kt ett naturreservat har du definitivt sett skillnaden. Den vitryggiga hackspetten \u00e4r en larmklocka: den \u00e4r akut hotad eftersom l\u00f6vtr\u00e4dsrika skogar ers\u00e4tts av granodlingar.<\/p>\n<p><strong>\u201dDessutom s\u00e5 planteras det minst tv\u00e5 nya tr\u00e4d f\u00f6r varje tr\u00e4d som avverkas.\u201d<\/strong><\/p>\n<p>P\u00e5 samma s\u00e4tt som att vi inte kan skaffa oss gamla v\u00e4nner, kan vi inte plantera gammal skog.<\/p>\n<p>De tv\u00e5 tr\u00e4d som planteras \u00e4r av en enda art, och kan inte ers\u00e4tta de hundratals arter som f\u00f6rsvinner vid avverkningen. N\u00e4r ett gammalt tr\u00e4d avverkas d\u00f6r ocks\u00e5 hundratals organismer som lever i tr\u00e4det. F\u00e5glar, insekter, svampar, lavar, mossor och andra v\u00e4xter och djur f\u00f6rlorar sitt hem.<\/p>\n<h2><strong>Vill du g\u00f6ra n\u00e5got f\u00f6r skogen nu direkt?<\/strong><\/h2>\n<p>\u00c5r 2010 lovade v\u00e4rldens regeringar att skydda de riktiga skogar som finns kvar genom FN:s konvention om biologisk m\u00e5ngfald.<br \/>\nStefan L\u00f6fven och hans regering m\u00e5ste leva upp till l\u00f6ftet.<\/p>\n<p>Det p\u00e5g\u00e5r en f\u00f6rlust av v\u00e4rdefull natur i Sveriges skogar och m\u00e5nga arters livsmilj\u00f6 hotas, samtidigt \u00e4r kunskapen om vilka skogar som beh\u00f6ver skyddas inte tillr\u00e4cklig. Trots detta g\u00e5r skogsstyrelsens generaldirekt\u00f6r Herman Sundqvist ut och s\u00e4ger att man ska \u201cta en paus\u201d fr\u00e5n att identifiera v\u00e4rdefulla omr\u00e5den! Kr\u00e4v att han g\u00f6r sitt jobb eller avg\u00e5r.<\/p>\n<\/div>\n<\/div>\n","protected":false},"excerpt":{"rendered":"<p>Fick du ta del av skogsn\u00e4ringens egen sanning om den svenska skogen i trafiken idag? Det kallas &#8221;folkbildningsinitiativ\u201d n\u00e4r reklampelare fylls av rubriker som \u201dDet finns n\u00e5got st\u00f6rre \u00e4n Stockholm\u201d. Skogsindustrin har troligen lagt stora summor p\u00e5 att tapetsera kollektivtrafiken med gamla myter:<\/p>\n","protected":false},"author":34,"featured_media":1111,"comment_status":"closed","ping_status":"closed","sticky":false,"template":"","format":"standard","meta":{"ep_exclude_from_search":false,"p4_og_title":"","p4_og_description":"","p4_og_image":"","p4_og_image_id":"","p4_seo_canonical_url":"","p4_campaign_name":"","p4_local_project":"","p4_basket_name":"","p4_department":"","footnotes":""},"categories":[22],"tags":[19,40],"p4-page-type":[14],"class_list":["post-1110","post","type-post","status-publish","format-standard","has-post-thumbnail","hentry","category-skog","tag-skyddaskogen","tag-biodiversitet","p4-page-type-pressmeddelanden"],"_links":{"self":[{"href":"https:\/\/www.greenpeace.org\/sweden\/wp-json\/wp\/v2\/posts\/1110","targetHints":{"allow":["GET"]}}],"collection":[{"href":"https:\/\/www.greenpeace.org\/sweden\/wp-json\/wp\/v2\/posts"}],"about":[{"href":"https:\/\/www.greenpeace.org\/sweden\/wp-json\/wp\/v2\/types\/post"}],"author":[{"embeddable":true,"href":"https:\/\/www.greenpeace.org\/sweden\/wp-json\/wp\/v2\/users\/34"}],"replies":[{"embeddable":true,"href":"https:\/\/www.greenpeace.org\/sweden\/wp-json\/wp\/v2\/comments?post=1110"}],"version-history":[{"count":3,"href":"https:\/\/www.greenpeace.org\/sweden\/wp-json\/wp\/v2\/posts\/1110\/revisions"}],"predecessor-version":[{"id":1512,"href":"https:\/\/www.greenpeace.org\/sweden\/wp-json\/wp\/v2\/posts\/1110\/revisions\/1512"}],"wp:featuredmedia":[{"embeddable":true,"href":"https:\/\/www.greenpeace.org\/sweden\/wp-json\/wp\/v2\/media\/1111"}],"wp:attachment":[{"href":"https:\/\/www.greenpeace.org\/sweden\/wp-json\/wp\/v2\/media?parent=1110"}],"wp:term":[{"taxonomy":"category","embeddable":true,"href":"https:\/\/www.greenpeace.org\/sweden\/wp-json\/wp\/v2\/categories?post=1110"},{"taxonomy":"post_tag","embeddable":true,"href":"https:\/\/www.greenpeace.org\/sweden\/wp-json\/wp\/v2\/tags?post=1110"},{"taxonomy":"p4-page-type","embeddable":true,"href":"https:\/\/www.greenpeace.org\/sweden\/wp-json\/wp\/v2\/p4-page-type?post=1110"}],"curies":[{"name":"wp","href":"https:\/\/api.w.org\/{rel}","templated":true}]}}