{"id":11174,"date":"2020-05-28T16:08:49","date_gmt":"2020-05-28T15:08:49","guid":{"rendered":"https:\/\/www.greenpeace.org\/sweden\/?p=11174"},"modified":"2023-10-27T09:28:09","modified_gmt":"2023-10-27T08:28:09","slug":"beprovad-teknik-for-att-fanga-upp-koldioxid-halsosamma-ekosystem","status":"publish","type":"post","link":"https:\/\/www.greenpeace.org\/sweden\/artiklar\/klimat\/beprovad-teknik-for-att-fanga-upp-koldioxid-halsosamma-ekosystem\/","title":{"rendered":"Bepr\u00f6vad teknik f\u00f6r att f\u00e5nga upp koldioxid: h\u00e4lsosamma ekosystem"},"content":{"rendered":"\n<figure class=\"wp-block-image size-large  caption-style-blue-overlay caption-alignment-center\"><img loading=\"lazy\" decoding=\"async\" width=\"1024\" height=\"683\" src=\"https:\/\/www.greenpeace.org\/static\/planet4-sweden-stateless\/2019\/01\/d0e67b8d-gp0stq8zf_pressmedia-1024x683.jpg\" alt=\"\" class=\"wp-image-609\" srcset=\"https:\/\/www.greenpeace.org\/static\/planet4-sweden-stateless\/2019\/01\/d0e67b8d-gp0stq8zf_pressmedia-1024x683.jpg 1024w, https:\/\/www.greenpeace.org\/static\/planet4-sweden-stateless\/2019\/01\/d0e67b8d-gp0stq8zf_pressmedia-300x200.jpg 300w, https:\/\/www.greenpeace.org\/static\/planet4-sweden-stateless\/2019\/01\/d0e67b8d-gp0stq8zf_pressmedia-768x512.jpg 768w, https:\/\/www.greenpeace.org\/static\/planet4-sweden-stateless\/2019\/01\/d0e67b8d-gp0stq8zf_pressmedia-2048x1366.jpg 2048w, https:\/\/www.greenpeace.org\/static\/planet4-sweden-stateless\/2019\/01\/d0e67b8d-gp0stq8zf_pressmedia-510x340.jpg 510w\" sizes=\"auto, (max-width: 1024px) 100vw, 1024px\" \/><\/figure>\n\n<p>Det p\u00e5g\u00e5r en bioboom i Sverige. Biomassa ses som en central l\u00f6sning n\u00e4r vi ska ta oss ur fossilberoendet och n\u00e5 v\u00e5ra klimatm\u00e5l.<\/p>\n\n<p>Men den strategin \u00e4r <a href=\"https:\/\/www.greenpeace.org\/sweden\/bakgrund\/3404\/keelingkurvan-ska-vandas-nedat-nu-inte-om-60-ar\/\">ingen l\u00f6sning p\u00e5 klimatkrisen<\/a> och riskerar ist\u00e4llet att utarma den biologiska m\u00e5ngfalden. \u00c4ven f\u00f6rbr\u00e4nning av biomassa fr\u00e5n skogen orsakar koldioxidutsl\u00e4pp. Det kan ta upp till 100 \u00e5r eller l\u00e4ngre tid innan denna skog har hunnit binda samma m\u00e4ngd koldioxid igen, och det \u00e4r tid vi inte har f\u00f6r att bek\u00e4mpa klimatkrisen. Vi beh\u00f6ver kraftigt minska utsl\u00e4ppen nu, i n\u00e4rtid, om vi ska ha en chans.<\/p>\n\n<p>Att skydda och f\u00f6rb\u00e4ttra kols\u00e4nkor och kolf\u00f6rr\u00e5d, inklusive skogar, \u00e4r ett uttryckligt m\u00e5l i Parisavtalet. Att g\u00f6ra detta adresserar samtidigt tv\u00e5 akuta kriser \u2013 klimatkrisen samt utarmningen av biologisk m\u00e5ngfald.<\/p>\n\n<p>F\u00f6r att komma tillr\u00e4tta med utsl\u00e4ppen, \u00e4ven fr\u00e5n f\u00f6rbr\u00e4nning av skogliga r\u00e5varor, f\u00f6rordar m\u00e5nga satsningar p\u00e5 koldioxidinf\u00e5ngning och lagring, s\u00e5 kallad CCS. Men CCS \u00e4r en opr\u00f6vad, kostsam teknik som snarare riskerar att utg\u00f6ra <a href=\"https:\/\/www.greenpeace.org\/usa\/research\/carbon-capture-scam\/\">en distraktion fr\u00e5n verkliga klimatl\u00f6sningar<\/a>.<\/p>\n\n<p>Ist\u00e4llet f\u00f6r att massiva satsningar p\u00e5 CCS b\u00f6r vi prioritera att f\u00f6r det f\u00f6rsta minska utsl\u00e4ppen h\u00e4r och nu och f\u00f6r det andra att f\u00e5nga upp koldioxiden <a href=\"https:\/\/www.aljazeera.com\/indepth\/opinion\/forests-technology-stop-climate-change-181105081303837.html\">genom de naturliga l\u00f6sningar som vi vet fungerar<\/a>, som skydd och restaurering av skog och andra ekosystem. Vad som beh\u00f6vs \u00e4r d\u00e4rf\u00f6r att fokus l\u00e4ggs p\u00e5 \u00e5tg\u00e4rder som \u00f6kar den naturliga kols\u00e4nkan. Det skriver Greenpeace <a href=\"https:\/\/www.greenpeace.org\/static\/planet4-sweden-stateless\/2020\/05\/80b27e5a-2020-05-20-greenpeace-sou-2020-nr-4.pdf\">i ett yttrande <\/a>till utredningen \u201dV\u00e4gen till en klimatpositiv framtid\u201d.<\/p>\n\n<div class=\"wp-block-file\"><\/div>\n","protected":false},"excerpt":{"rendered":"<p>Det p\u00e5g\u00e5r en bioboom i Sverige. Biomassa ses som en central l\u00f6sning n\u00e4r vi ska ta oss ur fossilberoendet och n\u00e5 v\u00e5ra klimatm\u00e5l.<\/p>\n","protected":false},"author":28,"featured_media":609,"comment_status":"open","ping_status":"open","sticky":false,"template":"","format":"standard","meta":{"ep_exclude_from_search":false,"p4_og_title":"","p4_og_description":"","p4_og_image":"","p4_og_image_id":"","p4_seo_canonical_url":"","p4_campaign_name":"not set","p4_local_project":"not set","p4_basket_name":"not set","p4_department":"","footnotes":""},"categories":[2],"tags":[40,67,53,19,54],"p4-page-type":[16],"class_list":["post-11174","post","type-post","status-publish","format-standard","has-post-thumbnail","hentry","category-klimat","tag-biodiversitet","tag-bioenergi","tag-svenskpolitik","tag-skyddaskogen","tag-parisavtalet","p4-page-type-artiklar"],"_links":{"self":[{"href":"https:\/\/www.greenpeace.org\/sweden\/wp-json\/wp\/v2\/posts\/11174","targetHints":{"allow":["GET"]}}],"collection":[{"href":"https:\/\/www.greenpeace.org\/sweden\/wp-json\/wp\/v2\/posts"}],"about":[{"href":"https:\/\/www.greenpeace.org\/sweden\/wp-json\/wp\/v2\/types\/post"}],"author":[{"embeddable":true,"href":"https:\/\/www.greenpeace.org\/sweden\/wp-json\/wp\/v2\/users\/28"}],"replies":[{"embeddable":true,"href":"https:\/\/www.greenpeace.org\/sweden\/wp-json\/wp\/v2\/comments?post=11174"}],"version-history":[{"count":5,"href":"https:\/\/www.greenpeace.org\/sweden\/wp-json\/wp\/v2\/posts\/11174\/revisions"}],"predecessor-version":[{"id":58184,"href":"https:\/\/www.greenpeace.org\/sweden\/wp-json\/wp\/v2\/posts\/11174\/revisions\/58184"}],"wp:featuredmedia":[{"embeddable":true,"href":"https:\/\/www.greenpeace.org\/sweden\/wp-json\/wp\/v2\/media\/609"}],"wp:attachment":[{"href":"https:\/\/www.greenpeace.org\/sweden\/wp-json\/wp\/v2\/media?parent=11174"}],"wp:term":[{"taxonomy":"category","embeddable":true,"href":"https:\/\/www.greenpeace.org\/sweden\/wp-json\/wp\/v2\/categories?post=11174"},{"taxonomy":"post_tag","embeddable":true,"href":"https:\/\/www.greenpeace.org\/sweden\/wp-json\/wp\/v2\/tags?post=11174"},{"taxonomy":"p4-page-type","embeddable":true,"href":"https:\/\/www.greenpeace.org\/sweden\/wp-json\/wp\/v2\/p4-page-type?post=11174"}],"curies":[{"name":"wp","href":"https:\/\/api.w.org\/{rel}","templated":true}]}}