{"id":11203,"date":"2020-06-02T14:03:30","date_gmt":"2020-06-02T13:03:30","guid":{"rendered":"https:\/\/www.greenpeace.org\/sweden\/?p=11203"},"modified":"2023-02-22T08:39:51","modified_gmt":"2023-02-22T07:39:51","slug":"idag-anmaler-vi-preem-till-reklamombudsmannen-och-konsumentombudsmannen","status":"publish","type":"post","link":"https:\/\/www.greenpeace.org\/sweden\/pressmeddelanden\/klimat\/idag-anmaler-vi-preem-till-reklamombudsmannen-och-konsumentombudsmannen\/","title":{"rendered":"Idag anm\u00e4ler vi Preem till Reklamombudsmannen och Konsumentombudsmannen"},"content":{"rendered":"\n<p class=\"has-text-align-center\"><img loading=\"lazy\" decoding=\"async\" src=\"https:\/\/lh4.googleusercontent.com\/bo3WYvvmZTukgEUFsCufRIanjeMe39h9Q9V6_nJzgE-Q7NRWBfMg9JrFZKTfv-BU6KIDTduADOXDJiwyPy2-XBkz2tkTRJYLZAeahk7CG5BJF4RayUq0sc7oAkcnZfCVIBwfy9lL\" width=\"291\" height=\"232\"><\/p>\n\n<p><strong>Den 15 juni kommer Mark- och milj\u00f6domstolens med sitt beslut om huruvida Preem f\u00e5r tillst\u00e5nd att expandera sitt oljeraffinaderi i Lysekil, d\u00e4refter g\u00e5r fr\u00e5gan \u00f6ver till regeringen. F\u00f6r n\u00e5gra veckor sen f\u00e4lldes Preem av Reklamombudsmannen f\u00f6r en annons om sitt oljeraffinaderi i Lysekilsposten. Idag presenterar Greenpeace granskning som visar att f\u00f6retaget inf\u00f6r beslutet har spenderat miljoner kronor p\u00e5 en mycket omfattande, systematiskt vilseledande reklamkampanj i bland annat Dagens Nyheter, Ny Teknik, Lysekilsposten, Expressen, Youtube, och Facebook.<\/strong><\/p>\n\n<p>Greenpeace har idag anm\u00e4lt Preems reklamkampanj till Reklamombudsmannen och Konsumentverket och kr\u00e4ver att Konsumentombudsmannen Cecilia Tisell stoppar Preems greenwashing. <a href=\"http:\/\/www.preemwashing.se\">H\u00e4r \u00e4r hela granskningen<\/a>.<\/p>\n\n<p>\u2013 Preem bedriver en omfattande och systematisk greenwashing. Deras reklamkampanj strider mot god marknadsf\u00f6ringssed och bryter mot marknadsf\u00f6ringslagen p\u00e5 en m\u00e4ngd punkter. D\u00e4rf\u00f6r anm\u00e4ler vi Preem till Reklamombudsmannen och Konsumentverket och kr\u00e4ver att Cecilia Tisell omedelbart stoppar Preems greenwashing, s\u00e4ger Gustav Martner som \u00e4r Kreativ chef f\u00f6r Greenpeace i Norden.<\/p>\n\n<p>Gustav Martner har en bakgrund i reklambranschen och har anlitats som expert p\u00e5 regulatoriska fr\u00e5gor kring digital marknadsf\u00f6ring. Han s\u00e4ger att Preems reklamkampanj \u00e4r ett av de v\u00e4rsta exemplen p\u00e5 greenwashing han sett i Sverige.<\/p>\n\n<p>\u2013 N\u00e4r vi b\u00f6rjade granska i detalj hur mycket Preem medvetet gr\u00f6nm\u00e5lat, f\u00f6rs\u00f6kt f\u00f6rst\u00e4rka konflikter mellan olika grupper i samh\u00e4llet och till och med anspelat p\u00e5 m\u00e4nniskors r\u00e4dslor f\u00f6r krig blev jag chockad. Att ett f\u00f6retag har mage att g\u00f6ra s\u00e5 h\u00e4r och att ansvariga myndigheter inte stoppat dem \u00e4r inte v\u00e4rdigt v\u00e5r demokrati.<\/p>\n\n<p>Enligt EU kommissionens v\u00e4gledning om otillb\u00f6rliga aff\u00e4rsmetoder, b\u00f6r ordval, bildspr\u00e5k och den \u00f6vergripande produktpresentationen i en reklamkampanj (d.v.s. layout, f\u00e4rgval, foton, bilder, ljud, symboler eller m\u00e4rkningar) beaktas i sin helhet. I fallet med Preem \u00e4r det mycket tydligt att reklamens helhetsintryck har vilselett allm\u00e4nhet och beslutsfattare &#8211; fr\u00e5n bristande reklamm\u00e4rkning och avs\u00e4ndaridentifikation till vilseledande p\u00e5st\u00e5enden och utnyttjande av m\u00e4nniskors r\u00e4dsla. Riksk\u00e4ndisen och f\u00f6re detta idrottsstj\u00e4rnan Gunde Svan har \u00e4ven varit ett av Preems ansikten ut\u00e5t. Greenpeace har \u00e4ven granskat vad kampanjen kan ha kostat.&nbsp;<\/p>\n\n<p>\u2013 Ett inf\u00f6rande av en s\u00e5 kallad native-annons i Dagens Nyheter kan kosta 95 000 kronor, och bara i Dagens Nyheter har Preem k\u00f6pt uppemot femton annonser som vi hittat misst\u00e4nkta \u00f6vertr\u00e4delser i, s\u00e4ger Gustav Martner.<\/p>\n\n<p>I ett <a href=\"https:\/\/preemwashing.se\/var-anmalan\/\">brev till Konsumentombudsmannen<\/a> redovisar Greenpeace f\u00f6r hur Preem brutit mot ICC:s artikel 5, artikel 8 samt artikel E1. Isadora Wronski som \u00e4r Sverigechef p\u00e5 Greenpeace s\u00e4ger:<\/p>\n\n<p>\u2013&nbsp; Mitt i en skenande klimatkris har Preem anv\u00e4nt fula knep och lagt miljontals kronor p\u00e5 att f\u00f6rs\u00f6ka f\u00e5 sin fossilverksamhet att framst\u00e5 som en milj\u00f6- och klimatg\u00e4rning. Sanningen \u00e4r att Preem vill \u00f6ka koldioxidutsl\u00e4ppen med en miljon ton, g\u00f6ra Preemraff i Lysekil till Sveriges enskilt st\u00f6rsta utsl\u00e4ppsk\u00e4lla och hindra Sverige fr\u00e5n att leva upp till v\u00e5ra klimatm\u00e5l. Det \u00e4r oetiskt, otill\u00e5tet och of\u00f6rsvarbart.<\/p>\n\n<p><strong>\u00d6vrigt<\/strong><br>H\u00e4r kan du l\u00e4sa Greenpeace brev till Konsumentombudsmannen<a href=\"https:\/\/preemwashing.se\/var-anmalan\/\"> Cecilia Tisell.<\/a><br>H\u00e4r kan du l\u00e4sa mer om de \u00f6vertr\u00e4delser Preem har gjort i sin <a href=\"https:\/\/preemwashing.se\/\">greenwashing.<\/a><br><a href=\"https:\/\/www.youtube.com\/watch?v=0RveGU-ue7o\">H\u00e4r kan du se en film d\u00e4r vi f\u00f6rklarar Preems Greenwashing.<\/a><br><\/p>\n\n<p><\/p>\n\n<p><\/p>\n\n<p><\/p>\n","protected":false},"excerpt":{"rendered":"<p>Den 15 juni kommer Mark- och milj\u00f6domstolens med sitt beslut om huruvida Preem f\u00e5r tillst\u00e5nd att expandera sitt oljeraffinaderi i Lysekil, d\u00e4refter g\u00e5r fr\u00e5gan \u00f6ver till regeringen. F\u00f6r n\u00e5gra veckor&hellip;<\/p>\n","protected":false},"author":34,"featured_media":11222,"comment_status":"closed","ping_status":"open","sticky":false,"template":"","format":"standard","meta":{"ep_exclude_from_search":false,"p4_og_title":"","p4_og_description":"","p4_og_image":"","p4_og_image_id":"","p4_seo_canonical_url":"","p4_campaign_name":"not set","p4_local_project":"not set","p4_basket_name":"not set","p4_department":"","footnotes":""},"categories":[2],"tags":[25,58,57],"p4-page-type":[14],"class_list":["post-11203","post","type-post","status-publish","format-standard","has-post-thumbnail","hentry","category-klimat","tag-hallbarenergi","tag-falskmarknadsforing","tag-fossilreklamforbud","p4-page-type-pressmeddelanden"],"_links":{"self":[{"href":"https:\/\/www.greenpeace.org\/sweden\/wp-json\/wp\/v2\/posts\/11203","targetHints":{"allow":["GET"]}}],"collection":[{"href":"https:\/\/www.greenpeace.org\/sweden\/wp-json\/wp\/v2\/posts"}],"about":[{"href":"https:\/\/www.greenpeace.org\/sweden\/wp-json\/wp\/v2\/types\/post"}],"author":[{"embeddable":true,"href":"https:\/\/www.greenpeace.org\/sweden\/wp-json\/wp\/v2\/users\/34"}],"replies":[{"embeddable":true,"href":"https:\/\/www.greenpeace.org\/sweden\/wp-json\/wp\/v2\/comments?post=11203"}],"version-history":[{"count":11,"href":"https:\/\/www.greenpeace.org\/sweden\/wp-json\/wp\/v2\/posts\/11203\/revisions"}],"predecessor-version":[{"id":11239,"href":"https:\/\/www.greenpeace.org\/sweden\/wp-json\/wp\/v2\/posts\/11203\/revisions\/11239"}],"wp:featuredmedia":[{"embeddable":true,"href":"https:\/\/www.greenpeace.org\/sweden\/wp-json\/wp\/v2\/media\/11222"}],"wp:attachment":[{"href":"https:\/\/www.greenpeace.org\/sweden\/wp-json\/wp\/v2\/media?parent=11203"}],"wp:term":[{"taxonomy":"category","embeddable":true,"href":"https:\/\/www.greenpeace.org\/sweden\/wp-json\/wp\/v2\/categories?post=11203"},{"taxonomy":"post_tag","embeddable":true,"href":"https:\/\/www.greenpeace.org\/sweden\/wp-json\/wp\/v2\/tags?post=11203"},{"taxonomy":"p4-page-type","embeddable":true,"href":"https:\/\/www.greenpeace.org\/sweden\/wp-json\/wp\/v2\/p4-page-type?post=11203"}],"curies":[{"name":"wp","href":"https:\/\/api.w.org\/{rel}","templated":true}]}}