{"id":11209,"date":"2020-06-02T14:32:05","date_gmt":"2020-06-02T13:32:05","guid":{"rendered":"https:\/\/www.greenpeace.org\/sweden\/?p=11209"},"modified":"2023-02-17T10:22:37","modified_gmt":"2023-02-17T09:22:37","slug":"greenpeace-nya-granskning-har-avslojar-vi-preems-greenwashing","status":"publish","type":"post","link":"https:\/\/www.greenpeace.org\/sweden\/artiklar\/klimat\/greenpeace-nya-granskning-har-avslojar-vi-preems-greenwashing\/","title":{"rendered":"Greenpeace nya granskning: H\u00e4r avsl\u00f6jar vi Preems greenwashing"},"content":{"rendered":"\n<h4 class=\"wp-block-heading\"><strong>Med bilder p\u00e5 gr\u00f6na skogar, folkk\u00e4ra k\u00e4ndisar och prat om milj\u00f6- och klimatf\u00f6rdelar f\u00f6rs\u00f6ker Preem f\u00e5 sin fossila verksamhet att framst\u00e5 som n\u00e5got bra f\u00f6r planeten. Det \u00e4r l\u00e5ngt ifr\u00e5n sanningen. V\u00e5r granskning har visat att Preem investerat miljontals kronor i en omfattande greenwashingkampanj \u2013 samtidigt som Mark- och milj\u00f6\u00f6verdomstolen hanterar det p\u00e5g\u00e5ende \u00e4rendet om Preems planerade fossilexpansion i Lysekil. Den 15 juni kommer beslutet och d\u00e4refter hamnar fr\u00e5gan p\u00e5 regeringens bord.<\/strong><\/h4>\n\n<hr class=\"wp-block-separator has-css-opacity\"\/>\n\n<p>Under 2019 k\u00f6rde Preem en omfattande p\u00e5verkanskampanj som pr\u00e4glades av en redaktionell och informativ ton. Deras annonser var utformade f\u00f6r att likna journalistiska artiklar och reportage, vilket g\u00f6r det sv\u00e5rt att skilja reklamen Preem betalat f\u00f6r \u2013 fr\u00e5n redaktionellt inneh\u00e5ll. Kampanjen har p\u00e5 ett mycket omfattande och systematiskt s\u00e4tt f\u00f6rs\u00f6kt p\u00e5verka allm\u00e4nhet och beslutsfattareunder den tillst\u00e5ndsprocess som just nu p\u00e5g\u00e5r kring Preems ans\u00f6kan om att f\u00e5 expandera sitt oljeraffinaderi i Lysekil. Projektet skulle \u00f6ka koldioxidutsl\u00e4ppen med 1 miljon ton, g\u00f6ra raffinaderiet till Sveriges enskilt st\u00f6rsta utsl\u00e4ppsk\u00e4lla och p\u00e5verka v\u00e5ra m\u00f6jligheter att leva upp till internationella klimat\u00e5taganden.<br><\/p>\n\n<h4 class=\"wp-block-heading\"><strong>Preems greenwashing i detalj<\/strong><\/h4>\n\n<p>P\u00e5 \u201c<a href=\"https:\/\/preemwashing.se\">preemwashing.se<\/a>\u201d har vi publicerat den fullst\u00e4ndiga granskningen, med detaljerade exempel p\u00e5 hur Preems olika reklamannonser bryter mot marknadsf\u00f6ringslagen, vilseleder och ger ett missvisande intryck av att Preems verksamhet \u00e4r h\u00e5llbar och bra f\u00f6r klimatet. P\u00e5 sajten finns \u00e4ven en redog\u00f6relse f\u00f6r den <a href=\"https:\/\/preemwashing.se\/vad-kan-du-gora\/\" target=\"_blank\" rel=\"noreferrer noopener\">etablerade metod<\/a> som anv\u00e4nts f\u00f6r att identifiera Preems greenwashing, samt <a href=\"https:\/\/preemwashing.se\/var-anmalan\/\" target=\"_blank\" rel=\"noreferrer noopener\">anm\u00e4lan Greenpeace skickat till Konsumentverket<\/a>.<\/p>\n\n<figure class=\"wp-block-image size-large  caption-style-blue-overlay caption-alignment-center\"><a href=\"https:\/\/preemwashing.se\/\" target=\"_blank\" rel=\"noopener noreferrer\"><img loading=\"lazy\" decoding=\"async\" width=\"1024\" height=\"768\" src=\"https:\/\/www.greenpeace.org\/static\/planet4-sweden-stateless\/2020\/06\/f42aa616-preemwash-articles_screenshots-1024x768.jpg\" title=\"preem greenwashing\" alt=\"preem greenwashing\" class=\"wp-image-11237\" srcset=\"https:\/\/www.greenpeace.org\/static\/planet4-sweden-stateless\/2020\/06\/f42aa616-preemwash-articles_screenshots-1024x768.jpg 1024w, https:\/\/www.greenpeace.org\/static\/planet4-sweden-stateless\/2020\/06\/f42aa616-preemwash-articles_screenshots-300x225.jpg 300w, https:\/\/www.greenpeace.org\/static\/planet4-sweden-stateless\/2020\/06\/f42aa616-preemwash-articles_screenshots-768x576.jpg 768w, https:\/\/www.greenpeace.org\/static\/planet4-sweden-stateless\/2020\/06\/f42aa616-preemwash-articles_screenshots-453x340.jpg 453w, https:\/\/www.greenpeace.org\/static\/planet4-sweden-stateless\/2020\/06\/f42aa616-preemwash-articles_screenshots.jpg 1200w\" sizes=\"auto, (max-width: 1024px) 100vw, 1024px\" \/><\/a><\/figure>\n\n<h4 class=\"wp-block-heading\"><strong>P\u00e5 vilket s\u00e4tt har Preem brutit mot lagen?<\/strong><\/h4>\n\n<p>Att anv\u00e4nda en journalistisk tonalitet eller layout i reklam \u00e4r inte olagligt. Men som all annonsering f\u00f6ljer \u00e4ven denna sortens marknadsf\u00f6ring specifika regler och best\u00e4mmelser, som syftar till att s\u00e4kerst\u00e4lla att reklamen inte \u00e4r missvisande, vilseledande eller falsk. Preem har p\u00e5 ett omfattande och systematiskt s\u00e4tt framst\u00e4llt sina produkter och sin verksamhet p\u00e5 ett, ur milj\u00f6h\u00e4nseende mycket f\u00f6rdelaktigt vis. Reklamen har ett format som gjort det sv\u00e5rt f\u00f6r konsumenten att urskilja att det \u00e4r reklam och vem avs\u00e4ndaren \u00e4r.<\/p>\n\n<p>\u2013 Preems reklamkampanj strider mot god marknadsf\u00f6ringssed och bryter mot marknadsf\u00f6ringslagen p\u00e5 en m\u00e4ngd punkter. D\u00e4rf\u00f6r anm\u00e4ler vi Preem till Reklamombudsmannen och Konsumentverket och kr\u00e4ver att Konsumentombudsmannen Cecilia Tisell omedelbart stoppar Preems greenwashing , s\u00e4ger Gustav Martner, Kreativ chef p\u00e5 Greenpeace Norden.<\/p>\n\n<h4 class=\"wp-block-heading\"><strong>Varf\u00f6r anm\u00e4ler vi Preem till b\u00e5de Reklamombudsmannen och Konsumentverket?<\/strong><\/h4>\n\n<p>Det finns tv\u00e5 st\u00e4llen dit man som konsument kan anm\u00e4la vilseledande reklam. Den ena \u00e4r reklambranschens egen ombudsman, Reklamombudsmannen (RO). Hos RO granskas \u00e4renden f\u00f6r att se till att de inte bryter mot marknadsf\u00f6ringslagen. Reklamombudsmannen \u00e4r dock ingen myndighet, vilket inneb\u00e4r att \u00e4ven om RO anser att reklamen bryter mot marknadsf\u00f6ringslagen s\u00e5 f\u00e5r deras dom ingen juridisk p\u00e5f\u00f6ljd. Men om Konsumentverket, som \u00e4r en svensk myndighet, startar ett tillsyns\u00e4rende kan Preems greenwashing hamna i marknadsdomstolen. Det inneb\u00e4r att Preem kan b\u00f6tf\u00e4llas och <strong>f\u00f6rbjudas att forts\u00e4tta med sin greenwashing<\/strong>, och domen kan \u00e4ven bli v\u00e4gledande f\u00f6r andra f\u00f6retags reklamkampanjer.&nbsp;<\/p>\n\n<p>Preems gr\u00f6nm\u00e5lade reklambudskap ligger l\u00e5ngt ifr\u00e5n sanningen och \u00e4r h\u00f6gst problematiska.<\/p>\n\n<p>\u2013&nbsp; Mitt i en skenande klimatkris har Preem anv\u00e4nt fula knep och lagt miljontals kronor p\u00e5 att f\u00f6rs\u00f6ka f\u00e5 sin fossilverksamhet att framst\u00e5 som en milj\u00f6- och klimatg\u00e4rning. Sanningen \u00e4r att Preem vill \u00f6ka koldioxidutsl\u00e4ppen med 1 miljon ton, g\u00f6ra Preemraff i Lysekil till Sveriges enskilt st\u00f6rsta utsl\u00e4ppsk\u00e4lla och hindra Sverige fr\u00e5n att leva upp till v\u00e5ra klimatm\u00e5l. Det \u00e4r oetiskt, otill\u00e5tet och of\u00f6rsvarbart, Isadora Wronski, Sverigechef Greenpeace.<\/p>\n\n<p><strong>Vill du vara med och hj\u00e4lpa oss stoppa Preems greenwashing?<\/strong><br><a href=\"https:\/\/preemwashing.se\/#agera\" target=\"_blank\" rel=\"noreferrer noopener\">Skriv under v\u00e5r anm\u00e4lan<\/a> och kr\u00e4v att Konsumentombudsmannen Cecilia Tisell agerar mot Preems systematiska \u00f6vertr\u00e4delser av v\u00e5ra marknadsf\u00f6ringslagar.<\/p>\n","protected":false},"excerpt":{"rendered":"<p>Med bilder p\u00e5 gr\u00f6na skogar, folkk\u00e4ra k\u00e4ndisar och prat om milj\u00f6- och klimatf\u00f6rdelar f\u00f6rs\u00f6ker Preem f\u00e5 sin fossila verksamhet att framst\u00e5 som n\u00e5got bra f\u00f6r planeten. Det \u00e4r l\u00e5ngt ifr\u00e5n sanningen. V\u00e5r granskning har visat att Preem investerat miljontals kronor i en omfattande greenwashingkampanj \u2013 samtidigt som Mark- och milj\u00f6\u00f6verdomstolen hanterar det p\u00e5g\u00e5ende \u00e4rendet om Preems planerade fossilexpansion i Lysekil.<\/p>\n","protected":false},"author":35,"featured_media":11237,"comment_status":"closed","ping_status":"open","sticky":false,"template":"","format":"standard","meta":{"ep_exclude_from_search":false,"p4_og_title":"","p4_og_description":"","p4_og_image":"","p4_og_image_id":"","p4_seo_canonical_url":"","p4_campaign_name":"not set","p4_local_project":"not set","p4_basket_name":"not set","p4_department":"","footnotes":""},"categories":[2],"tags":[58,24],"p4-page-type":[16],"class_list":["post-11209","post","type-post","status-publish","format-standard","has-post-thumbnail","hentry","category-klimat","tag-falskmarknadsforing","tag-fossilenergi","p4-page-type-artiklar"],"_links":{"self":[{"href":"https:\/\/www.greenpeace.org\/sweden\/wp-json\/wp\/v2\/posts\/11209","targetHints":{"allow":["GET"]}}],"collection":[{"href":"https:\/\/www.greenpeace.org\/sweden\/wp-json\/wp\/v2\/posts"}],"about":[{"href":"https:\/\/www.greenpeace.org\/sweden\/wp-json\/wp\/v2\/types\/post"}],"author":[{"embeddable":true,"href":"https:\/\/www.greenpeace.org\/sweden\/wp-json\/wp\/v2\/users\/35"}],"replies":[{"embeddable":true,"href":"https:\/\/www.greenpeace.org\/sweden\/wp-json\/wp\/v2\/comments?post=11209"}],"version-history":[{"count":9,"href":"https:\/\/www.greenpeace.org\/sweden\/wp-json\/wp\/v2\/posts\/11209\/revisions"}],"predecessor-version":[{"id":54407,"href":"https:\/\/www.greenpeace.org\/sweden\/wp-json\/wp\/v2\/posts\/11209\/revisions\/54407"}],"wp:featuredmedia":[{"embeddable":true,"href":"https:\/\/www.greenpeace.org\/sweden\/wp-json\/wp\/v2\/media\/11237"}],"wp:attachment":[{"href":"https:\/\/www.greenpeace.org\/sweden\/wp-json\/wp\/v2\/media?parent=11209"}],"wp:term":[{"taxonomy":"category","embeddable":true,"href":"https:\/\/www.greenpeace.org\/sweden\/wp-json\/wp\/v2\/categories?post=11209"},{"taxonomy":"post_tag","embeddable":true,"href":"https:\/\/www.greenpeace.org\/sweden\/wp-json\/wp\/v2\/tags?post=11209"},{"taxonomy":"p4-page-type","embeddable":true,"href":"https:\/\/www.greenpeace.org\/sweden\/wp-json\/wp\/v2\/p4-page-type?post=11209"}],"curies":[{"name":"wp","href":"https:\/\/api.w.org\/{rel}","templated":true}]}}