{"id":11261,"date":"2020-06-05T08:41:22","date_gmt":"2020-06-05T07:41:22","guid":{"rendered":"https:\/\/www.greenpeace.org\/sweden\/?p=11261"},"modified":"2024-08-21T14:42:41","modified_gmt":"2024-08-21T13:42:41","slug":"klimat-miljo-och-omstallningsdepartmentet-som-det-borde-vara","status":"publish","type":"post","link":"https:\/\/www.greenpeace.org\/sweden\/pressmeddelanden\/klimat\/klimat-miljo-och-omstallningsdepartmentet-som-det-borde-vara\/","title":{"rendered":"Klimat, milj\u00f6- och omst\u00e4llningsdepartmentet &#8211; som det borde vara"},"content":{"rendered":"\n<p><strong>Imorse fick finansdepartementet ett nytt namn. Ett namn som b\u00e4ttre speglar departementets enorma ansvar och m\u00f6jlighet n\u00e4r ofantliga summor ska investeras f\u00f6r att st\u00e4vja effekterna av coronapandemin.<\/strong><\/p>\n\n<figure class=\"wp-block-image size-large  caption-style-blue-overlay caption-alignment-center\"><img loading=\"lazy\" decoding=\"async\" width=\"800\" height=\"533\" src=\"https:\/\/www.greenpeace.org\/static\/planet4-sweden-stateless\/2020\/06\/10329a7c-gp1stzeu_web_size_with_credit_line.jpg\" alt=\"\" class=\"wp-image-11275\" srcset=\"https:\/\/www.greenpeace.org\/static\/planet4-sweden-stateless\/2020\/06\/10329a7c-gp1stzeu_web_size_with_credit_line.jpg 800w, https:\/\/www.greenpeace.org\/static\/planet4-sweden-stateless\/2020\/06\/10329a7c-gp1stzeu_web_size_with_credit_line-300x200.jpg 300w, https:\/\/www.greenpeace.org\/static\/planet4-sweden-stateless\/2020\/06\/10329a7c-gp1stzeu_web_size_with_credit_line-768x512.jpg 768w, https:\/\/www.greenpeace.org\/static\/planet4-sweden-stateless\/2020\/06\/10329a7c-gp1stzeu_web_size_with_credit_line-510x340.jpg 510w\" sizes=\"auto, (max-width: 800px) 100vw, 800px\" \/><\/figure>\n\n<p>I skrivande stund har finansdepartement runt om i v\u00e4rlden pumpat i tusentals miljarder f\u00f6r att f\u00e5 ekonomier p\u00e5 rull igen. Det \u00e4r s\u00e4llan, om n\u00e5gonsin, s\u00e5 stora delar av samh\u00e4llets samlade resurser &#8211; v\u00e5ra skattemedel &#8211;&nbsp; gjorts tillg\u00e4ngliga p\u00e5 s\u00e5 kort tid.<\/p>\n\n<p>Coronapandemin \u00e4r en oerh\u00f6rd tragedi som drabbat hela v\u00e5rt samh\u00e4lle. Samtidigt inneb\u00e4r det att vi kan anv\u00e4nda de stimulanspaket som nu beslutas om f\u00f6r att starta den genomgripande samh\u00e4llsomst\u00e4llning som kr\u00e4vs f\u00f6r att leva upp till forskarnas rekommendationer och v\u00e5ra internationella \u00e5taganden.<\/p>\n\n<p>Att g\u00e5 tillbaka till den situation vi hade innan krisen h\u00e5ller inte. Det \u201cnormala\u201d har inneburit att vi i stora delar f\u00f6rst\u00f6rt v\u00e5r omgivning f\u00f6r kortsiktig vinning. V\u00e5ra skattepengar m\u00e5ste anv\u00e4ndas smart f\u00f6r att r\u00e4dda liv b\u00e5de p\u00e5 kort och l\u00e5ng sikt. Finansdepartementet m\u00e5ste ta h\u00e4nsyn till de \u00f6verh\u00e4ngande risker som hotar v\u00e5ra livsuppr\u00e4tth\u00e5llande system, v\u00e5r trygghet och v\u00e5r v\u00e4lf\u00e4rd och se till att vi g\u00e5r starkare ur krisen \u00e4n vi gick in i den.\u00a0<\/p>\n\n<p>D\u00e4rf\u00f6r \u00e4r klimat, milj\u00f6- och omst\u00e4llningsdepartementet ett bra och passande namn &#8211; f\u00f6r finansdepartementet spelar en central roll n\u00e4r det g\u00e4ller att bygga v\u00e5rt trygga, motst\u00e5ndskraftiga framtida samh\u00e4lle och en l\u00e5ngsiktigt h\u00e5llbar v\u00e4lf\u00e4rd.<\/p>\n\n<p><strong>H\u00e5ller du med? <\/strong>Skriv under <a href=\"https:\/\/www.greenpeace.org\/sweden\/agera\/covid-19\/\" target=\"_blank\" rel=\"noreferrer noopener\">v\u00e5r namninsamling<\/a> f\u00f6r stimulanspaket f\u00f6r framtiden och ge v\u00e5ra politiker mod att agera!<\/p>\n\n<figure class=\"wp-block-image size-large is-resized  caption-style-blue-overlay caption-alignment-center\"><img loading=\"lazy\" decoding=\"async\" src=\"https:\/\/www.greenpeace.org\/static\/planet4-sweden-stateless\/2020\/06\/e956432e-gp1stzet_web_size_with_credit_line.jpg\" alt=\"\" class=\"wp-image-11277\" width=\"603\" height=\"402\" srcset=\"https:\/\/www.greenpeace.org\/static\/planet4-sweden-stateless\/2020\/06\/e956432e-gp1stzet_web_size_with_credit_line.jpg 800w, https:\/\/www.greenpeace.org\/static\/planet4-sweden-stateless\/2020\/06\/e956432e-gp1stzet_web_size_with_credit_line-300x200.jpg 300w, https:\/\/www.greenpeace.org\/static\/planet4-sweden-stateless\/2020\/06\/e956432e-gp1stzet_web_size_with_credit_line-768x512.jpg 768w, https:\/\/www.greenpeace.org\/static\/planet4-sweden-stateless\/2020\/06\/e956432e-gp1stzet_web_size_with_credit_line-510x340.jpg 510w\" sizes=\"auto, (max-width: 603px) 100vw, 603px\" \/><\/figure>\n<div class=\"EmptyMessage\">Block content is empty. Check the block&#8217;s settings or remove it.<\/div>","protected":false},"excerpt":{"rendered":"<p>Imorse fick finansdepartementet ett nytt namn. Ett namn som b\u00e4ttre speglar departementets enorma ansvar och m\u00f6jlighet n\u00e4r ofantliga summor ska investeras f\u00f6r att st\u00e4vja effekterna av coronapandemin.<\/p>\n","protected":false},"author":38,"featured_media":11275,"comment_status":"closed","ping_status":"open","sticky":false,"template":"","format":"standard","meta":{"ep_exclude_from_search":false,"p4_og_title":"","p4_og_description":"","p4_og_image":"","p4_og_image_id":"","p4_seo_canonical_url":"","p4_campaign_name":"not set","p4_local_project":"not set","p4_basket_name":"not set","p4_department":"","footnotes":""},"categories":[2],"tags":[23,25,31,55,53],"p4-page-type":[14],"class_list":["post-11261","post","type-post","status-publish","format-standard","has-post-thumbnail","hentry","category-klimat","tag-globaluppvarmning","tag-hallbarenergi","tag-aktivism","tag-systemomstallning","tag-svenskpolitik","p4-page-type-pressmeddelanden"],"_links":{"self":[{"href":"https:\/\/www.greenpeace.org\/sweden\/wp-json\/wp\/v2\/posts\/11261","targetHints":{"allow":["GET"]}}],"collection":[{"href":"https:\/\/www.greenpeace.org\/sweden\/wp-json\/wp\/v2\/posts"}],"about":[{"href":"https:\/\/www.greenpeace.org\/sweden\/wp-json\/wp\/v2\/types\/post"}],"author":[{"embeddable":true,"href":"https:\/\/www.greenpeace.org\/sweden\/wp-json\/wp\/v2\/users\/38"}],"replies":[{"embeddable":true,"href":"https:\/\/www.greenpeace.org\/sweden\/wp-json\/wp\/v2\/comments?post=11261"}],"version-history":[{"count":6,"href":"https:\/\/www.greenpeace.org\/sweden\/wp-json\/wp\/v2\/posts\/11261\/revisions"}],"predecessor-version":[{"id":49788,"href":"https:\/\/www.greenpeace.org\/sweden\/wp-json\/wp\/v2\/posts\/11261\/revisions\/49788"}],"wp:featuredmedia":[{"embeddable":true,"href":"https:\/\/www.greenpeace.org\/sweden\/wp-json\/wp\/v2\/media\/11275"}],"wp:attachment":[{"href":"https:\/\/www.greenpeace.org\/sweden\/wp-json\/wp\/v2\/media?parent=11261"}],"wp:term":[{"taxonomy":"category","embeddable":true,"href":"https:\/\/www.greenpeace.org\/sweden\/wp-json\/wp\/v2\/categories?post=11261"},{"taxonomy":"post_tag","embeddable":true,"href":"https:\/\/www.greenpeace.org\/sweden\/wp-json\/wp\/v2\/tags?post=11261"},{"taxonomy":"p4-page-type","embeddable":true,"href":"https:\/\/www.greenpeace.org\/sweden\/wp-json\/wp\/v2\/p4-page-type?post=11261"}],"curies":[{"name":"wp","href":"https:\/\/api.w.org\/{rel}","templated":true}]}}