{"id":1149,"date":"2018-04-23T14:14:00","date_gmt":"2018-04-23T14:14:00","guid":{"rendered":"https:\/\/www.greenpeace.org\/sweden\/bakgrund\/1149\/ap-fondernas-argument-haller-inte\/"},"modified":"2024-08-22T08:49:16","modified_gmt":"2024-08-22T07:49:16","slug":"ap-fondernas-argument-haller-inte","status":"publish","type":"post","link":"https:\/\/www.greenpeace.org\/sweden\/artiklar\/klimat\/ap-fondernas-argument-haller-inte\/","title":{"rendered":"AP-fondernas argument h\u00e5ller inte"},"content":{"rendered":"<p><strong><img decoding=\"async\" src=\"https:\/\/www.greenpeace.org\/static\/planet4-sweden-stateless\/2019\/01\/6ace0448-6ace0448-142252_257593.jpg\" alt=\"\" \/><\/strong><\/p>\n<p><strong>F\u00f6rsta till fj\u00e4rde Ap-fonden forts\u00e4tter att investera i n\u00e5gra av de smutsigaste bolagen i v\u00e4rlden. Ska utsl\u00e4ppen minska m\u00e5ste statliga pengar slut pumpas in i fossila bolag. Vi beh\u00f6ver din hj\u00e4lp f\u00f6r att f\u00f6rm\u00e5 dem att #FlyttaPengarna!<\/strong><\/p>\n<p>Det finns pensionsfonder d\u00e4r du sj\u00e4lv kan best\u00e4mma hur dina pensionspengar investeras, sen finns det fonder d\u00e4r staten best\u00e4mmer och du inte har n\u00e5gon makt alls. De senare \u00e4r f\u00f6rsta till fj\u00e4rde Ap-fonden. Eftersom det inte g\u00e5r att flytta pengarna sj\u00e4lv m\u00e5ste vi p\u00e5verka p\u00e5 andra s\u00e4tt om vi vill se fossilfria pensionsfonder. D\u00e4rf\u00f6r har vi p\u00e5 Greenpeace startat en mail kampanj. Det \u00e4r enkelt att skicka ett mail, <a href=\"https:\/\/signby.me\/se\/flyttapengarna\">g\u00f6r det redan nu!<\/a><\/p>\n<p>Eftersom det redan skickats en hel del mail har vi ocks\u00e5 f\u00e5tt endel svar fr\u00e5n Ap-fonderna. H\u00e4r svarar jag p\u00e5 n\u00e5gra av deras huvudargument.<\/p>\n<p><strong>Vi \u00e4r redan superbra<br \/>\n<\/strong>Det \u00e4r toppen att f\u00f6rsta till fj\u00e4rde AP-fonden g\u00f6r massa bra saker, att de f\u00f6rs\u00f6ker p\u00e5verka f\u00f6retag de investerar i, att de slutat investera i vissa f\u00f6retag och att de investerar i en del bra saker men det \u00e4r inte tillr\u00e4ckligt. N\u00e4r vi gjorde en <a href=\"https:\/\/www.greenpeace.org\/sweden\/se\/rapporter-och-dokument\/Staten-kapitalet-och-oljan\/\">granskning<\/a> av de 100 smutsigaste fossila bolagen i v\u00e4rlden visade det sig att f\u00f6rsta till fj\u00e4rde AP-fonden investerar i 43 av dessa bolag. Ska fonden vara f\u00f6reg\u00e5ngare p\u00e5 riktigt och faktiskt ha m\u00f6jlighet att vara en del av att driva p\u00e5 f\u00f6r en h\u00e5llbar finansmarknad s\u00e5 m\u00e5ste de sluta investera i de smutsigaste bolagen. N\u00e5gra av bolagen som AP-fonderna investerar i \u00e4r Coal India (AP1), Exxon Mobile (AP1, AP3 och AP4), Shell (AP1, AP2 och AP3), Chevron (AP2, AP3 och AP4) och Total (AP1, AP3 och AP4). Ett annat exempel \u00e4r kanadensiska Suncor (AP3, AP4) som utvinner klimatskadlig oljesand.<\/p>\n<p><strong>Vi investerar i en hel del bra grejer<br \/>\n<\/strong>Det \u00e4r j\u00e4ttebra att fonderna investerar i h\u00e5llbara f\u00f6retag men det \u00e4r inte urs\u00e4kt f\u00f6r att forts\u00e4tta investera i de smutsigaste bolagen p\u00e5 planeten. F\u00f6rst n\u00e4r de slutat investera i fossila bolag kan de kallas f\u00f6red\u00f6me. Att investera i fossilbolagen g\u00f6r dubbel skada \u2013 f\u00f6r det f\u00f6rsta f\u00f6rv\u00e4rrar det klimatf\u00f6r\u00e4ndringarna och f\u00f6r det andra undanh\u00e5lls n\u00f6dv\u00e4ndiga investeringar fr\u00e5n de l\u00f6sningar som beh\u00f6vs. Det \u00e4r inte s\u00e5 att behoven saknas. <a href=\"http:\/\/unepinquiry.org\/publication\/financing-sustainable-development\/\">Enligt FN:s milj\u00f6program<\/a> beh\u00f6vs 90 biljoner dollar f\u00f6r att vi ska n\u00e5 m\u00e5len i Parisavtalet och FN:s Agenda 2030.<\/p>\n<p><strong>Vi kan p\u00e5verkar f\u00f6retagen om vi forts\u00e4tter investera i dem<br \/>\n<\/strong>Trots att AP-fonder placerar mycket pengar \u00e4ger de generellt en v\u00e4ldigt liten del av f\u00f6retagen de investerar i. \u00c4ven om de g\u00e5r samman med m\u00e5nga andra placerar \u00e4r m\u00f6jligheterna f\u00f6r p\u00e5verkan ofta begr\u00e4nsad. Dessutom handlar inte detta om f\u00f6retag som ska g\u00f6ra sm\u00e5 \u00e4ndringar f\u00f6r att bli h\u00e5llbara. Vi snackar om f\u00f6retag vars hela aff\u00e4rside g\u00e5r ut p\u00e5 att paja klimatet. Investeringar i s\u00e5dana f\u00f6retag \u00e4r inte v\u00e4gen fram\u00e5t.<\/p>\n<p><strong>Forts\u00e4tt ifr\u00e5gas\u00e4tta AP-fonderna, det \u00e4r v\u00e5ra pengar de investerar i klimatskadlig verksamhet!<\/strong><\/p>\n\t\t\t<section\n\t\t\tclass=\"boxout post-28 \"\n\t\t\t\n\t\t>\n\t\t\t<a\n\t\t\t\tdata-ga-category=\"Take Action Boxout\"\n\t\t\t\tdata-ga-action=\"Image\"\n\t\t\t\tdata-ga-label=\"n\/a\"\n\t\t\t\tclass=\"cover-card-overlay\"\n\t\t\t\thref=\"https:\/\/www.greenpeace.org\/sweden\/agera\/flyttapengarna\/\" \n\t\t\t><\/a>\n\t\t\t\t\t\t\t<img\n\t\t\t\t\t\tsrc=\"https:\/\/www.greenpeace.org\/static\/planet4-sweden-stateless\/2019\/01\/11f8803f-gp023gu-1024x683.jpg\"\n\t\t\t\t\t\tsrcset=\"https:\/\/www.greenpeace.org\/static\/planet4-sweden-stateless\/2019\/01\/11f8803f-gp023gu-300x200.jpg 300w, https:\/\/www.greenpeace.org\/static\/planet4-sweden-stateless\/2019\/01\/11f8803f-gp023gu-768x512.jpg 768w, https:\/\/www.greenpeace.org\/static\/planet4-sweden-stateless\/2019\/01\/11f8803f-gp023gu-1024x683.jpg 1024w, https:\/\/www.greenpeace.org\/static\/planet4-sweden-stateless\/2019\/01\/11f8803f-gp023gu-2048x1366.jpg 2048w, https:\/\/www.greenpeace.org\/static\/planet4-sweden-stateless\/2019\/01\/11f8803f-gp023gu-510x340.jpg 510w\"\n\t\t\t\t\t\tsizes=\"(min-width: 1000px) 358px, (min-width: 780px) 313px, 88px\"\n\t\t\t\t\t\talt=\"\" title=\"\"\n\t\t\t\t\/>\n            \t\t\t<div class=\"boxout-content\">\n\t\t\t\t\t\t\t\t\t<a\n\t\t\t\t\t\tclass=\"boxout-heading medium\"\n\t\t\t\t\t\tdata-ga-category=\"Take Action Boxout\"\n\t\t\t\t\t\tdata-ga-action=\"Title\"\n\t\t\t\t\t\tdata-ga-label=\"n\/a\"\n\t\t\t\t\t\thref=\"https:\/\/www.greenpeace.org\/sweden\/agera\/flyttapengarna\/\"\n\t\t\t\t\t\t\n\t\t\t\t\t>\n\t\t\t\t\t\tDin pension bidrar till klimatf\u00f6r\u00e4ndringar\n\t\t\t\t\t<\/a>\n\t\t\t\t\t\t\t\t\t\t\t\t\t<p class=\"boxout-excerpt\">\u00c4r det inte ironiskt att de pengar som ska g\u00e5 till att s\u00e4kra din framtid samtidigt f\u00f6rst\u00f6r den? Kr\u00e4v att svenska staten slutar investera v\u00e5ra pensionspengar i fossila br\u00e4nslen! <\/p>\n\t\t\t\t                                    <a\n                        class=\"btn btn-primary\"\n                        data-ga-category=\"Take Action Boxout\"\n                        data-ga-action=\"Call to Action\"\n                        data-ga-label=\"n\/a\"\n                        href=\"https:\/\/www.greenpeace.org\/sweden\/agera\/flyttapengarna\/\"\n                        \n                    >\n                        Engagera dig\n                    <\/a>\n                \t\t\t<\/div>\n\t\t\t\t\t<\/section>\n\t","protected":false},"excerpt":{"rendered":"<p>F\u00f6rsta till fj\u00e4rde Ap-fonden forts\u00e4tter att investera i n\u00e5gra av de smutsigaste bolagen i v\u00e4rlden. Ska utsl\u00e4ppen minska m\u00e5ste statliga pengar slut pumpas in i fossila bolag. Vi beh\u00f6ver din&hellip;<\/p>\n","protected":false},"author":29,"featured_media":1136,"comment_status":"closed","ping_status":"closed","sticky":false,"template":"","format":"standard","meta":{"ep_exclude_from_search":false,"p4_og_title":"","p4_og_description":"","p4_og_image":"","p4_og_image_id":"","p4_seo_canonical_url":"","p4_campaign_name":"","p4_local_project":"","p4_basket_name":"","p4_department":"","footnotes":""},"categories":[45,2],"tags":[23,24,56],"p4-page-type":[16],"class_list":["post-1149","post","type-post","status-publish","format-standard","has-post-thumbnail","hentry","category-energi","category-klimat","tag-globaluppvarmning","tag-fossilenergi","tag-hallbarainvesteringar","p4-page-type-artiklar"],"_links":{"self":[{"href":"https:\/\/www.greenpeace.org\/sweden\/wp-json\/wp\/v2\/posts\/1149","targetHints":{"allow":["GET"]}}],"collection":[{"href":"https:\/\/www.greenpeace.org\/sweden\/wp-json\/wp\/v2\/posts"}],"about":[{"href":"https:\/\/www.greenpeace.org\/sweden\/wp-json\/wp\/v2\/types\/post"}],"author":[{"embeddable":true,"href":"https:\/\/www.greenpeace.org\/sweden\/wp-json\/wp\/v2\/users\/29"}],"replies":[{"embeddable":true,"href":"https:\/\/www.greenpeace.org\/sweden\/wp-json\/wp\/v2\/comments?post=1149"}],"version-history":[{"count":5,"href":"https:\/\/www.greenpeace.org\/sweden\/wp-json\/wp\/v2\/posts\/1149\/revisions"}],"predecessor-version":[{"id":49887,"href":"https:\/\/www.greenpeace.org\/sweden\/wp-json\/wp\/v2\/posts\/1149\/revisions\/49887"}],"wp:featuredmedia":[{"embeddable":true,"href":"https:\/\/www.greenpeace.org\/sweden\/wp-json\/wp\/v2\/media\/1136"}],"wp:attachment":[{"href":"https:\/\/www.greenpeace.org\/sweden\/wp-json\/wp\/v2\/media?parent=1149"}],"wp:term":[{"taxonomy":"category","embeddable":true,"href":"https:\/\/www.greenpeace.org\/sweden\/wp-json\/wp\/v2\/categories?post=1149"},{"taxonomy":"post_tag","embeddable":true,"href":"https:\/\/www.greenpeace.org\/sweden\/wp-json\/wp\/v2\/tags?post=1149"},{"taxonomy":"p4-page-type","embeddable":true,"href":"https:\/\/www.greenpeace.org\/sweden\/wp-json\/wp\/v2\/p4-page-type?post=1149"}],"curies":[{"name":"wp","href":"https:\/\/api.w.org\/{rel}","templated":true}]}}