{"id":11529,"date":"2020-06-12T14:11:48","date_gmt":"2020-06-12T13:11:48","guid":{"rendered":"https:\/\/www.greenpeace.org\/sweden\/?p=11529"},"modified":"2024-08-26T14:49:16","modified_gmt":"2024-08-26T13:49:16","slug":"klimatrattsfallet-i-norge-historisk-upplosning-i-host","status":"publish","type":"post","link":"https:\/\/www.greenpeace.org\/sweden\/pressmeddelanden\/klimat\/klimatrattsfallet-i-norge-historisk-upplosning-i-host\/","title":{"rendered":"Klimatr\u00e4ttsfallet i Norge &#8211; historisk uppl\u00f6sning i h\u00f6st"},"content":{"rendered":"\n<figure class=\"wp-block-image size-large  caption-style-blue-overlay caption-alignment-center\"><img loading=\"lazy\" decoding=\"async\" width=\"800\" height=\"600\" src=\"https:\/\/www.greenpeace.org\/static\/planet4-sweden-stateless\/2020\/04\/c50dc71d-gp0stt9g6_web_size_with_credit_line.jpg\" alt=\"\" class=\"wp-image-6771\" srcset=\"https:\/\/www.greenpeace.org\/static\/planet4-sweden-stateless\/2020\/04\/c50dc71d-gp0stt9g6_web_size_with_credit_line.jpg 800w, https:\/\/www.greenpeace.org\/static\/planet4-sweden-stateless\/2020\/04\/c50dc71d-gp0stt9g6_web_size_with_credit_line-300x225.jpg 300w, https:\/\/www.greenpeace.org\/static\/planet4-sweden-stateless\/2020\/04\/c50dc71d-gp0stt9g6_web_size_with_credit_line-768x576.jpg 768w, https:\/\/www.greenpeace.org\/static\/planet4-sweden-stateless\/2020\/04\/c50dc71d-gp0stt9g6_web_size_with_credit_line-453x340.jpg 453w\" sizes=\"auto, (max-width: 800px) 100vw, 800px\" \/><\/figure>\n\n<p>Norges h\u00f6gsta domstol har tidigare meddelat att de ska pr\u00f6va det historiska norska klimatr\u00e4ttsfallet \u201cPeople vs. Arctic Oil\u201d. Nu \u00e4r datumet satt till den 4 november. Greenpeace, Natur och Ungdom och de andra milj\u00f6organisationerna som drivit fallet \u00e4r segervissa och ser fram emot att norges befolknings grundlagsstadgade r\u00e4tt till h\u00e4lsosam framtid uppr\u00e4tth\u00e5lls av h\u00f6gsta domstolen.<\/p>\n\n<p><strong>Frode Pleym, chef f\u00f6r Greenpeace Norge<\/strong> f\u00f6rklarar:<\/p>\n\n<p><strong>\u2013<\/strong> Vi har en grundlagsskyddad r\u00e4tt till en bra milj\u00f6 och nu kan h\u00f6gsta domstolen infria denna r\u00e4tt. Vi tror att H\u00f6gsta Domstolen h\u00e5ller med oss om att aktivt s\u00f6ka nya oljefyndigheter i den sk\u00f6ra arktiska milj\u00f6n \u00e4r ett brott mot denna r\u00e4ttighet.<\/p>\n\n<figure class=\"wp-block-image size-large  caption-style-blue-overlay caption-alignment-center\"><img loading=\"lazy\" decoding=\"async\" width=\"800\" height=\"534\" src=\"https:\/\/www.greenpeace.org\/static\/planet4-sweden-stateless\/2019\/11\/05b3a4d1-gp0stq8f8_web_size.jpg\" alt=\"\" class=\"wp-image-4084\" srcset=\"https:\/\/www.greenpeace.org\/static\/planet4-sweden-stateless\/2019\/11\/05b3a4d1-gp0stq8f8_web_size.jpg 800w, https:\/\/www.greenpeace.org\/static\/planet4-sweden-stateless\/2019\/11\/05b3a4d1-gp0stq8f8_web_size-300x200.jpg 300w, https:\/\/www.greenpeace.org\/static\/planet4-sweden-stateless\/2019\/11\/05b3a4d1-gp0stq8f8_web_size-768x513.jpg 768w, https:\/\/www.greenpeace.org\/static\/planet4-sweden-stateless\/2019\/11\/05b3a4d1-gp0stq8f8_web_size-510x340.jpg 510w\" sizes=\"auto, (max-width: 800px) 100vw, 800px\" \/><\/figure>\n\n<p>Under sju dagar ska samtliga 19 domare h\u00f6ra fallet och det inneb\u00e4r uppl\u00f6sningen f\u00f6r r\u00e4ttsfallet som Greenpeace och Natur och Ungdom drog ig\u00e5ng 2016 genom en st\u00e4mningsans\u00f6kan mot norska staten f\u00f6r att de \u00f6ppnade upp f\u00f6r borrande efter ny olja i Barentshav. Organisationen Mor- och farf\u00f6r\u00e4ldrarnas klimatkampanj och Jordens V\u00e4nner i Norge har ocks\u00e5 anslutit sig. Folket mot arktisk olja skapades f\u00f6r att skydda m\u00e4nniskors r\u00e4tt till en milj\u00f6 som bidrar till en god h\u00e4lsa och till en natur som fr\u00e4mjar biologisk m\u00e5ngfald genom att stoppa expansionen av oljeverksamhet i Arktis sk\u00f6ra milj\u00f6.<\/p>\n\n<p>Den juridiska grunden baseras p\u00e5 den norska grundlagen som s\u00e4ger att staten ska skydda m\u00e4nniskors r\u00e4tt till en milj\u00f6 som bidrar till en god h\u00e4lsa f\u00f6r nuvarande och kommande generationer. \u00c4ven i den svenska grundlagen finns en liknande formulering.<\/p>\n\n<p>Denna m\u00e4nskliga r\u00e4ttighet har skyddats av domstolar i andra l\u00e4nder. Nu senast<a href=\"https:\/\/www.urgenda.nl\/en\/themas\/climate-case\/\"> i Nederl\u00e4nderna i det uppm\u00e4rksammade \u201cUrgendam\u00e5let\u201d<\/a><\/p>\n\n<p><\/p>\n<div class=\"EmptyMessage\">Block content is empty. Check the block&#8217;s settings or remove it.<\/div>","protected":false},"excerpt":{"rendered":"<p>Norges h\u00f6gsta domstol har tidigare meddelat att de ska pr\u00f6va det historiska norska klimatr\u00e4ttsfallet \u201cPeople vs. Arctic Oil\u201d. Nu \u00e4r datumet satt till den 4 november. Greenpeace, Natur och Ungdom&hellip;<\/p>\n","protected":false},"author":38,"featured_media":4084,"comment_status":"open","ping_status":"open","sticky":false,"template":"","format":"standard","meta":{"ep_exclude_from_search":false,"p4_og_title":"","p4_og_description":"","p4_og_image":"","p4_og_image_id":"","p4_seo_canonical_url":"","p4_campaign_name":"not set","p4_local_project":"not set","p4_basket_name":"not set","p4_department":"","footnotes":""},"categories":[45,2],"tags":[23,25,31,49,24],"p4-page-type":[14],"class_list":["post-11529","post","type-post","status-publish","format-standard","has-post-thumbnail","hentry","category-energi","category-klimat","tag-globaluppvarmning","tag-hallbarenergi","tag-aktivism","tag-olja","tag-fossilenergi","p4-page-type-pressmeddelanden"],"_links":{"self":[{"href":"https:\/\/www.greenpeace.org\/sweden\/wp-json\/wp\/v2\/posts\/11529","targetHints":{"allow":["GET"]}}],"collection":[{"href":"https:\/\/www.greenpeace.org\/sweden\/wp-json\/wp\/v2\/posts"}],"about":[{"href":"https:\/\/www.greenpeace.org\/sweden\/wp-json\/wp\/v2\/types\/post"}],"author":[{"embeddable":true,"href":"https:\/\/www.greenpeace.org\/sweden\/wp-json\/wp\/v2\/users\/38"}],"replies":[{"embeddable":true,"href":"https:\/\/www.greenpeace.org\/sweden\/wp-json\/wp\/v2\/comments?post=11529"}],"version-history":[{"count":2,"href":"https:\/\/www.greenpeace.org\/sweden\/wp-json\/wp\/v2\/posts\/11529\/revisions"}],"predecessor-version":[{"id":49786,"href":"https:\/\/www.greenpeace.org\/sweden\/wp-json\/wp\/v2\/posts\/11529\/revisions\/49786"}],"wp:featuredmedia":[{"embeddable":true,"href":"https:\/\/www.greenpeace.org\/sweden\/wp-json\/wp\/v2\/media\/4084"}],"wp:attachment":[{"href":"https:\/\/www.greenpeace.org\/sweden\/wp-json\/wp\/v2\/media?parent=11529"}],"wp:term":[{"taxonomy":"category","embeddable":true,"href":"https:\/\/www.greenpeace.org\/sweden\/wp-json\/wp\/v2\/categories?post=11529"},{"taxonomy":"post_tag","embeddable":true,"href":"https:\/\/www.greenpeace.org\/sweden\/wp-json\/wp\/v2\/tags?post=11529"},{"taxonomy":"p4-page-type","embeddable":true,"href":"https:\/\/www.greenpeace.org\/sweden\/wp-json\/wp\/v2\/p4-page-type?post=11529"}],"curies":[{"name":"wp","href":"https:\/\/api.w.org\/{rel}","templated":true}]}}