{"id":11697,"date":"2020-06-29T16:36:29","date_gmt":"2020-06-29T15:36:29","guid":{"rendered":"https:\/\/www.greenpeace.org\/sweden\/?p=11697"},"modified":"2025-07-02T08:33:10","modified_gmt":"2025-07-02T07:33:10","slug":"krislaget-i-amazonas-forvarras-i-takt-med-pandemin","status":"publish","type":"post","link":"https:\/\/www.greenpeace.org\/sweden\/artiklar\/skog\/krislaget-i-amazonas-forvarras-i-takt-med-pandemin\/","title":{"rendered":"Krisl\u00e4get i Amazonas f\u00f6rv\u00e4rras i takt med pandemin"},"content":{"rendered":"\n<figure class=\"wp-block-image size-large  caption-style-blue-overlay caption-alignment-center\"><img loading=\"lazy\" decoding=\"async\" width=\"800\" height=\"533\" src=\"https:\/\/www.greenpeace.org\/static\/planet4-sweden-stateless\/2020\/06\/629ac01a-gp018ng_web_size.jpg\" title=\"amazonas regnskog eldas f\u00f6r industriellt jordbruk\" alt=\"\" class=\"wp-image-11698\" srcset=\"https:\/\/www.greenpeace.org\/static\/planet4-sweden-stateless\/2020\/06\/629ac01a-gp018ng_web_size.jpg 800w, https:\/\/www.greenpeace.org\/static\/planet4-sweden-stateless\/2020\/06\/629ac01a-gp018ng_web_size-300x200.jpg 300w, https:\/\/www.greenpeace.org\/static\/planet4-sweden-stateless\/2020\/06\/629ac01a-gp018ng_web_size-768x512.jpg 768w, https:\/\/www.greenpeace.org\/static\/planet4-sweden-stateless\/2020\/06\/629ac01a-gp018ng_web_size-510x340.jpg 510w\" sizes=\"auto, (max-width: 800px) 100vw, 800px\" \/><figcaption class=\"wp-element-caption\"> Regnskog br\u00e4nns ner i Amazonas f\u00f6r att g\u00f6ra plats \u00e5t sojaplantage och boskapsmark.<\/figcaption><\/figure>\n\n<p><strong>Skogarna \u00f6ver hela v\u00e4rlden \u00e4r v\u00e5ra viktigaste allierade i kampen mot klimatkrisen &#8211; men Amazonas och dess inv\u00e5nare \u00e4r under st\u00f6rre hot \u00e4n n\u00e5gonsin tidigare.<\/strong> En av de st\u00f6rsta bovarna \u00e4r den industriella k\u00f6ttproduktionen.&nbsp;<\/p>\n\n<p>Som den snabba spridningen av coronapandemin har visat oss kan \u00e4ven sm\u00e5 f\u00f6r\u00e4ndringar i naturen f\u00e5 stora konsekvenser, s\u00e4rskilt n\u00e4r vi n\u00e5r en brytpunkt. Detta g\u00e4ller \u00e4ven f\u00f6rst\u00f6relsen av Amazonas. <strong>Problemet \u00e4r att f\u00f6r\u00e4ndringar i Amazonas \u00e4r l\u00e5ngt ifr\u00e5n sm\u00e5 &#8211; de kan troligen f\u00f6r\u00e4ndra klimatet f\u00f6r all framtid.<\/strong><\/p>\n\n<p>N\u00e4r coronapandemin b\u00f6rjade sprida sig \u00f6ver hela v\u00e4rlden, \u00f6kade exploateringen av Amazonas&nbsp; f\u00f6r k\u00f6ttproduktion, avverkning och gruvdrift lavinartat. <strong>Under \u00e5rets fyra f\u00f6rsta m\u00e5nader <\/strong><a href=\"https:\/\/www.greenpeace.org\/sweden\/bakgrund\/11071\/skovlingen-av-amazonas-slar-nya-rekord\/\"><strong>\u00f6kade skogsavverkningen med hela 55%<\/strong><\/a><strong> j\u00e4mf\u00f6rt med samma period 2019.&nbsp;<\/strong><\/p>\n\n<h2 class=\"wp-block-heading\"><strong>Varf\u00f6r f\u00f6rst\u00f6rs Amazonas i en snabbare takt nu?<\/strong><\/h2>\n\n<p><br>Medan m\u00e5nga av oss har jobbat hemifr\u00e5n och distanserat oss socialt &#8211; har stora omr\u00e5den av regnskog \u00f6delagts f\u00f6r boskapsfarmer, skogsavverkning och gruvdrift. Den brasilianska regeringen forts\u00e4tter exploatera Amazonas genom att uppmuntra \u00f6kad <a href=\"https:\/\/www.reuters.com\/article\/us-brazil-environment-idUSKBN23938G\">skogsavverkning, som till stor del \u00e4r illegal, f\u00f6r k\u00f6ttproduktion och mineralutvinning.<strong> <\/strong><\/a><a href=\"https:\/\/unearthed.greenpeace.org\/2020\/05\/08\/amazonian-deforestation-soaring-while-bolsonaro-administration-weakens-safeguards\/\"><strong>Enligt Greenpeace Unearthed<\/strong><\/a><strong>, har larm om skogsavverkning i den brasilianska delen av Amazonas \u00f6kat med 64% j\u00e4mf\u00f6rt med f\u00f6rra \u00e5ret &#8211; och detta \u00e4r ovanligt under regns\u00e4songen d\u00e5 skogsavverkning \u00e4r sv\u00e5rare.<\/strong> Nu \u00e4r v\u00e4rldens st\u00f6rsta regnskog p\u00e5 v\u00e4g in i sin torrs\u00e4song, vilket inneb\u00e4r nya skogsbr\u00e4nder. Vi minns f\u00f6rra \u00e5rets skogsbr\u00e4nder i Amazonas vars katastrofala f\u00f6ljder chockade hela v\u00e4rlden. I Sao Paolo f\u00e4rgades himlen apokalyptiskt svart, trots att staden ligger tusentals mil fr\u00e5n br\u00e4nderna.<\/p>\n\n<figure class=\"wp-block-image size-large  caption-style-blue-overlay caption-alignment-center\"><img loading=\"lazy\" decoding=\"async\" width=\"800\" height=\"533\" src=\"https:\/\/www.greenpeace.org\/static\/planet4-sweden-stateless\/2020\/06\/cda3e696-gp0sttsf3_web_size.jpg\" alt=\"\" class=\"wp-image-11699\" srcset=\"https:\/\/www.greenpeace.org\/static\/planet4-sweden-stateless\/2020\/06\/cda3e696-gp0sttsf3_web_size.jpg 800w, https:\/\/www.greenpeace.org\/static\/planet4-sweden-stateless\/2020\/06\/cda3e696-gp0sttsf3_web_size-300x200.jpg 300w, https:\/\/www.greenpeace.org\/static\/planet4-sweden-stateless\/2020\/06\/cda3e696-gp0sttsf3_web_size-768x512.jpg 768w, https:\/\/www.greenpeace.org\/static\/planet4-sweden-stateless\/2020\/06\/cda3e696-gp0sttsf3_web_size-510x340.jpg 510w\" sizes=\"auto, (max-width: 800px) 100vw, 800px\" \/><figcaption class=\"wp-element-caption\">De f\u00f6r\u00f6dande skogsbr\u00e4nderna i Amazonas 2019.<\/figcaption><\/figure>\n\n<p>Medan vissa br\u00e4nder startar naturligt, ant\u00e4ndes det \u00f6verv\u00e4gande antalet av f\u00f6rra \u00e5rets br\u00e4nder i Amazonas av b\u00f6nder f\u00f6r att fril\u00e4gga mark f\u00f6r jordbruksindustrin, en politiskt betydande sektor i Brasilien &#8211; med st\u00f6d av president Jair Bolsonaro. Nu \u00e4r skogsavverkningen mycket, mycket h\u00f6gre och <a href=\"https:\/\/edition.cnn.com\/2020\/06\/19\/americas\/amazon-fires-deforestation-rise-covid\/index.html\">forskare varnar f\u00f6r<\/a> att vi kommer se \u00e4nnu fler katastrofala br\u00e4nder i \u00e5r.&nbsp;<\/p>\n\n<p>Bolsonaro utnyttjar det kritiska l\u00e4get som f\u00f6ljt i coronapandemins svallv\u00e5gor, och som har gjort \u00f6vervakningen av milj\u00f6brott mycket sv\u00e5rare, f\u00f6r att fr\u00e4mja expansionen av industriellt jordbruk i Amazonas. N\u00e4r stora delar av v\u00e4rlden har g\u00e5tt in i lockdown, har Bolsonaro f\u00f6rs\u00f6kt klubba igenom ett lagf\u00f6rslag som skulle ge illegala skogsavverkare r\u00e4tten till stulna skogsomr\u00e5den. Tack och lov resulterade pressen fr\u00e5n <a href=\"https:\/\/www.ft.com\/content\/ca84017c-94c5-48ca-80c6-2ac31ea20cd9\">stora pensionsfonder och fler \u00e4n 40 europeiska storf\u00f6retag<\/a> i att omr\u00f6stningen om lagf\u00f6rslaget nu har skjutits upp p\u00e5 obest\u00e4md tid.&nbsp;<\/p>\n\n<h2 class=\"wp-block-heading\"><strong>Varf\u00f6r \u00e4r regnskogar som Amazonas s\u00e5 viktiga?<\/strong><\/h2>\n\n<p>Tr\u00e4d absorberar koldioxid n\u00e4r de v\u00e4xer. S\u00e5 n\u00e4r t\u00e4ta tropiska regnskogar som Amazonas f\u00f6rst\u00f6rs, f\u00f6rlorar planeten ov\u00e4rderligt lagringsutrymme. Och ju mer koldioxid som finns i atmosf\u00e4ren, desto mer f\u00f6r\u00f6dande blir klimatkrisens effekter \u00f6ver hela v\u00e4rlden. Och det beh\u00f6ver inte vara enorma skogsomr\u00e5den som avverkas eller brinner ned. <a href=\"https:\/\/www.bbc.com\/news\/science-environment-51300515\">\u00c4ven till synes mindre avverkade ytor<\/a> kan ha stor inverkan p\u00e5 skogens kapacitet att absorbera koldioxid.<\/p>\n\n<p>Forskare tror att tipping point &#8211; den tidpunkt n\u00e4r regnskogen inte l\u00e4ngre kan generera tillr\u00e4ckligt med regn f\u00f6r att \u00e5terskapa sig sj\u00e4lv&nbsp; &#8211; kan n\u00e5s i Amazonas under kommande decennier. Brytpunkten intr\u00e4ffar n\u00e4r <a href=\"https:\/\/www.nature.com\/articles\/d41586-020-00508-4\">20-25% av skogen har avverkats eller brunnit upp<\/a> och d\u00e5 f\u00f6rvandlas den tropiska regnskogen till en torr savann med betydligt l\u00e4gre biologisk m\u00e5ngfald. Detta skulle \u00e4ven leda till ett utsl\u00e4pp p\u00e5 miljarder ton koldioxid i atmosf\u00e4ren. <a href=\"https:\/\/www.theguardian.com\/environment\/2019\/oct\/23\/amazon-rainforest-close-to-irreversible-tipping-point\">2019 varnade ekonomen Monica de Bolle <\/a>en kommitte fr\u00e5n den amerikanska kongressen att den h\u00e4r brytpunkten kan komma s\u00e5 snart som 2021, speciellt om skogsf\u00f6rst\u00f6relsen forts\u00e4tter \u00f6ka \u00e5r f\u00f6r \u00e5r &#8211; som den g\u00f6r nu.<\/p>\n\n<h2 class=\"wp-block-heading\"><strong>Hur klarar sig m\u00e4nniskorna som bor i Amazonas under coroonakrisen?<\/strong><\/h2>\n\n<p>Brasilien \u00e4r ett av de l\u00e4nder i v\u00e4rlden som drabbats allra h\u00e5rdast av pandemin. Trots att stora delar av landet erbjuder bra, offentlig sjukv\u00e5rd har <a href=\"https:\/\/www.bbc.com\/news\/world-latin-america-52682358\">Bolsonaro redan avverkat tv\u00e5 h\u00e4lsoministrar<\/a> (den ena fick sparken och den andra sa upp sig), <a href=\"https:\/\/www.thedailybeast.com\/bolsonaro-leads-crowded-anti-lockdown-protest-in-brazil-repeatedly-coughs-without-wearing-a-mask\">uppmuntrat anti-lockdown protester<\/a> och han anklagades nyligen f\u00f6r att <a href=\"https:\/\/www.theguardian.com\/world\/2020\/jun\/07\/bolsonaro-strips-death-toll-and-case-totals-from-brazils-coronavirus-updates\">d\u00f6lja statistik om antal smittade och d\u00f6dsfall<\/a>.<\/p>\n\n<p><a href=\"https:\/\/news.mongabay.com\/2020\/06\/overlap-of-fire-covid-19-peaks-a-catastrophe-for-brazils-amazon\/\"><strong>Experter oroas nu f\u00f6r att en \u00f6verlappning<\/strong><\/a><strong> d\u00e4r skogsbr\u00e4nderna startar igen i kombination med \u00f6kande antal coronafall skulle vara en katastrof f\u00f6r det brasilianska Amazonas.<\/strong> Krisen \u00e4r speciellt akut f\u00f6r urfolken &#8211; s\u00e4rskilt med en regering som bryr sig s\u00e5 lite <a href=\"https:\/\/www.greenpeace.org.uk\/news\/brazils-indigenous-peoples-protecting-nature-matter-life-death\/?_ga=2.102257159.709413216.1593414159-1940606400.1593414159\">om urfolkens m\u00e4nskliga r\u00e4ttigheter.<\/a> Pandemin leder till att \u00f6vervakningen av skogen minskar kraftigt och d\u00e4rmed ges friare spelrum f\u00f6r illegala skogsavverkare och gruvbolag vilket riskerar att sprida coronaviruset \u00e4nnu mer och utpl\u00e5na hela byar. <a href=\"https:\/\/www.greenpeace.org\/sweden\/bakgrund\/11141\/greenpeace-bidrar-med-akut-stod-till-amazonas\/\"><strong>Greenpeace har deltagit i r\u00e4ddningsinsatser<\/strong><\/a><strong> tillsammans med grupper av urfolk och sjukv\u00e5rdspersonal som transporterat akut st\u00f6d till de mest avl\u00e4gsna delarna i Amazonas.&nbsp;<\/strong><\/p>\n\n<figure class=\"wp-block-image size-large  caption-style-blue-overlay caption-alignment-center\"><img loading=\"lazy\" decoding=\"async\" width=\"800\" height=\"533\" src=\"https:\/\/www.greenpeace.org\/static\/planet4-sweden-stateless\/2020\/06\/fb11a720-gp1su00c_web_size.jpg\" alt=\"\" class=\"wp-image-11700\" srcset=\"https:\/\/www.greenpeace.org\/static\/planet4-sweden-stateless\/2020\/06\/fb11a720-gp1su00c_web_size.jpg 800w, https:\/\/www.greenpeace.org\/static\/planet4-sweden-stateless\/2020\/06\/fb11a720-gp1su00c_web_size-300x200.jpg 300w, https:\/\/www.greenpeace.org\/static\/planet4-sweden-stateless\/2020\/06\/fb11a720-gp1su00c_web_size-768x512.jpg 768w, https:\/\/www.greenpeace.org\/static\/planet4-sweden-stateless\/2020\/06\/fb11a720-gp1su00c_web_size-510x340.jpg 510w\" sizes=\"auto, (max-width: 800px) 100vw, 800px\" \/><figcaption class=\"wp-element-caption\">Greenpeace hj\u00e4lper till  med att transportera sjukv\u00e5rdspersonal och utrustning genom Asas de Emerg\u00eancia-projektet. <\/figcaption><\/figure>\n\n<h2 class=\"wp-block-heading\"><strong>Hur \u00e4r skogsavverkningen kopplade till nya sjukdomar?<\/strong><\/h2>\n\n<p>Experter forskar i hur sjukdomar som coronaviruset uppst\u00e5r. <strong>Nu finns det fler bevis p\u00e5 att <\/strong><a href=\"https:\/\/www.theguardian.com\/commentisfree\/2020\/apr\/16\/coronavirus-covid-19-pandemic-food-animals\"><strong>industriella jordbruk som etableras i vilda habitat<\/strong><\/a><strong> \u00e4r en viktig faktor.<\/strong> I en forskningsstudie som Greenpeace Unearthed i Brasilien tagit del av uttalade sig<a href=\"https:\/\/www.greenpeace.org\/sweden\/bakgrund\/6835\/kan-forstorelsen-av-amazonas-leda-till-nasta-pandemi\/\"> forskare om att de f\u00f6rv\u00e4ntat sig en pandemi som Covid-19 l\u00e4nge. <\/a>M\u00e5nga nya sjukdomar har uppkommit i Brasilien som ett resultat av f\u00f6rst\u00f6relsen av Amazonas, bland annat chikungunya, dengufebern, gula febern och Zika.<\/p>\n\n<p>Prognosen f\u00f6r Amazonas \u00e4r dyster, men det finns glimtar av hopp. Den internationella press som ledde till att lagf\u00f6rslaget som skulle ge illegala skogsavverkare r\u00e4tten till stulna skogsomr\u00e5den sk\u00f6ts upp, kom till stor del fr\u00e5n storf\u00f6retag i Europa. De vet att deras kunder inte vill ha k\u00f6tt eller soja som anv\u00e4nds som f\u00f6da till boskap med koppling till f\u00f6rst\u00f6relsen av Amazonas.<\/p>\n\n<p>Bolsonaro har sagt att det som h\u00e4nder i Amazonas bara \u00e4r Brasiliens angel\u00e4genhet. Storf\u00f6retag och dess kunder \u00f6ver hela v\u00e4rlden har makten att visa att s\u00e5 inte \u00e4r fallet. <strong>Vill du veta hur du som privatperson kan g\u00f6ra skillnad f\u00f6r Amazonas i din vardag &#8211; l\u00e4s mer <\/strong><a href=\"https:\/\/www.greenpeace.org\/sweden\/bakgrund\/3155\/5-tips-for-att-radda-amazonas-regnskog\/\"><strong>h\u00e4r.<\/strong><\/a><strong> <\/strong>Och lita p\u00e5 att vi p\u00e5 Greenpeace kommer forts\u00e4tta k\u00e4mpa f\u00f6r att Amazonas ska skyddas och bevaras. H\u00e4r kan du l\u00e4sa mer om vad vi kunde \u00e5stadkomma <a href=\"\/sweden\/artiklar\/skog\/det-har-har-greenpeace-gjort-for-amazonas\/\">f\u00f6rra \u00e5ret<\/a> med st\u00f6det fr\u00e5n miljontals m\u00e4nniskor v\u00e4rlden \u00f6ver.. Och det arbetet forts\u00e4tter \u00e4ven i \u00e5r n\u00e4r Amazonas beh\u00f6ver oss som mest. Har du m\u00f6jlighet att st\u00f6tta v\u00e5rt arbete med en g\u00e5va?<strong> Swisha ett valfritt bidrag<\/strong><a href=\"http:\/\/greenpeace.adoveo.com\/start\/TVRKaFpHOTJaVzg9?skipPlayer=0&amp;env=dist&amp;autoPlay=1&amp;rand=97&amp;location=link5\"><strong> h\u00e4r.<\/strong><\/a><\/p>\n\n<div class=\"wp-block-buttons is-content-justification-center is-layout-flex wp-container-core-buttons-is-layout-16018d1d wp-block-buttons-is-layout-flex\">\n<div class=\"wp-block-button is-style-cta\"><a class=\"wp-block-button__link wp-element-button\" href=\"http:\/\/greenpeace.adoveo.com\/start\/TVRKaFpHOTJaVzg9?skipPlayer=0&amp;env=dist&amp;autoPlay=1&amp;rand=97&amp;location=link5\" target=\"_blank\" rel=\"noreferrer noopener\">SWISHA EN G\u00c5VA<\/a><\/div>\n<\/div>\n<div class=\"EmptyMessage\">Block content is empty. Check the block&#8217;s settings or remove it.<\/div>","protected":false},"excerpt":{"rendered":"<p>Skogarna \u00f6ver hela v\u00e4rlden \u00e4r v\u00e5ra viktigaste allierade i kampen mot klimatkrisen &#8211; men Amazonas och dess inv\u00e5nare \u00e4r under st\u00f6rre hot \u00e4n n\u00e5gonsin tidigare.<\/p>\n","protected":false},"author":36,"featured_media":11701,"comment_status":"closed","ping_status":"open","sticky":false,"template":"","format":"standard","meta":{"ep_exclude_from_search":false,"p4_og_title":"","p4_og_description":"","p4_og_image":"","p4_og_image_id":"","p4_seo_canonical_url":"","p4_campaign_name":"not set","p4_local_project":"not set","p4_basket_name":"not set","p4_department":"","footnotes":""},"categories":[22],"tags":[47],"p4-page-type":[16],"class_list":["post-11697","post","type-post","status-publish","format-standard","has-post-thumbnail","hentry","category-skog","tag-regnskog","p4-page-type-artiklar"],"_links":{"self":[{"href":"https:\/\/www.greenpeace.org\/sweden\/wp-json\/wp\/v2\/posts\/11697","targetHints":{"allow":["GET"]}}],"collection":[{"href":"https:\/\/www.greenpeace.org\/sweden\/wp-json\/wp\/v2\/posts"}],"about":[{"href":"https:\/\/www.greenpeace.org\/sweden\/wp-json\/wp\/v2\/types\/post"}],"author":[{"embeddable":true,"href":"https:\/\/www.greenpeace.org\/sweden\/wp-json\/wp\/v2\/users\/36"}],"replies":[{"embeddable":true,"href":"https:\/\/www.greenpeace.org\/sweden\/wp-json\/wp\/v2\/comments?post=11697"}],"version-history":[{"count":11,"href":"https:\/\/www.greenpeace.org\/sweden\/wp-json\/wp\/v2\/posts\/11697\/revisions"}],"predecessor-version":[{"id":63993,"href":"https:\/\/www.greenpeace.org\/sweden\/wp-json\/wp\/v2\/posts\/11697\/revisions\/63993"}],"wp:featuredmedia":[{"embeddable":true,"href":"https:\/\/www.greenpeace.org\/sweden\/wp-json\/wp\/v2\/media\/11701"}],"wp:attachment":[{"href":"https:\/\/www.greenpeace.org\/sweden\/wp-json\/wp\/v2\/media?parent=11697"}],"wp:term":[{"taxonomy":"category","embeddable":true,"href":"https:\/\/www.greenpeace.org\/sweden\/wp-json\/wp\/v2\/categories?post=11697"},{"taxonomy":"post_tag","embeddable":true,"href":"https:\/\/www.greenpeace.org\/sweden\/wp-json\/wp\/v2\/tags?post=11697"},{"taxonomy":"p4-page-type","embeddable":true,"href":"https:\/\/www.greenpeace.org\/sweden\/wp-json\/wp\/v2\/p4-page-type?post=11697"}],"curies":[{"name":"wp","href":"https:\/\/api.w.org\/{rel}","templated":true}]}}