{"id":11833,"date":"2020-07-02T10:57:28","date_gmt":"2020-07-02T09:57:28","guid":{"rendered":"https:\/\/www.greenpeace.org\/sweden\/?p=11833"},"modified":"2020-07-02T11:07:27","modified_gmt":"2020-07-02T10:07:27","slug":"sibiriens-skogar-brinner-i-rekordtemperaturer","status":"publish","type":"post","link":"https:\/\/www.greenpeace.org\/sweden\/artiklar\/klimat\/sibiriens-skogar-brinner-i-rekordtemperaturer\/","title":{"rendered":"Sibiriens skogar brinner i rekordtemperaturer"},"content":{"rendered":"\n<figure class=\"wp-block-image size-large  caption-style-blue-overlay caption-alignment-center\"><img loading=\"lazy\" decoding=\"async\" width=\"900\" height=\"500\" src=\"https:\/\/www.greenpeace.org\/static\/planet4-sweden-stateless\/2020\/07\/dd2902f9-900x500_siberian_fires_animal.jpg\" alt=\"\" class=\"wp-image-11834\" srcset=\"https:\/\/www.greenpeace.org\/static\/planet4-sweden-stateless\/2020\/07\/dd2902f9-900x500_siberian_fires_animal.jpg 900w, https:\/\/www.greenpeace.org\/static\/planet4-sweden-stateless\/2020\/07\/dd2902f9-900x500_siberian_fires_animal-300x167.jpg 300w, https:\/\/www.greenpeace.org\/static\/planet4-sweden-stateless\/2020\/07\/dd2902f9-900x500_siberian_fires_animal-768x427.jpg 768w, https:\/\/www.greenpeace.org\/static\/planet4-sweden-stateless\/2020\/07\/dd2902f9-900x500_siberian_fires_animal-510x283.jpg 510w\" sizes=\"auto, (max-width: 900px) 100vw, 900px\" \/><\/figure>\n\n<p><\/p>\n\n<p><\/p>\n\n<p>Samtidigt som nyheterna rapporterar om rekordm\u00e5nga br\u00e4nder i Amazonas just nu vilket kan resultera i ett \u00e4nnu mer katastrofalt \u00e5r \u00e4n 2019, brinner \u00e4ven Sibiriens skogar och rekordtemperaturer uppm\u00e4tts i regionen. <strong>\u00d6ver tv\u00e5 miljoner hektar &#8211; en yta stor som hela Slovenien &#8211; st\u00e5r i brand och den extrema v\u00e4rmen g\u00f6r att elden sprider sig snabbt. <\/strong>Det h\u00e4r \u00e4r inte bara d\u00e5liga nyheter f\u00f6r m\u00e4nniskorna och djuren som har sina hem i omr\u00e5det &#8211; v\u00e4rldens skogar \u00e4r v\u00e5ra viktigaste allierade i kampen mot klimatkrisen. Skog absorberar och binder koldioxid och n\u00e4r s\u00e5 stora ytor skog g\u00e5r upp i r\u00f6k f\u00f6rlorar planeten ov\u00e4rderligt lagringsutrymme.<\/p>\n\n<p>De flesta av dessa br\u00e4nder f\u00e5r brinna tills det slocknar. Den fr\u00e4msta orsaken \u00e4r den ryska regeringen inte allokerar tillr\u00e4ckligt med budget och resurser p\u00e5 skogsskydd. Vi vill \u00e4ndra p\u00e5 detta! <strong>Greenpeace kr\u00e4ver att Rysslands beslutfattare deklarerar klimatn\u00f6dl\u00e4ge och organiserar omfattande sl\u00e4ckning av br\u00e4nderna, s\u00e4rskilt i omr\u00e5den d\u00e4r brandr\u00f6ken kan n\u00e5 st\u00e4der och skada m\u00e4nniskors h\u00e4lsa. <\/strong>Vi kr\u00e4ver ocks\u00e5 att den ryska regeringens budget f\u00f6r skogsskydd tredubblas.<\/p>\n\n<p>Greenpeace \u00e4r p\u00e5 plats i Sibirien. Vi arbetar bland annat f\u00f6r att:<\/p>\n\n<p>&#8211; Bedriva arbete f\u00f6r att de lag\u00e4ndringar som kr\u00e4vs f\u00f6r att skydda skogarna klubbas igenom.<\/p>\n\n<p>&#8211; Organisera expeditioner med frivilliga brandm\u00e4n och skogsexperter f\u00f6r att sl\u00e4cka br\u00e4nderna i de mest akuta regionerna.<\/p>\n\n<p>&#8211; Sprida information om hur skogsbr\u00e4nder kan f\u00f6rhindras genom att producera broschyrer, guider och skolmaterial.<\/p>\n\n<p>Sibirien hettas upp i snabbare takt \u00e4n n\u00e5gon annanstans del av planeten. Temperaturerna i Sibirien har varit exceptionellt h\u00f6ga \u00e4nda sedan i januari. <strong>F\u00f6rra m\u00e5naden var den varmaste maj som uppm\u00e4tts globalt och de flesta h\u00f6ga temperaturerna uppm\u00e4ttes i delar av Sibirien, d\u00e4r de var upp till <\/strong><a href=\"https:\/\/www.independent.co.uk\/news\/world\/europe\/arctic-heatwave-siberia-wildfires-record-temperature-climate-crisis-a9590051.html\"><strong>tio grader \u00f6ver det normala<\/strong><\/a><strong>.<\/strong> Vi blir allt mer p\u00e5minda om klimatkrisen och dess f\u00f6r\u00f6dande konsekvenser f\u00f6r m\u00e4nniskor och djur. I de sibiriska skogarna lever m\u00e5nga av de djur vi k\u00e4nner igen fr\u00e5n v\u00e5ra egna skogar: bj\u00f6rnar, r\u00e4var, lodjur, ugglor och \u00e4lgar. Nu brinner deras hem upp.<\/p>\n\n<p>Vi vet att skogsbr\u00e4nderna \u00f6ver hela v\u00e4rlden f\u00f6rv\u00e4rras av klimatkrisen. Vi har smittat v\u00e5rt hem och gett v\u00e5r planet feber.<\/p>\n","protected":false},"excerpt":{"rendered":"<p>Samtidigt som nyheterna rapporterar om rekordm\u00e5nga br\u00e4nder i Amazonas just nu vilket kan resultera i ett \u00e4nnu mer katastrofalt \u00e5r \u00e4n 2019, brinner \u00e4ven Sibiriens skogar ochrekordtemperaturer uppm\u00e4tts i regionen. \u00d6ver tv\u00e5 miljoner hektar \u2013 en yta stor som hela Slovenien \u2013 st\u00e5r i brand och den extrema v\u00e4rmen g\u00f6r att elden sprider sig snabbt. Det h\u00e4r \u00e4r inte bara d\u00e5liga nyheter f\u00f6r m\u00e4nniskorna och djuren som har sina hem i omr\u00e5det \u2013 v\u00e4rldens skogar \u00e4r v\u00e5ra viktigaste allierade i kampen mot klimatkrisen. Skog absorberar och binder koldioxid och n\u00e4r s\u00e5 stora ytor skog g\u00e5r upp i r\u00f6k f\u00f6rlorar planeten ov\u00e4rderligt lagringsutrymme.<\/p>\n","protected":false},"author":36,"featured_media":11834,"comment_status":"open","ping_status":"open","sticky":false,"template":"","format":"standard","meta":{"ep_exclude_from_search":false,"p4_og_title":"","p4_og_description":"","p4_og_image":"","p4_og_image_id":"","p4_seo_canonical_url":"","p4_campaign_name":"not set","p4_local_project":"not set","p4_basket_name":"not set","p4_department":"","footnotes":""},"categories":[2,22],"tags":[19,23],"p4-page-type":[],"class_list":["post-11833","post","type-post","status-publish","format-standard","has-post-thumbnail","hentry","category-klimat","category-skog","tag-skyddaskogen","tag-globaluppvarmning"],"_links":{"self":[{"href":"https:\/\/www.greenpeace.org\/sweden\/wp-json\/wp\/v2\/posts\/11833","targetHints":{"allow":["GET"]}}],"collection":[{"href":"https:\/\/www.greenpeace.org\/sweden\/wp-json\/wp\/v2\/posts"}],"about":[{"href":"https:\/\/www.greenpeace.org\/sweden\/wp-json\/wp\/v2\/types\/post"}],"author":[{"embeddable":true,"href":"https:\/\/www.greenpeace.org\/sweden\/wp-json\/wp\/v2\/users\/36"}],"replies":[{"embeddable":true,"href":"https:\/\/www.greenpeace.org\/sweden\/wp-json\/wp\/v2\/comments?post=11833"}],"version-history":[{"count":7,"href":"https:\/\/www.greenpeace.org\/sweden\/wp-json\/wp\/v2\/posts\/11833\/revisions"}],"predecessor-version":[{"id":11843,"href":"https:\/\/www.greenpeace.org\/sweden\/wp-json\/wp\/v2\/posts\/11833\/revisions\/11843"}],"wp:featuredmedia":[{"embeddable":true,"href":"https:\/\/www.greenpeace.org\/sweden\/wp-json\/wp\/v2\/media\/11834"}],"wp:attachment":[{"href":"https:\/\/www.greenpeace.org\/sweden\/wp-json\/wp\/v2\/media?parent=11833"}],"wp:term":[{"taxonomy":"category","embeddable":true,"href":"https:\/\/www.greenpeace.org\/sweden\/wp-json\/wp\/v2\/categories?post=11833"},{"taxonomy":"post_tag","embeddable":true,"href":"https:\/\/www.greenpeace.org\/sweden\/wp-json\/wp\/v2\/tags?post=11833"},{"taxonomy":"p4-page-type","embeddable":true,"href":"https:\/\/www.greenpeace.org\/sweden\/wp-json\/wp\/v2\/p4-page-type?post=11833"}],"curies":[{"name":"wp","href":"https:\/\/api.w.org\/{rel}","templated":true}]}}