{"id":1192,"date":"2018-02-20T15:24:00","date_gmt":"2018-02-20T15:24:00","guid":{"rendered":"https:\/\/www.greenpeace.org\/sweden\/bakgrund\/1192\/vardetrakterna-blir-vardelosa-om-vi-hugger-ner-dem\/"},"modified":"2023-02-23T16:42:23","modified_gmt":"2023-02-23T15:42:23","slug":"vardetrakterna-blir-vardelosa-om-vi-hugger-ner-dem","status":"publish","type":"post","link":"https:\/\/www.greenpeace.org\/sweden\/artiklar\/skog\/vardetrakterna-blir-vardelosa-om-vi-hugger-ner-dem\/","title":{"rendered":"V\u00e4rdetrakterna blir v\u00e4rdel\u00f6sa om vi hugger ner dem"},"content":{"rendered":"<p><img loading=\"lazy\" decoding=\"async\" class=\"alignnone wp-image-609 size-large\" src=\"https:\/\/www.greenpeace.org\/static\/planet4-sweden-stateless\/2019\/01\/d0e67b8d-gp0stq8zf_pressmedia-1024x683.jpg\" alt=\"\" width=\"1024\" height=\"683\" srcset=\"https:\/\/www.greenpeace.org\/static\/planet4-sweden-stateless\/2019\/01\/d0e67b8d-gp0stq8zf_pressmedia-1024x683.jpg 1024w, https:\/\/www.greenpeace.org\/static\/planet4-sweden-stateless\/2019\/01\/d0e67b8d-gp0stq8zf_pressmedia-300x200.jpg 300w, https:\/\/www.greenpeace.org\/static\/planet4-sweden-stateless\/2019\/01\/d0e67b8d-gp0stq8zf_pressmedia-768x512.jpg 768w, https:\/\/www.greenpeace.org\/static\/planet4-sweden-stateless\/2019\/01\/d0e67b8d-gp0stq8zf_pressmedia-2048x1366.jpg 2048w, https:\/\/www.greenpeace.org\/static\/planet4-sweden-stateless\/2019\/01\/d0e67b8d-gp0stq8zf_pressmedia-510x340.jpg 510w\" sizes=\"auto, (max-width: 1024px) 100vw, 1024px\" \/><\/p>\n<p id=\"docs-internal-guid-2968e0c6-b39e-f6f2-e6f4-7092f1316dc5\" dir=\"ltr\">Jag g\u00e5r genom skogen. Det \u00e4r inte l\u00e4tt, jag kl\u00e4ttrar \u00f6ver mosst\u00e4ckta l\u00e5gor, hittar min v\u00e4g genom rid\u00e5er av lav som h\u00e4nger fr\u00e5n grenarna p\u00e5 gamla tr\u00e4d, sjunker ner i ett h\u00e5l i marken, maskerat av en v\u00e4xtmatta. Allt omkring mig \u00e4r ett myller av f\u00e4rger, dofter och former. Detta \u00e4r en riktig, or\u00f6rd, naturlig gammal skog. Det \u00e4r hem till en m\u00e5ngfald av arter, och utg\u00f6r den typen av skog som man inte hittar s\u00e5 ofta. Tallarna h\u00e4r \u00e4r n\u00e5gra hundra \u00e5r gamla, medan skogen har flera tusen \u00e5r p\u00e5 nacken. Det ger mig perspektiv och ett lugn som jag inte finner n\u00e5gon annanstans.<\/p>\n<p>Jag passerar en gammal asp med en plastbit runt stammen. Plastbiten \u00e4r en snitsling \u2013 en markering f\u00f6r en avverkningsgr\u00e4ns som f\u00f6retaget (SCA AB) satt upp f\u00f6r f\u00f6rarna av skogsmaskinerna. P\u00e5 andra sida aspen \u00f6ppnar sig ett landskap av nedk\u00f6rda stubbar, uppriven mark, och n\u00e5gra enstaka tr\u00e4d som ser ut som ledsna f\u00f6r\u00e4ldral\u00f6sa barn. Kalhygget ligger p\u00e5 toppen av ett litet fj\u00e4ll. Jag ser ut \u00f6ver det j\u00e4mtl\u00e4ndska skogslandskapet, det \u00e4r en lappt\u00e4cke av m\u00f6rkare bitar &nbsp;\u2013 kvarst\u00e5ende skogar \u2013 och ljusare gr\u00f6nbruna fl\u00e4ckar \u2013 kalhyggen och nyplantage. De ljusa fl\u00e4ckarna \u00e4r klart flera.<\/p>\n<p>Den magiska levande skogen som jag vandrat ut fr\u00e5n st\u00e5r i k\u00f6n f\u00f6r att f\u00f6rvandlas till just en s\u00e5dan ljus fl\u00e4ck, en f\u00f6rlorad oers\u00e4ttlig skog som kommer att \u00e5terplanteras, i b\u00e4sta fall med j\u00e4mna rader av svensk tall, och i v\u00e4rsta fall med lika t\u00e4ta rader av den f\u00f6r\u00f6dande och importerade Contortatallen. I vilket fall kommer det rikliga och m\u00e5ngfaldiga livet som skogen kokade av att f\u00f6rsvinna. M\u00e5nga tallar \u00e4r ingen skog.<\/p>\n<p>Jag \u00e4r h\u00e4r f\u00f6r att bevittna och dokumentera hur SCA och andra svenska bolag bedriver skogsbruk. Vi befinner oss i en s\u00e5 kallad \u201dv\u00e4rdetrakt\u201d ett skogslandskap som enligt Skogsstyrelsen och Naturv\u00e5rdsverket har \u201ds\u00e4rskilt h\u00f6ga ekologiska bevarandev\u00e4rden\u201d. Det finns 366 s\u00e5dana landskap i den boreala svenska skogen. Det \u00e4r just d\u00e4r som myndigheterna vill prioritera skogsskyddet f\u00f6r att bevara den snabbt f\u00f6rsvinnande biologiska m\u00e5ngfalden i svenska skogar \u2013 vilket dessutom kr\u00e4vs utifr\u00e5n nationella lagar och m\u00e5l, samt de internationella \u00f6verenskommelserna Sverige \u00e5tagit sig att uppr\u00e4tth\u00e5lla.<\/p>\n<p>Samtidigt forts\u00e4tter avverkningen inom v\u00e4rdetrakterna. SCA har h\u00e4vdat att deras avverkningar inte f\u00f6rst\u00f6r naturv\u00e4rdena i v\u00e4rdetrakter. Vi \u00e4r h\u00e4r f\u00f6r att kontrollera det p\u00e5st\u00e5endet.<\/p>\n<p><strong>Mellan mars och september f\u00f6rra \u00e5ret genomf\u00f6rde Greenpeace sex stycken expeditioner till tre olika skogsbolags skogar. Tillsammans med oberoende skogsexperter inventerade vi 31 avverkningsanm\u00e4lda skogar i sju olika v\u00e4rdetrakter i J\u00e4mtland och V\u00e4sternorrland. Vad vi uppt\u00e4ckte var h\u00f6gst oroande. I n\u00e4stan varje fall kunde man konstatera att skogarna hyser h\u00f6ga naturv\u00e4rden, att de \u00e4r hem till r\u00f6dlistade arter och att de klart uppfyller kraven f\u00f6r skydd.&nbsp;<a href=\"\/sweden\/rapport\/1416\/sammanstallning-av-inventeringsresultat-av-avverkningsanmalda-skogar-inom-vardetrakter\/\">Resultat av alla dessa inventeringar&nbsp;har vi samlat h\u00e4r.<\/a><\/strong><\/p>\n<p><strong>Om skogar likt dessa 31 exempel &nbsp;forts\u00e4tter att f\u00f6rsvinna kommer det inte finnas n\u00e5got v\u00e4rde kvar i v\u00e4rdetrakterna. De blir, i princip, v\u00e4rdel\u00f6sa.<\/strong><\/p>\n<p>F\u00f6r att Skogsstyrelsens och Naturv\u00e5rdsverkets gedigna kunskapsunderlag ska vara v\u00e4rdefullt beh\u00f6ver man stoppa avverkningar i de karterade omr\u00e5dena s\u00e5 att samh\u00e4llet f\u00e5r en chans att faktiskt anv\u00e4nda kunskapsunderlaget. F\u00f6r att kunna tj\u00e4na sitt syfte som \u201dst\u00f6d f\u00f6r strategisk milj\u00f6planering\u201d beh\u00f6ver ju v\u00e4rdetrakterna finnas kvar medan planeringen p\u00e5g\u00e5r.<\/p>\n<p>Det \u00e4r bekymmersamt om skogsindustrin har planerat sin verksamhet s\u00e5 d\u00e5ligt att den st\u00e5r och faller med just de h\u00e4r omr\u00e5dena. Om man inte kan ta en paus f\u00f6r avverkning i v\u00e4rdetrakter tills en definitiv granskning har gjorts, s\u00e5 tyder det p\u00e5 ett strukturellt problem inom den svenska skogsn\u00e4ringen som man beh\u00f6ver komma tillr\u00e4tta med. De utg\u00f6r trots allt bara en br\u00e5kdel av alla skogar som skogsbolagen besitter.<\/p>\n<p>Jag och de flesta andra f\u00f6rst\u00e5r att myndighetsarbete tar tid, att man inte kan f\u00f6rv\u00e4nta sig att alla skyddsv\u00e4rda skogar f\u00e5r den skydd de beh\u00f6ver \u00f6ver en natt \u2013 det kostar pengar, det kr\u00e4ver f\u00e4ltarbete och diskussion med ber\u00f6rda parter. Medan det sker, m\u00e5ste man se till att skogsbolagen till\u00e4mpar ett tillf\u00e4lligt stopp f\u00f6r avverkning inom v\u00e4rdetrakter.<\/p>\n","protected":false},"excerpt":{"rendered":"<p>Vad vi uppt\u00e4ckte var h\u00f6gst oroande. I n\u00e4stan varje fall kunde man konstatera att skogarna hyser h\u00f6ga naturv\u00e4rden, att de \u00e4r hem till r\u00f6dlistade arter och att de klart uppfyller kraven f\u00f6r skydd.\u00a0Resultat av alla dessa inventeringar\u00a0har vi samlat h\u00e4r.<\/p>\n","protected":false},"author":34,"featured_media":1037,"comment_status":"closed","ping_status":"closed","sticky":false,"template":"","format":"standard","meta":{"ep_exclude_from_search":false,"p4_og_title":"","p4_og_description":"","p4_og_image":"","p4_og_image_id":"","p4_seo_canonical_url":"","p4_campaign_name":"not set","p4_local_project":"not set","p4_basket_name":"not set","p4_department":"","footnotes":""},"categories":[22],"tags":[19,23,40],"p4-page-type":[16],"class_list":["post-1192","post","type-post","status-publish","format-standard","has-post-thumbnail","hentry","category-skog","tag-skyddaskogen","tag-globaluppvarmning","tag-biodiversitet","p4-page-type-artiklar"],"_links":{"self":[{"href":"https:\/\/www.greenpeace.org\/sweden\/wp-json\/wp\/v2\/posts\/1192","targetHints":{"allow":["GET"]}}],"collection":[{"href":"https:\/\/www.greenpeace.org\/sweden\/wp-json\/wp\/v2\/posts"}],"about":[{"href":"https:\/\/www.greenpeace.org\/sweden\/wp-json\/wp\/v2\/types\/post"}],"author":[{"embeddable":true,"href":"https:\/\/www.greenpeace.org\/sweden\/wp-json\/wp\/v2\/users\/34"}],"replies":[{"embeddable":true,"href":"https:\/\/www.greenpeace.org\/sweden\/wp-json\/wp\/v2\/comments?post=1192"}],"version-history":[{"count":8,"href":"https:\/\/www.greenpeace.org\/sweden\/wp-json\/wp\/v2\/posts\/1192\/revisions"}],"predecessor-version":[{"id":55411,"href":"https:\/\/www.greenpeace.org\/sweden\/wp-json\/wp\/v2\/posts\/1192\/revisions\/55411"}],"wp:featuredmedia":[{"embeddable":true,"href":"https:\/\/www.greenpeace.org\/sweden\/wp-json\/wp\/v2\/media\/1037"}],"wp:attachment":[{"href":"https:\/\/www.greenpeace.org\/sweden\/wp-json\/wp\/v2\/media?parent=1192"}],"wp:term":[{"taxonomy":"category","embeddable":true,"href":"https:\/\/www.greenpeace.org\/sweden\/wp-json\/wp\/v2\/categories?post=1192"},{"taxonomy":"post_tag","embeddable":true,"href":"https:\/\/www.greenpeace.org\/sweden\/wp-json\/wp\/v2\/tags?post=1192"},{"taxonomy":"p4-page-type","embeddable":true,"href":"https:\/\/www.greenpeace.org\/sweden\/wp-json\/wp\/v2\/p4-page-type?post=1192"}],"curies":[{"name":"wp","href":"https:\/\/api.w.org\/{rel}","templated":true}]}}