{"id":12028,"date":"2020-07-24T13:00:17","date_gmt":"2020-07-24T12:00:17","guid":{"rendered":"https:\/\/www.greenpeace.org\/sweden\/?p=12028"},"modified":"2020-07-24T13:04:17","modified_gmt":"2020-07-24T12:04:17","slug":"ingen-magi-med-preems-raffinaderi","status":"publish","type":"post","link":"https:\/\/www.greenpeace.org\/sweden\/artiklar\/greenpeace\/ingen-magi-med-preems-raffinaderi\/","title":{"rendered":"Ingen magi med Preems raffinaderi!"},"content":{"rendered":"\n<p><strong>N\u00e4r jag var tio \u00e5r s\u00e5g jag Al Gores film <em>An Inconvenient Truth<\/em> i skolan. Vem gr\u00e4t inte en skv\u00e4tt n\u00e4r man s\u00e5g den d\u00e4r isbj\u00f6rnen simma och simma, men aldrig hittade is? Jag vet \u00e5tminstone att det h\u00e4r barnet blev lite sm\u00e5tt f\u00f6rkrossad. Men samtidigt fick man l\u00e4ra sig hur dunderbra Sverige var! S\u00e5 i ungef\u00e4r samma stund som det lade sig en klump i magen s\u00e5 bildades en stolt bubbla i br\u00f6stet. Vi producerade ju superren el (ja, k\u00e4rnkraftsdebatten introducerades inte riktigt i den \u00e5ldern&#8230;) och vi var ju s\u00e5 galet duktiga p\u00e5 att sopsortera.<\/strong><\/p>\n\n<figure class=\"wp-block-image size-large  caption-style-blue-overlay caption-alignment-center\"><img loading=\"lazy\" decoding=\"async\" width=\"1024\" height=\"667\" src=\"https:\/\/www.greenpeace.org\/static\/planet4-sweden-stateless\/2020\/07\/49b81aaa-ryggdunk-1024x667.png\" alt=\"\" class=\"wp-image-12029\" srcset=\"https:\/\/www.greenpeace.org\/static\/planet4-sweden-stateless\/2020\/07\/49b81aaa-ryggdunk-1024x667.png 1024w, https:\/\/www.greenpeace.org\/static\/planet4-sweden-stateless\/2020\/07\/49b81aaa-ryggdunk-300x195.png 300w, https:\/\/www.greenpeace.org\/static\/planet4-sweden-stateless\/2020\/07\/49b81aaa-ryggdunk-768x500.png 768w, https:\/\/www.greenpeace.org\/static\/planet4-sweden-stateless\/2020\/07\/49b81aaa-ryggdunk-1536x1001.png 1536w, https:\/\/www.greenpeace.org\/static\/planet4-sweden-stateless\/2020\/07\/49b81aaa-ryggdunk-510x332.png 510w, https:\/\/www.greenpeace.org\/static\/planet4-sweden-stateless\/2020\/07\/49b81aaa-ryggdunk.png 1986w\" sizes=\"auto, (max-width: 1024px) 100vw, 1024px\" \/><\/figure>\n\n<p>Men sen du, som att bli vuxen inte var jobbigt nog, var man tvungen att inse att Sverige kanske inte var det d\u00e4r h\u00e5llbara goda land man trott (f\u00f6rutom det d\u00e4r med sopsorteringen d\u00e5, f\u00f6r vi \u00e4r verkligen helt grymma p\u00e5 det). Det visade sig att Svenskarna kommer p\u00e5 <a href=\"http:\/\/data.footprintnetwork.org\/#\/\">16e plats i st\u00f6rsta ekologiska fotavtryck per capita i v\u00e4rlden (187 l\u00e4nder r\u00e4knade)<\/a>. Vi konsumerar resurser som om vi hade 4,2 jordklot till v\u00e5rt f\u00f6rfogande- och notan, den passar vi vidare till&nbsp; nuvarande och framtida generationer. Stoltheten \u00f6ver v\u00e5ra l\u00e5ga utsl\u00e4pp f\u00f6rsvann f\u00f6r att utsl\u00e4ppen tydligen inte gjort det- de exporterades bara. Stoltheten f\u00f6r v\u00e5rt skogsbekl\u00e4dda land f\u00f6rsvann med insikten att skogen snarare var tr\u00e4dplantager och inte natur- eller urskog. Allt som finns kvar \u00e4r n\u00e5gra f\u00e5 \u00f6ar av skogar med frodande ekosystem. S\u00e5 ja, som vuxen pyste den d\u00e4r stolthetsbubblan ut ur br\u00f6stet och kvar blev bara den d\u00e4r klumpen i magen.<br><\/p>\n\n<p><br>Men, t\u00e4nker du, s\u00e5 d\u00e5liga \u00e4r vi la inte! Sverige m\u00e5ste vara b\u00e4ttre \u00e4n m\u00e5nga andra, vi h\u00e5ller ju \u00e4nd\u00e5 inte p\u00e5 och gosar in oss med oljeindustrin?&nbsp;Jo visst g\u00f6r vi det! Vi har s\u00e5 gott som bjudit in oljeindustrin p\u00e5 Netflix &amp; chill. Vi importerar in olja som vi sen raffinerar och d\u00e4refter exporterar (likt v\u00e5ra konsumtionsutsl\u00e4pp!). Vi producerar s\u00e5 pass mycket raffinerad olja att vi <a href=\"https:\/\/www.cia.gov\/library\/publications\/the-world-factbook\/geos\/sw.html\">2017 hade en export p\u00e5 371 100 tunnor per dag<\/a>. Detta gjorde att vi hamnade p\u00e5 plats 23 \u00f6ver v\u00e4rldens st\u00f6rsta export\u00f6rer. Idag har vi jobbat oss upp till plats 21. F\u00f6r att det h\u00e4r skulle bli m\u00f6jligt i \u201cgr\u00f6na Sverige\u201d kr\u00e4vdes det s\u00e5klart att vi gosade till det f\u00f6r fossilindustrin med lite infrastruktur och s\u00e5 kallade milj\u00f6tillst\u00e5nd. Och det \u00e4r till och med p\u00e5 min k\u00e4ra b\u00e4stkust det sker, h\u00e4r har flera av Sveriges st\u00f6rsta raffinaderier slagit upp l\u00e4ger. I G\u00f6teborg (min lelle\u2019 hemstad) s\u00e5 p\u00e5b\u00f6rjades dessutom ett oh\u00e4lsosamt f\u00f6rh\u00e5llandet d\u00e4r restv\u00e4rmen fr\u00e5n raffinaderierna gick in i v\u00e5ra bost\u00e4der. Nedan kan ni se ett diagram p\u00e5 hur st\u00f6righetsfaktorn \u00f6kat h\u00e4r p\u00e5 v\u00e4stkusten i takt med fossilindustrins, och Preems n\u00e4rvaro.<\/p>\n\n<figure class=\"wp-block-image size-large  caption-style-blue-overlay caption-alignment-center\"><img loading=\"lazy\" decoding=\"async\" width=\"1024\" height=\"667\" src=\"https:\/\/www.greenpeace.org\/static\/planet4-sweden-stateless\/2020\/07\/c806937d-sto\u0308righet-1024x667.jpg\" alt=\"\" class=\"wp-image-12030\" srcset=\"https:\/\/www.greenpeace.org\/static\/planet4-sweden-stateless\/2020\/07\/c806937d-sto\u0308righet-1024x667.jpg 1024w, https:\/\/www.greenpeace.org\/static\/planet4-sweden-stateless\/2020\/07\/c806937d-sto\u0308righet-300x195.jpg 300w, https:\/\/www.greenpeace.org\/static\/planet4-sweden-stateless\/2020\/07\/c806937d-sto\u0308righet-768x500.jpg 768w, https:\/\/www.greenpeace.org\/static\/planet4-sweden-stateless\/2020\/07\/c806937d-sto\u0308righet-1536x1001.jpg 1536w, https:\/\/www.greenpeace.org\/static\/planet4-sweden-stateless\/2020\/07\/c806937d-sto\u0308righet-510x332.jpg 510w, https:\/\/www.greenpeace.org\/static\/planet4-sweden-stateless\/2020\/07\/c806937d-sto\u0308righet.jpg 1986w\" sizes=\"auto, (max-width: 1024px) 100vw, 1024px\" \/><\/figure>\n\n<p>Som ni ser sk\u00e4r redan linjen i st\u00f6righetsaxeln h\u00f6gt, d\u00e5 all fossilindustri oavsett var den ligger, innehar ett h\u00f6gt basv\u00e4rde av st\u00f6righet.&nbsp;<\/p>\n\n<p>S\u00e5 varf\u00f6r ser vi detta samband mellan n\u00e4rhet och st\u00f6righet just h\u00e4r p\u00e5 v\u00e4stkusten? Jo, f\u00f6r det f\u00f6rsta har Sverige bland de b\u00e4sta f\u00f6ruts\u00e4ttningarna i v\u00e4rlden, med tanke p\u00e5 v\u00e5r ekonomi och v\u00e4lf\u00e4rd, att g\u00f6ra sig kvitt sitt fossilberoende. S\u00e5 n\u00e4r vi inte lyckas med att g\u00f6ra det, d\u00e5 blir fossilindustrin h\u00e4r i Sverige desto st\u00f6rigare. F\u00f6r att trots oljans status som stor exportvara och trots v\u00e4stkustens oh\u00e4lsosamma kl\u00e4ngighet efter dess restv\u00e4rme, har petroleumindustrin <a href=\"https:\/\/www.konj.se\/download\/18.23274eb6150c285f0ae89598\/1446558588139\/Petroleumprodukter%E2%80%93en-viktig-exportvara-med-mindre-betydelse-den-svenska-ekonomin19.pdf\">relativt f\u00e5 anst\u00e4llda och ingen st\u00f6rre betydelse f\u00f6r svensk ekonomi.<\/a> Sverige har \u00e5tagit sig att ta sitt ansvar i den h\u00e4r klimatkrisen, genom s\u00e5v\u00e4l Parisavtal som klimatlag. Just d\u00e4rf\u00f6r retar det fullst\u00e4ndigt gallfeber p\u00e5 m\u00e5nga av oss att vi ens \u00f6verv\u00e4ger att till\u00e5ta Preemraff Lysekil \u00f6ka sina utsl\u00e4pp med <em>en miljon ton koldioxid per \u00e5r<\/em>.<\/p>\n\n<p>F\u00f6r det andra, och kanske desto viktigare, hindrar fossilindustrin oss p\u00e5 hemmaplan fr\u00e5n att n\u00e5 V\u00c5RA klimatm\u00e5l. Ni ser p\u00e5 capslock-anv\u00e4ndandet h\u00e4r, att det \u00e4r n\u00e5got extremt st\u00f6rigt. I <a href=\"https:\/\/vgrfokus.se\/2020\/02\/sa-mycket-maste-koldioxidutslappen-minska-i-vastra-gotaland\/\">V\u00e4stra G\u00f6taland har vi 60,7 miljoner ton koldioxid kvar<\/a> att sl\u00e4ppa ut om vi ska uppfylla v\u00e5r del av Parisavtalet. F\u00e5r Preem expandera kommer det bli om\u00f6jligt f\u00f6r V\u00e4stra G\u00f6taland, och Sverige, att uppfylla v\u00e5r del av Parisavtalet och genomf\u00f6ra v\u00e5r skyldighet i klimatkrisen. \u201cT\u00e4nk globalt, agera lokalt\u201d, k\u00e4nns det uttrycket igen? Folk k\u00e4mpar f\u00f6r omst\u00e4llningen \u00f6ver hela jorden, i Indien, i USA, i Tyskland, i Brasilien. Och \u00f6ver hela jorden pekar man finger \u00e5t andra h\u00e5ll som en urs\u00e4kt f\u00f6r att inte agera. Det kr\u00e4vs inte ett geni f\u00f6r att inse att det blir en global effekt ifall alla b\u00f6rjar agera lokalt. D\u00e4rf\u00f6r kan vi inte acceptera fingerpekning n\u00e5nstans. S\u00e5 Preem, ni kan stoppa undan era pekfingrar. Omst\u00e4llningen ska ske nu och den ska ske h\u00e4r. Annars f\u00f6rtj\u00e4nar vi inte att kalla oss b\u00e4stkusten.<\/p>\n\n<figure class=\"wp-block-image size-large  caption-style-blue-overlay caption-alignment-center\"><img loading=\"lazy\" decoding=\"async\" width=\"1024\" height=\"667\" src=\"https:\/\/www.greenpeace.org\/static\/planet4-sweden-stateless\/2020\/07\/9956848b-fossilenergi-1024x667.jpg\" alt=\"\" class=\"wp-image-12031\" srcset=\"https:\/\/www.greenpeace.org\/static\/planet4-sweden-stateless\/2020\/07\/9956848b-fossilenergi-1024x667.jpg 1024w, https:\/\/www.greenpeace.org\/static\/planet4-sweden-stateless\/2020\/07\/9956848b-fossilenergi-300x195.jpg 300w, https:\/\/www.greenpeace.org\/static\/planet4-sweden-stateless\/2020\/07\/9956848b-fossilenergi-768x500.jpg 768w, https:\/\/www.greenpeace.org\/static\/planet4-sweden-stateless\/2020\/07\/9956848b-fossilenergi-1536x1001.jpg 1536w, https:\/\/www.greenpeace.org\/static\/planet4-sweden-stateless\/2020\/07\/9956848b-fossilenergi-510x332.jpg 510w, https:\/\/www.greenpeace.org\/static\/planet4-sweden-stateless\/2020\/07\/9956848b-fossilenergi.jpg 1986w\" sizes=\"auto, (max-width: 1024px) 100vw, 1024px\" \/><\/figure>\n\n<p>L\u00e5t oss se till att framtidens barn f\u00e5r se dokument\u00e4rer om klimatkrisen som n\u00e5got i det f\u00f6rflutna.<\/p>\n\n<figure class=\"wp-block-image size-medium  caption-style-blue-overlay caption-alignment-center\"><img loading=\"lazy\" decoding=\"async\" width=\"300\" height=\"300\" src=\"https:\/\/www.greenpeace.org\/static\/planet4-sweden-stateless\/2020\/07\/c219a38a-kajsa-300x300.png\" alt=\"\" class=\"wp-image-12169\" srcset=\"https:\/\/www.greenpeace.org\/static\/planet4-sweden-stateless\/2020\/07\/c219a38a-kajsa-300x300.png 300w, https:\/\/www.greenpeace.org\/static\/planet4-sweden-stateless\/2020\/07\/c219a38a-kajsa-1024x1024.png 1024w, https:\/\/www.greenpeace.org\/static\/planet4-sweden-stateless\/2020\/07\/c219a38a-kajsa-150x150.png 150w, https:\/\/www.greenpeace.org\/static\/planet4-sweden-stateless\/2020\/07\/c219a38a-kajsa-768x768.png 768w, https:\/\/www.greenpeace.org\/static\/planet4-sweden-stateless\/2020\/07\/c219a38a-kajsa-1536x1536.png 1536w, https:\/\/www.greenpeace.org\/static\/planet4-sweden-stateless\/2020\/07\/c219a38a-kajsa-2048x2048.png 2048w, https:\/\/www.greenpeace.org\/static\/planet4-sweden-stateless\/2020\/07\/c219a38a-kajsa-1366x1366.png 1366w, https:\/\/www.greenpeace.org\/static\/planet4-sweden-stateless\/2020\/07\/c219a38a-kajsa-340x340.png 340w\" sizes=\"auto, (max-width: 300px) 100vw, 300px\" \/><figcaption>Kajsa Falk, volont\u00e4r i Greenpeace G\u00f6teborgsgrupp.<\/figcaption><\/figure>\n","protected":false},"excerpt":{"rendered":"<p>Sverige m\u00e5ste vara b\u00e4ttre \u00e4n m\u00e5nga andra, vi h\u00e5ller ju \u00e4nd\u00e5 inte p\u00e5 och gosar in oss med oljeindustrin? Jo visst g\u00f6r vi det! Vi har s\u00e5 gott som bjudit in oljeindustrin p\u00e5 Netflix &#038; chill. Vi importerar in olja som vi sen raffinerar och d\u00e4refter exporterar (likt v\u00e5ra konsumtionsutsl\u00e4pp!). Vi producerar s\u00e5 pass mycket raffinerad olja att vi 2017 hade en export p\u00e5 371 100 tunnor per dag. Detta g\u00f6r att vi hamnar p\u00e5 plats 23 \u00f6ver v\u00e4rldens st\u00f6rsta export\u00f6rer.<\/p>\n","protected":false},"author":69,"featured_media":12206,"comment_status":"closed","ping_status":"closed","sticky":false,"template":"","format":"standard","meta":{"ep_exclude_from_search":false,"p4_og_title":"","p4_og_description":"","p4_og_image":"","p4_og_image_id":"","p4_seo_canonical_url":"","p4_campaign_name":"not set","p4_local_project":"not set","p4_basket_name":"Oil","p4_department":"","footnotes":""},"categories":[1],"tags":[23,24],"p4-page-type":[],"class_list":["post-12028","post","type-post","status-publish","format-standard","has-post-thumbnail","hentry","category-greenpeace","tag-globaluppvarmning","tag-fossilenergi"],"_links":{"self":[{"href":"https:\/\/www.greenpeace.org\/sweden\/wp-json\/wp\/v2\/posts\/12028","targetHints":{"allow":["GET"]}}],"collection":[{"href":"https:\/\/www.greenpeace.org\/sweden\/wp-json\/wp\/v2\/posts"}],"about":[{"href":"https:\/\/www.greenpeace.org\/sweden\/wp-json\/wp\/v2\/types\/post"}],"author":[{"embeddable":true,"href":"https:\/\/www.greenpeace.org\/sweden\/wp-json\/wp\/v2\/users\/69"}],"replies":[{"embeddable":true,"href":"https:\/\/www.greenpeace.org\/sweden\/wp-json\/wp\/v2\/comments?post=12028"}],"version-history":[{"count":8,"href":"https:\/\/www.greenpeace.org\/sweden\/wp-json\/wp\/v2\/posts\/12028\/revisions"}],"predecessor-version":[{"id":12207,"href":"https:\/\/www.greenpeace.org\/sweden\/wp-json\/wp\/v2\/posts\/12028\/revisions\/12207"}],"wp:featuredmedia":[{"embeddable":true,"href":"https:\/\/www.greenpeace.org\/sweden\/wp-json\/wp\/v2\/media\/12206"}],"wp:attachment":[{"href":"https:\/\/www.greenpeace.org\/sweden\/wp-json\/wp\/v2\/media?parent=12028"}],"wp:term":[{"taxonomy":"category","embeddable":true,"href":"https:\/\/www.greenpeace.org\/sweden\/wp-json\/wp\/v2\/categories?post=12028"},{"taxonomy":"post_tag","embeddable":true,"href":"https:\/\/www.greenpeace.org\/sweden\/wp-json\/wp\/v2\/tags?post=12028"},{"taxonomy":"p4-page-type","embeddable":true,"href":"https:\/\/www.greenpeace.org\/sweden\/wp-json\/wp\/v2\/p4-page-type?post=12028"}],"curies":[{"name":"wp","href":"https:\/\/api.w.org\/{rel}","templated":true}]}}