{"id":1215,"date":"2018-04-25T00:00:00","date_gmt":"2018-04-25T00:00:00","guid":{"rendered":"https:\/\/www.greenpeace.org\/sweden\/bakgrund\/1215\/kommentarer-om-fardplan-for-fossilfri-konkurrenskraft\/"},"modified":"2024-08-22T08:53:15","modified_gmt":"2024-08-22T07:53:15","slug":"kommentarer-om-fardplan-for-fossilfri-konkurrenskraft","status":"publish","type":"post","link":"https:\/\/www.greenpeace.org\/sweden\/pressmeddelanden\/klimat\/kommentarer-om-fardplan-for-fossilfri-konkurrenskraft\/","title":{"rendered":"Kommentarer om &#8221;F\u00e4rdplan f\u00f6r fossilfri konkurrenskraft&#8221;"},"content":{"rendered":"<p>Greenpeace Sveriges kommentarer med anledning av nio industriers \u201cF\u00e4rdplaner f\u00f6r fossilfri konkurrenskraft\u201d.<\/p>\n<p>\u2013 Det \u00e4r naturligtvis v\u00e4lkommet med fossilfrihet, men industriernas f\u00e4rdplaner saknar tyv\u00e4rr ett pargrundl\u00e4ggande element n\u00e4r det g\u00e4ller biodrivmedel fr\u00e5n skogen. Det \u00e4r en beskrivning av hur mycket som beh\u00f6vs, och i synnerhetvar all den h\u00e4r skogen som ska ers\u00e4tta de fossila br\u00e4nslena finns?\u00a0 Det \u00e4r tyv\u00e4rr oseri\u00f6st att presentera n\u00e5got som en f\u00e4rdplan utan den beskrivningen, d\u00e5 \u00e4r det snarare \u00f6nsket\u00e4nkande. S\u00e4rskilt eftersom vi redan idag avverkar allt f\u00f6r mycket skog i Sverige, s\u00e4ger Lina Burnelius skogsansvarig p\u00e5 Greenpeace Sverige.<\/p>\n<p>\u2013 Mycket talar f\u00f6r att skogliga biodrivmedel genererar st\u00f6rre utsl\u00e4pp \u00e4n fossila br\u00e4nslen. Vi m\u00e5ste f\u00e5 ner utsl\u00e4ppen nu, d\u00e4rf\u00f6r riskerar f\u00e4rdplaner som bygger p\u00e5 biodrivmedel f\u00f6r att n\u00e5 fossilfrihet att bli en falsk l\u00f6sning p\u00e5 klimatkrisen. Atmosf\u00e4ren g\u00f6r ingen skillnad p\u00e5 om koldioxidutsl\u00e4ppen kommer fr\u00e5n ett fossil eller skoglig k\u00e4lla.<\/p>\n<p>\u2013 Skogsindustrierna s\u00e4ger att de vill tiodubbla produktionen av biodrivmedel ur den svenska skogen. Det \u00e4r helt orealistiskt med tanke p\u00e5 att Sverige redan idag bryter mot FN:s konvention om biologisk m\u00e5ngfald, inte lever upp till milj\u00f6m\u00e5len och heller inte lyssnar till forskningen om ett 20 procentigt skydd av det svenska skogslandskapet. Idag har endast 5 procent av det svenska skogslandskapet ett l\u00e5ngsiktigt skydd.<\/p>\n<p>\u2013 Hur avser industrierna leva upp till v\u00e5ra internationella \u00e5taganden, v\u00e5ra demokratiskt beslutade milj\u00f6m\u00e5l och lyssna p\u00e5 forskningen och samtidigt \u00f6ka avverkningen och uttaget n\u00e4r vi redan idag har utarmad biologisk m\u00e5ngfald ett underm\u00e5ligt skydd av den svenska skogen? Det borde f\u00e4rdplanerna har preciserat.<\/p>\n<p>\u2013 Det \u00e4r helt klart att \u00f6kat uttag av biomassa f\u00f6r biobr\u00e4nslen fr\u00e5n skog hotar den biologiska m\u00e5ngfalden. Skogsavfall som grenar, toppar och stubbar \u00e4r viktiga hemvister f\u00f6r livet i skogen, som inte ska bli biodrivmedel.<\/p>\n<p><strong>Kontakt<\/strong><\/p>\n<p>Lina Burnelius<br \/>\nSkogsansvarig Greenpeace Sverige<br \/>\n0722144360<br \/>\n<a href=\"mailto:lina.burnelius@greenpeace.org\" target=\"_blank\" rel=\"noopener noreferrer\">lina.burnelius@greenpeace.org<\/a><\/p>\n<p>Mathias Leveborn<br \/>\nKommunikationsansvarig<br \/>\nGreenpeace Sverige<br \/>\n0702833036<br \/>\n<a href=\"mailto:mathias.leveborn@greenpeace.org\" target=\"_blank\" rel=\"noopener noreferrer\">mathias.leveborn@greenpeace.org<\/a><\/p>\n","protected":false},"excerpt":{"rendered":"<div>\n\tGreenpeace Sveriges kommentarer med anledning av nio industriers &#8221;F\u00e4rdplaner f\u00f6r fossilfri konkurrenskraft&#8221;.\n<\/div>\n","protected":false},"author":34,"featured_media":343,"comment_status":"closed","ping_status":"closed","sticky":false,"template":"","format":"standard","meta":{"ep_exclude_from_search":false,"p4_og_title":"","p4_og_description":"","p4_og_image":"","p4_og_image_id":"","p4_seo_canonical_url":"","p4_campaign_name":"","p4_local_project":"","p4_basket_name":"","p4_department":"","footnotes":""},"categories":[45,2,22],"tags":[19,67,53],"p4-page-type":[14],"class_list":["post-1215","post","type-post","status-publish","format-standard","has-post-thumbnail","hentry","category-energi","category-klimat","category-skog","tag-skyddaskogen","tag-bioenergi","tag-svenskpolitik","p4-page-type-pressmeddelanden"],"_links":{"self":[{"href":"https:\/\/www.greenpeace.org\/sweden\/wp-json\/wp\/v2\/posts\/1215","targetHints":{"allow":["GET"]}}],"collection":[{"href":"https:\/\/www.greenpeace.org\/sweden\/wp-json\/wp\/v2\/posts"}],"about":[{"href":"https:\/\/www.greenpeace.org\/sweden\/wp-json\/wp\/v2\/types\/post"}],"author":[{"embeddable":true,"href":"https:\/\/www.greenpeace.org\/sweden\/wp-json\/wp\/v2\/users\/34"}],"replies":[{"embeddable":true,"href":"https:\/\/www.greenpeace.org\/sweden\/wp-json\/wp\/v2\/comments?post=1215"}],"version-history":[{"count":4,"href":"https:\/\/www.greenpeace.org\/sweden\/wp-json\/wp\/v2\/posts\/1215\/revisions"}],"predecessor-version":[{"id":4147,"href":"https:\/\/www.greenpeace.org\/sweden\/wp-json\/wp\/v2\/posts\/1215\/revisions\/4147"}],"wp:featuredmedia":[{"embeddable":true,"href":"https:\/\/www.greenpeace.org\/sweden\/wp-json\/wp\/v2\/media\/343"}],"wp:attachment":[{"href":"https:\/\/www.greenpeace.org\/sweden\/wp-json\/wp\/v2\/media?parent=1215"}],"wp:term":[{"taxonomy":"category","embeddable":true,"href":"https:\/\/www.greenpeace.org\/sweden\/wp-json\/wp\/v2\/categories?post=1215"},{"taxonomy":"post_tag","embeddable":true,"href":"https:\/\/www.greenpeace.org\/sweden\/wp-json\/wp\/v2\/tags?post=1215"},{"taxonomy":"p4-page-type","embeddable":true,"href":"https:\/\/www.greenpeace.org\/sweden\/wp-json\/wp\/v2\/p4-page-type?post=1215"}],"curies":[{"name":"wp","href":"https:\/\/api.w.org\/{rel}","templated":true}]}}