{"id":12199,"date":"2020-06-05T14:26:36","date_gmt":"2020-06-05T13:26:36","guid":{"rendered":"https:\/\/www.greenpeace.org\/sweden\/?p=12199"},"modified":"2024-08-26T14:56:43","modified_gmt":"2024-08-26T13:56:43","slug":"ta-chansen-gor-vart-land-hallbart-ministern","status":"publish","type":"post","link":"https:\/\/www.greenpeace.org\/sweden\/pressmeddelanden\/klimat\/ta-chansen-gor-vart-land-hallbart-ministern\/","title":{"rendered":"Ta chansen \u2013 g\u00f6r v\u00e5rt land h\u00e5llbart, ministern"},"content":{"rendered":"\n<figure class=\"wp-block-image size-large  caption-style-blue-overlay caption-alignment-center\"><img loading=\"lazy\" decoding=\"async\" width=\"800\" height=\"534\" src=\"https:\/\/www.greenpeace.org\/static\/planet4-sweden-stateless\/2020\/07\/64b86d92-gp1stzeu_web_size.jpg\" alt=\"\" class=\"wp-image-12201\" srcset=\"https:\/\/www.greenpeace.org\/static\/planet4-sweden-stateless\/2020\/07\/64b86d92-gp1stzeu_web_size.jpg 800w, https:\/\/www.greenpeace.org\/static\/planet4-sweden-stateless\/2020\/07\/64b86d92-gp1stzeu_web_size-300x200.jpg 300w, https:\/\/www.greenpeace.org\/static\/planet4-sweden-stateless\/2020\/07\/64b86d92-gp1stzeu_web_size-768x513.jpg 768w, https:\/\/www.greenpeace.org\/static\/planet4-sweden-stateless\/2020\/07\/64b86d92-gp1stzeu_web_size-510x340.jpg 510w\" sizes=\"auto, (max-width: 800px) 100vw, 800px\" \/><figcaption>Greenpeace Sweden activists re-name the Swedish Department of Finance to the \u201cDepartment of Climate, Environment and Transition\u201d. The billions in public investments that are now being directed from this department in response to the COVID-19 crisis will greatly influence how Sweden&#8217;s ability to deal with the twin crises of climate and biodiversity loss. Greenpeace is urging Minister for Finance Magdalena Andersson and Minister for Financial Market Per Bolund to Build Back Better and make sure resources now being deployed in response to COVID-19 is also enabling the transition of Swedish society to radically reduce climate emissions, create a circular economy, and build long term sustainability.<\/figcaption><\/figure>\n\n<p><strong>Sveriges nya Klimat-, milj\u00f6- och omst\u00e4llningsdepartemet m\u00e5ste l\u00e4gga grunden f\u00f6r en l\u00e5ngsiktigt h\u00e5llbar v\u00e4lf\u00e4rd.<\/strong><\/p>\n\n<p>Den globala samh\u00e4llskris som spridningen av coronaviruset bidragit till \u00e4r en oerh\u00f6rd tragedi f\u00f6r oss alla. Krisen \u00e4r samh\u00e4llsomv\u00e4lvande och p\u00e5verkar v\u00e5r h\u00e4lsa, v\u00e5ra liv och v\u00e5ra jobb, det \u00e4r viktigt att samh\u00e4llet bidrar till att d\u00e4mpa effekterna av krisen. Det \u00e4r samtidigt hoppingivande att se den utbredda solidariteten i samh\u00e4llet och ett politiskt ledarskap som visar det \u00e4r fullt m\u00f6jligt att agera kraftfullt enligt experternas r\u00e5d n\u00e4r det kr\u00e4vs.<\/p>\n\n<p><strong>Nu, om n\u00e5gonsin, st\u00e5r samh\u00e4llets resurser till f\u00f6rfogande f\u00f6r&nbsp;<\/strong><strong>Magdalena Andersson<\/strong><strong>&nbsp;och&nbsp;<\/strong><strong>finansdepartementet<\/strong><strong>&nbsp;att l\u00e4gga grunden f\u00f6r den samh\u00e4llsomst\u00e4llning vi beh\u00f6ver f\u00f6r att s\u00e4kra jobben, bygga en motst\u00e5ndskraftig v\u00e4lf\u00e4rd och ett r\u00e4ttvist Sverige. Vi bytte namn p\u00e5 Finansdepartementet till \u201dKlimat-, milj\u00f6- och omst\u00e4llningsdepartemetet\u201d eftersom de enorma summor som nu tillf\u00f6rs olika delar av ekonomin kommer att ha effekter under l\u00e5ng tid fram\u00f6ver.<\/strong><\/p>\n\n<p>Pandemin har blottlagt de s\u00e5rbarheter som sedan l\u00e4nge funnits och tydliggjort behovet av l\u00e5ngtg\u00e5ende f\u00f6r\u00e4ndringar. Vi kan inte g\u00e5 tillbaka till \u201cdet normala\u201d utan m\u00e5ste se till att de investeringar som nu g\u00f6rs ocks\u00e5 skapar det h\u00e5llbara samh\u00e4lle vi beh\u00f6ver.<\/p>\n\n<p><strong>FN:s generalsekreterare,<\/strong><a href=\"https:\/\/www.un.org\/sg\/en\/content\/sg\/articles\/2020-04-02\/recovery-the-coronavirus-crisis-must-lead-better-world\"><strong>&nbsp;Antonio Guterres, p\u00e5pekar<\/strong><\/a><strong>&nbsp;att det nu \u00e4r \u201cdags att m\u00e5ngdubbla v\u00e5ra anstr\u00e4ngningar f\u00f6r att bygga mer inkluderande och h\u00e5llbara ekonomier och samh\u00e4llen som \u00e4r mer motst\u00e5ndskraftiga inf\u00f6r pandemier, klimatf\u00f6r\u00e4ndringar och andra globala utmaningar.\u201d<\/strong><\/p>\n\n<p>Fatih Birol, chef f\u00f6r det internationella energiorganet, IEA, har uppmanat regeringar att nu \u00f6ka klimatambitionerna: &#8221;Storskaliga investeringar f\u00f6r att fr\u00e4mja utveckling, etablering och integrering av klimatv\u00e4nlig teknik\u2026 b\u00f6r vara centrala delar av regeringars planer, f\u00f6r det kommer b\u00e5de att stimulera ekonomin och skynda p\u00e5 omst\u00e4llningen till f\u00f6rnybara energik\u00e4llor.&#8221;<\/p>\n\n<p>WHO:s generalsekreterare Dr Tedros Adhanom Ghebreyesus<a href=\"https:\/\/www.who.int\/news-room\/feature-stories\/detail\/who-manifesto-for-a-healthy-recovery-from-covid-19\">&nbsp;sade nu i maj att<\/a>&nbsp;&#8221;Pandemin \u00e4r en p\u00e5minnelse om det intima och k\u00e4nsliga f\u00f6rh\u00e5llandet mellan m\u00e4nniskor och planeten. Alla anstr\u00e4ngningar f\u00f6r att g\u00f6ra v\u00e5r v\u00e4rld s\u00e4krare \u00e4r d\u00f6mda att misslyckas om de inte beaktar det kritiska samband mellan m\u00e4nniskor och patogener, och det existentiella hotet fr\u00e5n klimatf\u00f6r\u00e4ndringarna, som g\u00f6r v\u00e5r Jord mindre beboelig.&#8221;<\/p>\n\n<p>F\u00f6r att m\u00f6ta kriserna som i l\u00e4ngden hotar m\u00f6jligheterna f\u00f6r livet p\u00e5 v\u00e5r planet som vi k\u00e4nner det kr\u00e4vs att vi bygger ett samh\u00e4lle d\u00e4r vi m\u00e4nniskor ocks\u00e5 \u00e4r en positiv kraft f\u00f6r v\u00e5r omgivning. Ist\u00e4llet f\u00f6r att fokusera p\u00e5 oh\u00e5llbara tillv\u00e4xtm\u00e5l b\u00f6r v\u00e5r ekonomi vara det verktyg som styr om samh\u00e4llet mot en l\u00e5ngsiktigt h\u00e5llbar v\u00e4lf\u00e4rd grundad i h\u00e4nsyn gentemot livsuppeh\u00e5llande ekosystem. Det m\u00e5ste inneb\u00e4ra att s\u00e4ttet vi lever p\u00e5 och v\u00e5ra verksamheter bidrar till att minska halterna av koldioxid i atmosf\u00e4ren och st\u00e4rka de naturliga ekosystem vi lever inom.<\/p>\n\n<p>Flera f\u00f6retr\u00e4dare inom n\u00e4ringslivet har&nbsp;<a href=\"https:\/\/www.di.se\/hallbart-naringsliv\/svenska-toppchefer-dags-att-omprova-vart-samhalle\/\">gemensamt efterfr\u00e5gat en klimatneutral ekonomi och<\/a>&nbsp;Landsorganisationen, LO, har f\u00f6rordat en&nbsp;<a href=\"https:\/\/www.lo.se\/home\/lo\/res.nsf\/vRes\/lo_1366026587231_lo_corona_atgarder_mars2020_pdf\/$File\/LO_corona_atgarder_mars2020.pdf\">uppv\u00e4xling av offentligt st\u00f6d till omst\u00e4llning och \u00f6kade resurser f\u00f6r j\u00e4rnv\u00e4g och klimat\u00e5tg\u00e4rder<\/a>.<\/p>\n\n<p><strong>Trots detta ser vi nu miljarder i offentligt st\u00f6d g\u00e5 i motsatta riktning. Enligt en ny granskning har den Europeiska centralbanken,&nbsp;<\/strong><a href=\"https:\/\/www.greenpeace.org\/eu-unit\/issues\/climate-energy\/3933\/ecb-injects-e7-billion-into-fossil-fuels-coronavirus-crisis\/\"><strong>ECB, pumpat in \u00f6ver 70 miljarder till st\u00f6d f\u00f6r fossilindustrin under perioden mars till maj.<\/strong><\/a><\/p>\n\n<p>Redan 1974&nbsp;<a href=\"https:\/\/fof.se\/tidning\/2014\/6\/artikel\/facit-framtiden-palme-varnade-for-klimatforandringar#:~:text=Flera%20partiledare%20intervjuades%20och%20Olof,timmars%20arbetsdag%20och%20b%C3%A4ttre%20milj%C3%B6.\">varnade Olof Palme<\/a>&nbsp;f\u00f6r konsekvenserna om vi inte agerar f\u00f6r att f\u00f6rhindra klimatf\u00f6r\u00e4ndringarna \u201cFramst\u00e5ende forskare befarar att om vi g\u00e5r p\u00e5 i samma sp\u00e5r som hittills kan p\u00e5 sikt v\u00e4rldshaven f\u00f6rst\u00f6ras, de arktiska havsisarna sm\u00e4lta och andra klimatrubbningar uppst\u00e5 som drastiskt kan p\u00e5verka v\u00e5ra livsvillkor\u201d:<\/p>\n\n<p><strong>Nu har Magdalena Andersson en unik m\u00f6jlighet att byta sp\u00e5r. Den m\u00f6jligheten m\u00e5ste hon ta tillvara p\u00e5 som chef f\u00f6r Sveriges nya klimat-, milj\u00f6- och omst\u00e4llningsdepartement.<\/strong><\/p>\n\n<p><strong>Isadora Wronski,<\/strong>&nbsp;Sverigechef, Greenpeace<\/p>\n\n<p><em>Artikeln publicerades den 5 juni 2020 <a href=\"https:\/\/www.aftonbladet.se\/debatt\/a\/50xm6e\/ta-chansen--gor-vart-land-hallbart-ministern\">i Aftonbladet<\/a>.<\/em><\/p>\n","protected":false},"excerpt":{"rendered":"<p>Sveriges nya Klimat-, milj\u00f6- och omst\u00e4llningsdepartemet m\u00e5ste l\u00e4gga grunden f\u00f6r en l\u00e5ngsiktigt h\u00e5llbar v\u00e4lf\u00e4rd.<\/p>\n","protected":false},"author":34,"featured_media":12201,"comment_status":"open","ping_status":"open","sticky":false,"template":"","format":"standard","meta":{"ep_exclude_from_search":false,"p4_og_title":"","p4_og_description":"","p4_og_image":"","p4_og_image_id":"","p4_seo_canonical_url":"","p4_campaign_name":"not set","p4_local_project":"not set","p4_basket_name":"not set","p4_department":"","footnotes":""},"categories":[2],"tags":[23,53,55],"p4-page-type":[14],"class_list":["post-12199","post","type-post","status-publish","format-standard","has-post-thumbnail","hentry","category-klimat","tag-globaluppvarmning","tag-svenskpolitik","tag-systemomstallning","p4-page-type-pressmeddelanden"],"_links":{"self":[{"href":"https:\/\/www.greenpeace.org\/sweden\/wp-json\/wp\/v2\/posts\/12199","targetHints":{"allow":["GET"]}}],"collection":[{"href":"https:\/\/www.greenpeace.org\/sweden\/wp-json\/wp\/v2\/posts"}],"about":[{"href":"https:\/\/www.greenpeace.org\/sweden\/wp-json\/wp\/v2\/types\/post"}],"author":[{"embeddable":true,"href":"https:\/\/www.greenpeace.org\/sweden\/wp-json\/wp\/v2\/users\/34"}],"replies":[{"embeddable":true,"href":"https:\/\/www.greenpeace.org\/sweden\/wp-json\/wp\/v2\/comments?post=12199"}],"version-history":[{"count":4,"href":"https:\/\/www.greenpeace.org\/sweden\/wp-json\/wp\/v2\/posts\/12199\/revisions"}],"predecessor-version":[{"id":12219,"href":"https:\/\/www.greenpeace.org\/sweden\/wp-json\/wp\/v2\/posts\/12199\/revisions\/12219"}],"wp:featuredmedia":[{"embeddable":true,"href":"https:\/\/www.greenpeace.org\/sweden\/wp-json\/wp\/v2\/media\/12201"}],"wp:attachment":[{"href":"https:\/\/www.greenpeace.org\/sweden\/wp-json\/wp\/v2\/media?parent=12199"}],"wp:term":[{"taxonomy":"category","embeddable":true,"href":"https:\/\/www.greenpeace.org\/sweden\/wp-json\/wp\/v2\/categories?post=12199"},{"taxonomy":"post_tag","embeddable":true,"href":"https:\/\/www.greenpeace.org\/sweden\/wp-json\/wp\/v2\/tags?post=12199"},{"taxonomy":"p4-page-type","embeddable":true,"href":"https:\/\/www.greenpeace.org\/sweden\/wp-json\/wp\/v2\/p4-page-type?post=12199"}],"curies":[{"name":"wp","href":"https:\/\/api.w.org\/{rel}","templated":true}]}}