{"id":12229,"date":"2020-07-31T13:12:14","date_gmt":"2020-07-31T12:12:14","guid":{"rendered":"https:\/\/www.greenpeace.org\/sweden\/?p=12229"},"modified":"2024-08-21T14:47:20","modified_gmt":"2024-08-21T13:47:20","slug":"regeringen-maste-ta-ansvar-mot-havsdoden","status":"publish","type":"post","link":"https:\/\/www.greenpeace.org\/sweden\/artiklar\/klimat\/regeringen-maste-ta-ansvar-mot-havsdoden\/","title":{"rendered":"Regeringen m\u00e5ste ta ansvar mot havsd\u00f6den"},"content":{"rendered":"\n<figure class=\"wp-block-image size-large  caption-style-blue-overlay caption-alignment-center\"><img loading=\"lazy\" decoding=\"async\" width=\"799\" height=\"517\" src=\"https:\/\/www.greenpeace.org\/static\/planet4-sweden-stateless\/2020\/03\/84e9d088-gp0sttove_web_size.jpg\" alt=\"\" class=\"wp-image-6289\"\/><\/figure>\n\n<p>Just nu funderar regeringen p\u00e5 hur den ska hantera&nbsp;Preems&nbsp;ans\u00f6kan om att bygga ut sitt oljeraffinaderi i&nbsp;<a href=\"https:\/\/www.aftonbladet.se\/lokala-nyheter\/lysekil\">Lysekil<\/a>.<\/p>\n\n<p><strong>En utbyggnad som skulle \u00f6ka Sveriges utsl\u00e4pp med en miljon ton koldioxid per \u00e5r, g\u00f6ra Preemraff till Sveriges enskilt st\u00f6rsta utsl\u00e4ppsk\u00e4lla och f\u00f6rhindra oss att leva upp till Parisavtalet och v\u00e5ra klimatm\u00e5l.<\/strong><\/p>\n\n<p>Preem p\u00e5st\u00e5r sig vilja&nbsp;<a href=\"https:\/\/www.preem.se\/foretag\/kund-hos-preem\/hallbart-foretagande\/tekniken-som-kan-halvera-sveriges-koldioxidutslapp\/\">halvera \u00f6kningen<\/a>, allts\u00e5 inte de totala utsl\u00e4ppen, genom avskiljning och lagring av koldioxid, s\u00e5 kallad CCS. CCS \u00e4r en dr\u00f6m som utsl\u00e4ppstung industri ofta anv\u00e4nder som alibi f\u00f6r att kunna forts\u00e4tta med sina utsl\u00e4pp, i st\u00e4llet f\u00f6r att agera mot klimatkrisen.<\/p>\n\n<p><strong>Nu anv\u00e4nder \u00e4ven Preem CCS som alibi och gr\u00f6nm\u00e5lning f\u00f6r att f\u00e5 expandera sin fossila verksamhet.<\/strong><\/p>\n\n<p>Lagar, natur, berggrund och ekonomi talar emot CCS. Endast mycket sm\u00e5 delar av Sveriges berggrund l\u00e4mpar sig f\u00f6r koldioxidlagring, bland annat under \u00d6stersj\u00f6n.<\/p>\n\n<p>Enligt internationella avtal \u00e4r det f\u00f6rbjudet att lagra koldioxid under \u00d6stersj\u00f6n och trots att&nbsp;<a href=\"https:\/\/www.regeringen.se\/pressmeddelanden\/2020\/06\/sverige-godkanner-regler-som-mojliggor-export-av-koldioxid-avsedd-for-lagring-under-havsbotten\/\">Sverige nyligen st\u00e4llde sig bakom en \u00e4ndring<\/a>&nbsp;av det s\u00e5 kallade Londonprotokollet f\u00f6r att underl\u00e4tta export av koldioxid s\u00e5 f\u00f6rbjuder internationella avtal fortfarande detta.<\/p>\n\n<p>Vill industrin lagra koldioxid i Sverige kvarst\u00e5r havsbottnen i Nordsj\u00f6n. F\u00f6r att det ska bli m\u00f6jligt m\u00e5ste regeringen satsa stort politiskt kapital p\u00e5 att driva igenom \u00e4ndringar i de internationella avtal som f\u00f6rbjuder lagring under havsbottnen. Vi m\u00e5ste ocks\u00e5 f\u00f6rhandla bilateralt med Norge om villkoren f\u00f6r lagring d\u00e4r.<\/p>\n\n<p><strong>Fr\u00e5gan \u00e4r: Vill vi verkligen att Sveriges r\u00f6dgr\u00f6na regering ska bli den akt\u00f6r som driver p\u00e5 f\u00f6r att v\u00e5ra hav \u00e5terigen ska bli avfallsplatser nu n\u00e4r vi f\u00e5tt avtal p\u00e5 plats som f\u00f6rbjudit gifttunnor p\u00e5 havsbotten?<\/strong><\/p>\n\n<p>Ska Sverige bli v\u00e4rldsledande i attacken mot havsbotten? Eller ska vi i st\u00e4llet satsa v\u00e5r politiska kraft p\u00e5 att f\u00e5 till st\u00e5nd ett globalt havsavtal som skyddar v\u00e5ra hav och instiftar marina reservat p\u00e5 internationellt vatten?<\/p>\n\n<p>R\u00f6kgaser fr\u00e5n raffinaderier inneh\u00e5ller oftast 8-14 procent koldioxid, det g\u00f6r att stora m\u00e4ngder kv\u00e4ve m\u00e5ste avskiljas innan koldioxiden kan lagras. Sedan m\u00e5ste koldioxiden pumpas ombord p\u00e5 fartyg som det i dag endast finns ett f\u00e5tal av i hela EU f\u00f6r att sedan fraktas till Nordsj\u00f6n d\u00e4r den under h\u00f6gt tryck \u00e4r t\u00e4nkt att pumpas ned under havsbotten. Detta kostar mycket pengar och processerna kr\u00e4ver enormt mycket energi.<\/p>\n\n<p>Markyta, havsbotten, nya fartyg, nya anl\u00e4ggningar och m\u00e4ngder med st\u00e5l och betong skulle beh\u00f6vas om vi vill ha storskalig CCS, allt f\u00f6r att g\u00f6ra det som naturen g\u00f6r helt gratis \u00e5t oss. Haven har redan absorberat ungef\u00e4r h\u00e4lften av all koldioxid m\u00e4nniskan n\u00e5gonsin sl\u00e4ppt ut. Skogen absorberar mer koldioxid varje \u00e5r \u00e4n vad n\u00e5gon CCS-h\u00e4gring kan g\u00f6ra.<\/p>\n\n<p><strong>L\u00e5t oss inte f\u00f6rst\u00f6ra ekosystem i balans utan i st\u00e4llet ge dem det skydd de beh\u00f6ver f\u00f6r att forts\u00e4tta med sin naturliga CCS. V\u00e5ra skogar och hav har en enorm potential som koldioxids\u00e4nka som kan utvecklas om vi skyddar dem b\u00e4ttre.<\/strong><\/p>\n\n<p>All Sveriges politiska och ekonomiska kraft m\u00e5ste g\u00e5 till omst\u00e4llning bort fr\u00e5n det fossila hotet mot v\u00e5r v\u00e4lf\u00e4rd. Vi beh\u00f6ver satsa p\u00e5 smarta, energieffektiva, cirkul\u00e4ra samh\u00e4llen, jobba med naturen och l\u00e5ta den lagra koldioxiden, skydda den biologiska m\u00e5ngfalden och de kolinlagrande ekosystemen.<\/p>\n\n<p>Stefan L\u00f6fven, Isabella L\u00f6vin och regeringens klimatkollegium m\u00e5ste leda oss mot innovation till omst\u00e4llning och h\u00e5llbara jobb, inte konstgjord andning \u00e5t fossila projekt som inte har n\u00e5gon framtid.<\/p>\n\n<p><strong>Sveriges regering b\u00f6r lyfta blicken mot framtiden inte gr\u00e4va ned sig i en dyr \u00e5terv\u00e4ndsgr\u00e4nd p\u00e5 havets botten.<\/strong><\/p>\n\n<p><strong>Isadora Wronski<\/strong>, Sverigechef Greenpeace<br><strong>Carl Schlyter<\/strong>, kampanjledare Greenpeace<\/p>\n\t\t\t<section\n\t\t\tclass=\"boxout post-645 \"\n\t\t\t\n\t\t>\n\t\t\t<a\n\t\t\t\tdata-ga-category=\"Take Action Boxout\"\n\t\t\t\tdata-ga-action=\"Image\"\n\t\t\t\tdata-ga-label=\"n\/a\"\n\t\t\t\tclass=\"cover-card-overlay\"\n\t\t\t\thref=\"https:\/\/www.greenpeace.org\/sweden\/agera\/skyddahaven\/\" \n\t\t\t><\/a>\n\t\t\t\t\t\t\t<img\n\t\t\t\t\t\tsrc=\"https:\/\/www.greenpeace.org\/static\/planet4-sweden-stateless\/2025\/02\/38acdb55-900x300_split-ud-trawling.jpg\"\n\t\t\t\t\t\tsrcset=\"https:\/\/www.greenpeace.org\/static\/planet4-sweden-stateless\/2025\/02\/38acdb55-900x300_split-ud-trawling-300x100.jpg 300w, https:\/\/www.greenpeace.org\/static\/planet4-sweden-stateless\/2025\/02\/38acdb55-900x300_split-ud-trawling-768x256.jpg 768w, https:\/\/www.greenpeace.org\/static\/planet4-sweden-stateless\/2025\/02\/38acdb55-900x300_split-ud-trawling-510x170.jpg 510w, https:\/\/www.greenpeace.org\/static\/planet4-sweden-stateless\/2025\/02\/38acdb55-900x300_split-ud-trawling.jpg 900w\"\n\t\t\t\t\t\tsizes=\"(min-width: 1000px) 358px, (min-width: 780px) 313px, 88px\"\n\t\t\t\t\t\talt=\"\" title=\"\"\n\t\t\t\t\/>\n            \t\t\t<div class=\"boxout-content\">\n\t\t\t\t\t\t\t\t\t<a\n\t\t\t\t\t\tclass=\"boxout-heading medium\"\n\t\t\t\t\t\tdata-ga-category=\"Take Action Boxout\"\n\t\t\t\t\t\tdata-ga-action=\"Title\"\n\t\t\t\t\t\tdata-ga-label=\"n\/a\"\n\t\t\t\t\t\thref=\"https:\/\/www.greenpeace.org\/sweden\/agera\/skyddahaven\/\"\n\t\t\t\t\t\t\n\t\t\t\t\t>\n\t\t\t\t\t\tSkydda haven &#8211; ratificera avtalet, Maria!\n\t\t\t\t\t<\/a>\n\t\t\t\t\t\t\t\t\t\t\t\t\t<p class=\"boxout-excerpt\">Skriv under och kr\u00e4v med oss att v\u00e5r utrikesminister Maria Malmer Stenergard ser till att Sverige fullf\u00f6ljer sitt l\u00f6fte och godk\u00e4nner avtalet. Skydda haven, Maria! <\/p>\n\t\t\t\t                                    <a\n                        class=\"btn btn-primary\"\n                        data-ga-category=\"Take Action Boxout\"\n                        data-ga-action=\"Call to Action\"\n                        data-ga-label=\"n\/a\"\n                        href=\"https:\/\/www.greenpeace.org\/sweden\/agera\/skyddahaven\/\"\n                        \n                    >\n                        Engagera dig\n                    <\/a>\n                \t\t\t<\/div>\n\t\t\t\t\t<\/section>\n\t","protected":false},"excerpt":{"rendered":"<p>Vill vi verkligen att Sveriges r\u00f6dgr\u00f6na regering ska bli den akt\u00f6r som driver p\u00e5 f\u00f6r att v\u00e5ra hav \u00e5terigen ska bli avfallsplatser nu n\u00e4r vi f\u00e5tt avtal p\u00e5 plats som f\u00f6rbjudit gifttunnor p\u00e5 havsbotten?<\/p>\n","protected":false},"author":34,"featured_media":6288,"comment_status":"closed","ping_status":"closed","sticky":false,"template":"","format":"standard","meta":{"ep_exclude_from_search":false,"p4_og_title":"","p4_og_description":"","p4_og_image":"","p4_og_image_id":"","p4_seo_canonical_url":"","p4_campaign_name":"not set","p4_local_project":"not set","p4_basket_name":"not set","p4_department":"","footnotes":""},"categories":[45,3,2],"tags":[23,24,30],"p4-page-type":[16],"class_list":["post-12229","post","type-post","status-publish","format-standard","has-post-thumbnail","hentry","category-energi","category-hav","category-klimat","tag-globaluppvarmning","tag-fossilenergi","tag-marinaskyddadeomraden","p4-page-type-artiklar"],"_links":{"self":[{"href":"https:\/\/www.greenpeace.org\/sweden\/wp-json\/wp\/v2\/posts\/12229","targetHints":{"allow":["GET"]}}],"collection":[{"href":"https:\/\/www.greenpeace.org\/sweden\/wp-json\/wp\/v2\/posts"}],"about":[{"href":"https:\/\/www.greenpeace.org\/sweden\/wp-json\/wp\/v2\/types\/post"}],"author":[{"embeddable":true,"href":"https:\/\/www.greenpeace.org\/sweden\/wp-json\/wp\/v2\/users\/34"}],"replies":[{"embeddable":true,"href":"https:\/\/www.greenpeace.org\/sweden\/wp-json\/wp\/v2\/comments?post=12229"}],"version-history":[{"count":7,"href":"https:\/\/www.greenpeace.org\/sweden\/wp-json\/wp\/v2\/posts\/12229\/revisions"}],"predecessor-version":[{"id":60938,"href":"https:\/\/www.greenpeace.org\/sweden\/wp-json\/wp\/v2\/posts\/12229\/revisions\/60938"}],"wp:featuredmedia":[{"embeddable":true,"href":"https:\/\/www.greenpeace.org\/sweden\/wp-json\/wp\/v2\/media\/6288"}],"wp:attachment":[{"href":"https:\/\/www.greenpeace.org\/sweden\/wp-json\/wp\/v2\/media?parent=12229"}],"wp:term":[{"taxonomy":"category","embeddable":true,"href":"https:\/\/www.greenpeace.org\/sweden\/wp-json\/wp\/v2\/categories?post=12229"},{"taxonomy":"post_tag","embeddable":true,"href":"https:\/\/www.greenpeace.org\/sweden\/wp-json\/wp\/v2\/tags?post=12229"},{"taxonomy":"p4-page-type","embeddable":true,"href":"https:\/\/www.greenpeace.org\/sweden\/wp-json\/wp\/v2\/p4-page-type?post=12229"}],"curies":[{"name":"wp","href":"https:\/\/api.w.org\/{rel}","templated":true}]}}