{"id":12274,"date":"2020-08-18T06:40:11","date_gmt":"2020-08-18T05:40:11","guid":{"rendered":"https:\/\/www.greenpeace.org\/sweden\/?p=12274"},"modified":"2023-02-20T15:00:19","modified_gmt":"2023-02-20T14:00:19","slug":"greenpeace-aktivister-simmar-till-oljerigg-for-att-protestera-mot-ny-olja-i-nordsjon","status":"publish","type":"post","link":"https:\/\/www.greenpeace.org\/sweden\/pressmeddelanden\/klimat\/greenpeace-aktivister-simmar-till-oljerigg-for-att-protestera-mot-ny-olja-i-nordsjon\/","title":{"rendered":"Greenpeace-aktivister simmar till oljerigg i protest mot ny olja i Nordsj\u00f6n"},"content":{"rendered":"\n<h2 class=\"wp-block-heading\">&#8211; snart kommer Rainbow Warrior III till Sverige<\/h2>\n\n<figure class=\"wp-block-image size-large caption-style-blue-overlay caption-alignment-center\"><img loading=\"lazy\" decoding=\"async\" width=\"800\" height=\"533\" src=\"https:\/\/www.greenpeace.org\/static\/planet4-sweden-stateless\/2020\/08\/d1fab278-gp0stupwg_web_size.jpg\" alt=\"\" class=\"wp-image-12275\" srcset=\"https:\/\/www.greenpeace.org\/static\/planet4-sweden-stateless\/2020\/08\/d1fab278-gp0stupwg_web_size.jpg 800w, https:\/\/www.greenpeace.org\/static\/planet4-sweden-stateless\/2020\/08\/d1fab278-gp0stupwg_web_size-300x200.jpg 300w, https:\/\/www.greenpeace.org\/static\/planet4-sweden-stateless\/2020\/08\/d1fab278-gp0stupwg_web_size-768x512.jpg 768w, https:\/\/www.greenpeace.org\/static\/planet4-sweden-stateless\/2020\/08\/d1fab278-gp0stupwg_web_size-510x340.jpg 510w\" sizes=\"auto, (max-width: 800px) 100vw, 800px\" \/><figcaption class=\"wp-element-caption\">Danish activist Ida Marie in the water with hand banner reading &#8221;Fossils our our future&#8221;.\n\nFossils or our future? Activists in an spectacular attempt to reach an oil rig in the middle of the ocean. They demand an immediate ban on all further oil and gas exploration in Denmark<\/figcaption><\/figure>\n\n<p><strong>Fyra aktivister fr\u00e5n Greenpeace har simmat fr\u00e5n fartyget Rainbow Warrior III, \u00f6ver ett danskt oljef\u00e4lt i Nordsj\u00f6n och tagit sig upp p\u00e5 oljeplattformen Dan Bravo. Det \u00e4r en fredlig protest med kravet att Danmark omedelbart stoppar all ny olje- och gasexploatering.<\/strong><\/p>\n\n<p>\u2013 &nbsp; Vi har simmat hit f\u00f6r att g\u00f6ra det klart f\u00f6r v\u00e5ra politiska ledare att de m\u00e5ste vara modiga nog att f\u00f6rbjuda s\u00f6kandet efter ny olja och fossilgas i Danmark. G\u00f6r de inte det kommer Danmark aldrig bli den klimatledare som v\u00e5ra politiker h\u00e4vdar att vi \u00e4r, s\u00e4ger Ida Marie, 21-\u00e5rig student fr\u00e5n K\u00f6penhamn som \u00e4r en av de fyra aktivisterna p\u00e5 oljeplattformen.<\/p>\n\n<p>Precis som Sverige, ses Danmark ofta som ett f\u00f6reg\u00e5ngsland i klimatfr\u00e5gan, men den danska regeringen st\u00f6djer fortfarande landets olje- och gasindustri och har godk\u00e4nt fossilproduktion som forts\u00e4tter efter 2050, d\u00e5 Danmark enligt beslut senast ska vara ha nettonollutsl\u00e4pp. Oljebolag har l\u00e4mnat in ans\u00f6kningar f\u00f6r att f\u00e5 leta och extrahera olja p\u00e5 danska oljef\u00e4lt, under den s\u00e5 kallade \u201c\u00e5ttonde licensrundan\u201d och beslutet ligger nu p\u00e5 den danska regeringens bord.<\/p>\n\n<p>\u2013 Danska s\u00e5v\u00e4l som svenska politiker ska nu avg\u00f6ra framtiden f\u00f6r oljan i Nordsj\u00f6n. Om de v\u00e4ljer att g\u00e5 p\u00e5 oljebolagens linje och till\u00e5ta en oljeexpansion kommer vi inte kunna leva upp till Parisavtalet, s\u00e4ger Markus Mattisson som \u00e4r kommunikat\u00f6r f\u00f6r Greenpeace i Sverige, ombord p\u00e5 Rainbow Warrior III.&nbsp;<\/p>\n\n<p>Oljeplattformen Dan Bravo ligger p\u00e5 den plats d\u00e4r Danmark f\u00f6rst b\u00f6rjade extrahera olja 1972. Den danska delen av Nordsj\u00f6n har idag 55 oljeriggar. Den olja de pumpar upp g\u00f6r Danmark till den st\u00f6rsta oljeproducenten inom EU.<\/p>\n\n<p>\u2013 Vetenskapen \u00e4r glasklar, de ekonomiska kalkylerna tydliga, klimatm\u00e5l och klimatlagar finns p\u00e5 plats och det finns en stark opinion. Oljan \u00e4r ett hot mot v\u00e5r v\u00e4lf\u00e4rd och v\u00e5r ekonomi. Danmarks regering m\u00e5ste v\u00e4lja framtiden f\u00f6re oljan och Sveriges regering m\u00e5ste v\u00e4lja Paris f\u00f6re Preem, s\u00e4ger svenska Markus Mattisson, ombord p\u00e5 Rainbow Warrior.&nbsp;<\/p>\n\n<figure class=\"wp-block-image size-large caption-style-blue-overlay caption-alignment-center\"><img loading=\"lazy\" decoding=\"async\" width=\"1024\" height=\"683\" src=\"https:\/\/www.greenpeace.org\/static\/planet4-sweden-stateless\/2020\/08\/c6e43e92-186a8583-1024x683.jpg\" alt=\"\" class=\"wp-image-12276\" srcset=\"https:\/\/www.greenpeace.org\/static\/planet4-sweden-stateless\/2020\/08\/c6e43e92-186a8583-1024x683.jpg 1024w, https:\/\/www.greenpeace.org\/static\/planet4-sweden-stateless\/2020\/08\/c6e43e92-186a8583-300x200.jpg 300w, https:\/\/www.greenpeace.org\/static\/planet4-sweden-stateless\/2020\/08\/c6e43e92-186a8583-768x512.jpg 768w, https:\/\/www.greenpeace.org\/static\/planet4-sweden-stateless\/2020\/08\/c6e43e92-186a8583-1536x1024.jpg 1536w, https:\/\/www.greenpeace.org\/static\/planet4-sweden-stateless\/2020\/08\/c6e43e92-186a8583-2048x1366.jpg 2048w, https:\/\/www.greenpeace.org\/static\/planet4-sweden-stateless\/2020\/08\/c6e43e92-186a8583-510x340.jpg 510w\" sizes=\"auto, (max-width: 1024px) 100vw, 1024px\" \/><figcaption class=\"wp-element-caption\">Markus Mattisson \u00e4r ombord Rainbow Warrior III och rapporterar live fr\u00e5n simningen till oljeriggen. Fotograf: Andrew McConell \/ Greenpeace<\/figcaption><\/figure>\n\n<p>Rainbow Warrior III kommer sedan styra mot svenska vatten och anl\u00e4nder till Marstrand sent p\u00e5 kv\u00e4llen den 1:a september och stannar tills den 2:a f\u00f6r att ta ombord ytterligare svensk bes\u00e4ttning. D\u00e4refter forts\u00e4tter skeppet till Lysekil f\u00f6r att delta i en<a href=\"https:\/\/www.facebook.com\/events\/lysekil-staden-vid-havet\/segla-f%C3%B6r-klimatet\/313890343088403\/\"> Flottilla<\/a> som arrangeras av Greenpeace, Stoppa Preemraff och Skiftet den 5 september.&nbsp;<\/p>\n\n<p><strong>\u00d6vrigt<\/strong><\/p>\n\n<p>Simningen till oljeriggen livestreamas p\u00e5 Facebook <a href=\"https:\/\/act.gp\/fossilsorfuture\">h\u00e4r<\/a>.<br>Foto och video uppladdas kontinuerligt<a href=\"https:\/\/media.greenpeace.org\/collection\/27MDHUDE0KI\"> h\u00e4r&nbsp;<\/a><br>Mer information om Flotillan finns <a href=\"https:\/\/www.facebook.com\/events\/lysekil-staden-vid-havet\/segla-f%C3%B6r-klimatet\/313890343088403\/\">h\u00e4r<\/a><br>Rainbow Warrior III \u00e4r en 200 ft segelb\u00e5t som fr\u00e4mst drivs med segel och elektricitet. Du kan l\u00e4sa mer om Greenpeace olika skepp <a href=\"https:\/\/www.greenpeace.org\/international\/tag\/rainbow-warrior\/\">h\u00e4r.<\/a><\/p>\n","protected":false},"excerpt":{"rendered":"<p>Aktivister fr\u00e5n Greenpeace simmar fr\u00e5n fartyget Rainbow Warrior i en fredlig protest f\u00f6r att Danmark ska stoppa all ny olje- och gasexploatering i Nordsj\u00f6n.<\/p>\n","protected":false},"author":34,"featured_media":12275,"comment_status":"open","ping_status":"open","sticky":false,"template":"","format":"standard","meta":{"ep_exclude_from_search":false,"p4_og_title":"Greenpeace-aktivister simmar till oljerigg i protest mot ny olja i Nordsj\u00f6n","p4_og_description":"Aktivister fr\u00e5n Greenpeace simmar fr\u00e5n fartyget Rainbow Warrior i en fredlig protest f\u00f6r att Danmark ska stoppa all ny olje- och gasexploatering i Nordsj\u00f6n.","p4_og_image":"","p4_og_image_id":"","p4_seo_canonical_url":"","p4_campaign_name":"not set","p4_local_project":"not set","p4_basket_name":"not set","p4_department":"","footnotes":""},"categories":[45,2],"tags":[24,49,23,25,31,21],"p4-page-type":[14],"class_list":["post-12274","post","type-post","status-publish","format-standard","has-post-thumbnail","hentry","category-energi","category-klimat","tag-fossilenergi","tag-olja","tag-globaluppvarmning","tag-hallbarenergi","tag-aktivism","tag-greenpeaceskepp","p4-page-type-pressmeddelanden"],"_links":{"self":[{"href":"https:\/\/www.greenpeace.org\/sweden\/wp-json\/wp\/v2\/posts\/12274","targetHints":{"allow":["GET"]}}],"collection":[{"href":"https:\/\/www.greenpeace.org\/sweden\/wp-json\/wp\/v2\/posts"}],"about":[{"href":"https:\/\/www.greenpeace.org\/sweden\/wp-json\/wp\/v2\/types\/post"}],"author":[{"embeddable":true,"href":"https:\/\/www.greenpeace.org\/sweden\/wp-json\/wp\/v2\/users\/34"}],"replies":[{"embeddable":true,"href":"https:\/\/www.greenpeace.org\/sweden\/wp-json\/wp\/v2\/comments?post=12274"}],"version-history":[{"count":4,"href":"https:\/\/www.greenpeace.org\/sweden\/wp-json\/wp\/v2\/posts\/12274\/revisions"}],"predecessor-version":[{"id":54743,"href":"https:\/\/www.greenpeace.org\/sweden\/wp-json\/wp\/v2\/posts\/12274\/revisions\/54743"}],"wp:featuredmedia":[{"embeddable":true,"href":"https:\/\/www.greenpeace.org\/sweden\/wp-json\/wp\/v2\/media\/12275"}],"wp:attachment":[{"href":"https:\/\/www.greenpeace.org\/sweden\/wp-json\/wp\/v2\/media?parent=12274"}],"wp:term":[{"taxonomy":"category","embeddable":true,"href":"https:\/\/www.greenpeace.org\/sweden\/wp-json\/wp\/v2\/categories?post=12274"},{"taxonomy":"post_tag","embeddable":true,"href":"https:\/\/www.greenpeace.org\/sweden\/wp-json\/wp\/v2\/tags?post=12274"},{"taxonomy":"p4-page-type","embeddable":true,"href":"https:\/\/www.greenpeace.org\/sweden\/wp-json\/wp\/v2\/p4-page-type?post=12274"}],"curies":[{"name":"wp","href":"https:\/\/api.w.org\/{rel}","templated":true}]}}