{"id":12344,"date":"2020-09-04T17:27:43","date_gmt":"2020-09-04T16:27:43","guid":{"rendered":"https:\/\/www.greenpeace.org\/sweden\/?p=12344"},"modified":"2023-02-16T20:06:16","modified_gmt":"2023-02-16T19:06:16","slug":"rainbow-warrior-och-ett-40-tal-segelbatar-mot-expansionen-av-preemraff-i-lysekil","status":"publish","type":"post","link":"https:\/\/www.greenpeace.org\/sweden\/pressmeddelanden\/klimat\/rainbow-warrior-och-ett-40-tal-segelbatar-mot-expansionen-av-preemraff-i-lysekil\/","title":{"rendered":"Rainbow Warrior och ett 40-tal segelb\u00e5tar mot expansionen av Preemraff i Lysekil"},"content":{"rendered":"\n<p><strong><strong>Greenpeace flaggskepp Rainbow Warrior kommer till den flytande klimatmanifestationen \u201cSegla f\u00f6r Klimatet\u201d imorgon l\u00f6rdag den 5:e september. V\u00e4derprognoser med h\u00e5rt v\u00e4der inf\u00f6r helgen medger dock inte s\u00e4ker segling f\u00f6r samtliga b\u00e5tar till Brofjorden och Preemraff fr\u00e5n Lysekil som planerat. Klimatmanifestationen genomf\u00f6rs ist\u00e4llet i Lysekil, Gullmarsfjorden och online. Det \u00e4r f\u00f6rsta g\u00e5ngen sedan 2011 som Rainbow Warrior befinner sig i Sverige. Vistelsen \u00e4r en del i en&nbsp;<a href=\"https:\/\/www.greenpeace.org\/international\/story\/44442\/the-north-seas-choice-revolution-or-destruction\/\">internationell kampan<\/a>j f\u00f6r att g\u00f6ra Nordsj\u00f6n till en plats f\u00f6r 100% f\u00f6rnybar energi, gr\u00f6na jobb och fasa ut regionens klimatskadliga och riskabla oljeproduktion. Skeppet kommer senast fr\u00e5n en<\/strong><a href=\"https:\/\/www.greenpeace.org\/sweden\/pressmeddelanden\/12274\/greenpeace-aktivister-simmar-till-oljerigg-for-att-protestera-mot-ny-olja-i-nordsjon\/\"><strong>&nbsp;aktion p\u00e5 en dansk oljeplattform.<\/strong><\/a><\/strong><\/p>\n\n<figure class=\"wp-block-image size-large caption-style-blue-overlay caption-alignment-center\"><img loading=\"lazy\" decoding=\"async\" width=\"1024\" height=\"683\" src=\"https:\/\/www.greenpeace.org\/static\/planet4-sweden-stateless\/2019\/01\/1ec2323d-b1bd413f-gp1storu-1024x683.jpg\" alt=\"\" class=\"wp-image-464\" srcset=\"https:\/\/www.greenpeace.org\/static\/planet4-sweden-stateless\/2019\/01\/1ec2323d-b1bd413f-gp1storu-1024x683.jpg 1024w, https:\/\/www.greenpeace.org\/static\/planet4-sweden-stateless\/2019\/01\/1ec2323d-b1bd413f-gp1storu-300x200.jpg 300w, https:\/\/www.greenpeace.org\/static\/planet4-sweden-stateless\/2019\/01\/1ec2323d-b1bd413f-gp1storu-768x512.jpg 768w, https:\/\/www.greenpeace.org\/static\/planet4-sweden-stateless\/2019\/01\/1ec2323d-b1bd413f-gp1storu-510x340.jpg 510w, https:\/\/www.greenpeace.org\/static\/planet4-sweden-stateless\/2019\/01\/1ec2323d-b1bd413f-gp1storu.jpg 1200w\" sizes=\"auto, (max-width: 1024px) 100vw, 1024px\" \/><figcaption>Rainbow Warrior p\u00e5 f\u00e4rd mot Turkiet f\u00f6r att belysa solenergi som en viktig energik\u00e4lla.<div class=\"credit icon-left\"> \u00a9 Caner Ozkan<\/div><\/figcaption><\/figure>\n\n<p>\u201cSegla f\u00f6r Klimatet\u201d \u00e4r en fredlig, familjev\u00e4nlig coronas\u00e4ker tillst\u00e4llning d\u00e4r omkring 40 segelb\u00e5tar deltar tillsammans f\u00f6r en framtid d\u00e4r m\u00e4nniskor, natur och klimat premieras f\u00f6re fossilindustrins kortsiktiga intressen. Greenpeace, Skiftet och N\u00e4tverket Stoppa Preemraff har hj\u00e4lpt till att organisera manifestationen som \u00e4r en del av klimatr\u00f6relsens \u201c<a href=\"https:\/\/stoppapreemraff.org\/aktionsveckor\">Aktionsveckor<\/a>\u201d, som innefattat en l\u00e5ng rad protester runt om i hela landet mot Preems planer p\u00e5 att expandera sitt oljeraffinaderi.&nbsp;<\/p>\n\n<p>Bland deltagarna och skepparna finns allt fr\u00e5n forskare, artister och lokalbor fr\u00e5n Lysekil. Rainbow Warrior kommer tillsammans med de st\u00f6rre segelb\u00e5tarna att segla i Gullmarsfjorden vid kl 14. M\u00e5nga av b\u00e5tarna kommer p\u00e5 grund av v\u00e4dret att bryggsegla och p\u00e5 olika s\u00e4tt delta i manifestationen digitalt. Delar av &#8221;Segla f\u00f6r Klimatet&#8221; kommer att livestreamas i sociala medier och en digital manifestation sker parallellt under hashtaggarna #seglaf\u00f6rklimatet och #stoppapreemraff.<\/p>\n\n<p><strong>Isadora Wronski<\/strong>, chef f\u00f6r Greenpeace i Sverige, som kommer att h\u00e5lla tal under den flytande manifestationen:&nbsp;<br>&#8211; <em>Eftersom det i \u00e5r har varit sv\u00e5rt f\u00f6r engagerade m\u00e4nniskor att samlas och kr\u00e4va politisk handling i den allt mer akuta klimatkrisen \u00e4r vi glada att kunna vara en del av denna corona-s\u00e4kra och viktiga klimatmanifestation. Preems planer p\u00e5 att expandera sitt oljeraffinaderi i Lysekil skulle \u00f6ka Sveriges utsl\u00e4pp med en miljon ton per \u00e5r. Att godk\u00e4nna en expansionsplan av en fossilverksamhet med enorma \u00f6kade utsl\u00e4pp som f\u00f6ljd vore absolut inte i linje med Parisavtalet. Regeringens val handlar om att antingen sl\u00e5 in p\u00e5 en v\u00e4g mot en stabil och h\u00e5llbar v\u00e4lf\u00e4rd f\u00f6r alla, eller att gynna ett oljebolags kortsiktiga vinstintresse. Stefan L\u00f6fven m\u00e5ste v\u00e4lja mellan Paris eller Preem.<\/em><\/p>\n\n<p><strong>Bj\u00f6rn Bertoft<\/strong> som sedan 2018 arbetat med att inspirera seglare att leva mer h\u00e5llbart, helt komma bort fr\u00e5n anv\u00e4ndning av fossila br\u00e4nslen och minimera anv\u00e4ndning av plast \u00e4r en av de som planerar att Segla f\u00f6r Klimatet p\u00e5 l\u00f6rdag. Bj\u00f6rn som deltar med sin milj\u00f6anpassade och <a href=\"https:\/\/www.100sunwindwater.com\/act-2020\">eldrivna segelb\u00e5t Smaragd<\/a> f\u00f6rklarar varf\u00f6r han valt att engagera sig:<br>&#8211; <em>Vi vill visa att eldrift ombord fungerar och testar elmotorer som med utf\u00e4lld propeller laddar sina egna batterier n\u00e4r vi seglar. Vi har inte tankat en droppe fossilt br\u00e4nsle p\u00e5 tre \u00e5r. Att vara med p\u00e5 den h\u00e4r seglingsdagen \u00e4r f\u00f6r mig lika sj\u00e4lvklart som att vi alla m\u00e5ste \u00e4ndra v\u00e5r livsstil och fasa ut beroendet av fossila br\u00e4nslen. Man beh\u00f6ver inte vara professor, forskare eller en Greta f\u00f6r att f\u00f6rst\u00e5 att bygget av ett nytt fossilt megaraffinaderi \u00e5r 2020 \u00e4r en d\u00e5lig id\u00e9 och omoraliskt mot kommande generationer.<\/em><\/p>\n\n<p>Artisten och f\u00f6rfattaren&nbsp;<strong>Stefan Sundstr\u00f6m<\/strong>&nbsp;som tillsammans med&nbsp;<strong>Henrik Wallgren<\/strong>&nbsp;m.fl. planerar att bjuda p\u00e5 konsert fr\u00e5n segelb\u00e5ten MS Flykt s\u00e4ger om sin medverkan:<br>&#8211;&nbsp;<em>Ist\u00e4llet f\u00f6r att passivt sitta hemma och \u00e5se hur regeringar v\u00e4rlden \u00f6ver h\u00f6gaktningsfullt skiter i sina egna utf\u00e4stelser om att h\u00e5lla sig inom Parisavtalets ramar, s\u00e5 m\u00f6nstrar jag nu p\u00e5 f\u00f6r att f\u00f6rs\u00f6ka hj\u00e4lpa den svenska regeringen att h\u00e5lla sig till n\u00e4mnda avtal. Vi m\u00e5ste hj\u00e4lpa dem! Det \u00e4r vi, du och jag, som har ansvaret f\u00f6r att det h\u00e4r inte ska g\u00e5 \u00e5t helvete. Med hj\u00e4lp av sol, vind och vatten ska vi nog klara det.<\/em><\/p>\n\n<p><strong>M\u00f6jlighet f\u00f6r media att ta sig ut till b\u00e5tarna i Gullmarsfjorden<\/strong><br>Greenpeace kommer att ha m\u00f6jlighet att hj\u00e4lpa media ut till de seglande i Gullmarsfjorden fr\u00e5n Hamnen i Lysekil d\u00e4r \u00e4ven talespersoner kommer att finnas p\u00e5 plats. P\u00e5 grund av extra f\u00f6rsiktighet f\u00f6r att hindra smittspridning kan vi dock inte garantera att kunna tillgodose alla eventuella \u00f6nskem\u00e5l om att ta sig ut till b\u00e5tarna men kommer g\u00f6ra v\u00e5rt yttersta.&nbsp;<\/p>\n\n<p><strong>Mer info:<\/strong><\/p>\n\n<p><a href=\"https:\/\/www.facebook.com\/events\/313890343088403\">Segla f\u00f6r Klimatet<\/a> p\u00e5 Facebook<\/p>\n\n<p><strong>Mer om Rainbow Warrior <a href=\"https:\/\/www.greenpeace.org.au\/about\/ships\/the-rainbow-warrior\/\">h\u00e4r<\/a><\/strong>. (p\u00e5 engelska)<\/p>\n","protected":false},"excerpt":{"rendered":"<p>Greenpeace flaggskepp Rainbow Warrior kommer till den flytande klimatmanifestationen \u201cSegla f\u00f6r Klimatet\u201d den 5:e september. Det \u00e4r f\u00f6rsta g\u00e5ngen sedan 2011 som Rainbow Warrior befinner sig i Sverige<\/p>\n","protected":false},"author":34,"featured_media":464,"comment_status":"closed","ping_status":"open","sticky":false,"template":"","format":"standard","meta":{"ep_exclude_from_search":false,"p4_og_title":"","p4_og_description":"","p4_og_image":"","p4_og_image_id":"","p4_seo_canonical_url":"","p4_campaign_name":"not set","p4_local_project":"not set","p4_basket_name":"not set","p4_department":"","footnotes":""},"categories":[2],"tags":[24,49,23,31,21],"p4-page-type":[14],"class_list":["post-12344","post","type-post","status-publish","format-standard","has-post-thumbnail","hentry","category-klimat","tag-fossilenergi","tag-olja","tag-globaluppvarmning","tag-aktivism","tag-greenpeaceskepp","p4-page-type-pressmeddelanden"],"_links":{"self":[{"href":"https:\/\/www.greenpeace.org\/sweden\/wp-json\/wp\/v2\/posts\/12344","targetHints":{"allow":["GET"]}}],"collection":[{"href":"https:\/\/www.greenpeace.org\/sweden\/wp-json\/wp\/v2\/posts"}],"about":[{"href":"https:\/\/www.greenpeace.org\/sweden\/wp-json\/wp\/v2\/types\/post"}],"author":[{"embeddable":true,"href":"https:\/\/www.greenpeace.org\/sweden\/wp-json\/wp\/v2\/users\/34"}],"replies":[{"embeddable":true,"href":"https:\/\/www.greenpeace.org\/sweden\/wp-json\/wp\/v2\/comments?post=12344"}],"version-history":[{"count":6,"href":"https:\/\/www.greenpeace.org\/sweden\/wp-json\/wp\/v2\/posts\/12344\/revisions"}],"predecessor-version":[{"id":51243,"href":"https:\/\/www.greenpeace.org\/sweden\/wp-json\/wp\/v2\/posts\/12344\/revisions\/51243"}],"wp:featuredmedia":[{"embeddable":true,"href":"https:\/\/www.greenpeace.org\/sweden\/wp-json\/wp\/v2\/media\/464"}],"wp:attachment":[{"href":"https:\/\/www.greenpeace.org\/sweden\/wp-json\/wp\/v2\/media?parent=12344"}],"wp:term":[{"taxonomy":"category","embeddable":true,"href":"https:\/\/www.greenpeace.org\/sweden\/wp-json\/wp\/v2\/categories?post=12344"},{"taxonomy":"post_tag","embeddable":true,"href":"https:\/\/www.greenpeace.org\/sweden\/wp-json\/wp\/v2\/tags?post=12344"},{"taxonomy":"p4-page-type","embeddable":true,"href":"https:\/\/www.greenpeace.org\/sweden\/wp-json\/wp\/v2\/p4-page-type?post=12344"}],"curies":[{"name":"wp","href":"https:\/\/api.w.org\/{rel}","templated":true}]}}