{"id":12412,"date":"2020-09-05T08:51:56","date_gmt":"2020-09-05T07:51:56","guid":{"rendered":"https:\/\/www.greenpeace.org\/sweden\/?p=12412"},"modified":"2024-08-26T15:03:01","modified_gmt":"2024-08-26T14:03:01","slug":"greenpeace-kommentar-till-mp-beskedet-om-preemraff","status":"publish","type":"post","link":"https:\/\/www.greenpeace.org\/sweden\/pressmeddelanden\/klimat\/greenpeace-kommentar-till-mp-beskedet-om-preemraff\/","title":{"rendered":"Greenpeace kommentar till MP-beskedet om Preemraff"},"content":{"rendered":"\n<p><strong>Isadora Wronski<\/strong>, chef f\u00f6r Greenpeace i Sverige:<\/p>\n\n<p>&#8211; <em>Vi v\u00e4lkomnar Milj\u00f6partiets besked att de s\u00e4ger nej till Preemraffs expansion. F\u00f6rbr\u00e4nningsteknikens tid \u00e4r f\u00f6rbi. Vi kan inte l\u00e4ngre skapa energi genom att br\u00e4nna upp vare sig fossil olja eller det som v\u00e4xer p\u00e5 v\u00e5ra \u00e5krar eller i v\u00e5ra skogar. Den fossila infrastrukturen m\u00e5ste fasas ut, vi m\u00e5ste minska v\u00e5rt behov av energi och elektrifiera.<\/em><\/p>\n\n<p>&#8211; <em>Nu v\u00e4ntar vi p\u00e5 samma besked fr\u00e5n v\u00e5r statsminister Stefan L\u00f6fven. Statsministern m\u00e5ste leda omst\u00e4llningen till en modern klimatanpassad och l\u00e5ngsiktigt h\u00e5llbar ekonomi, det \u00e4r d\u00e4r jobben finns. V\u00e4rlden blickar riktas nu mot Sverige och fr\u00e5gan om vi kommer v\u00e4lja Parisavtalet eller Preem. Det vill s\u00e4ga: v\u00e5r l\u00e5ngsiktiga v\u00e4lf\u00e4rd eller ett oljebolags kortsiktiga vinstintresse. Som Stefan L\u00f6fven sj\u00e4lv s\u00e4ger: vi kan bygga ett b\u00e4ttre samh\u00e4lle om vi vill.<\/em><\/p>\n\n<p><strong>Kontakt:<\/strong><\/p>\n\n<p><strong>Isadora Wronski<\/strong>, Chef f\u00f6r Greenpeace i Sverige<br>070-301 25 34<\/p>\n\n<p><strong>Ludvig Tillman<\/strong>, kommunikationsansvarig<br>070-271 64 37<\/p>\n","protected":false},"excerpt":{"rendered":"<p>&#8211; Vi v\u00e4lkomnar Milj\u00f6partiets besked att de s\u00e4ger nej till Preemraffs expansion. F\u00f6rbr\u00e4nningsteknikens tid \u00e4r f\u00f6rbi. Vi kan inte l\u00e4ngre skapa energi genom att br\u00e4nna upp vare sig fossil olja eller det som v\u00e4xer p\u00e5 v\u00e5ra \u00e5krar eller i v\u00e5ra skogar. Den fossila infrastrukturen m\u00e5ste fasas ut, vi m\u00e5ste minska v\u00e5rt behov av energi och elektrifiera.<\/p>\n","protected":false},"author":34,"featured_media":12331,"comment_status":"closed","ping_status":"open","sticky":false,"template":"","format":"standard","meta":{"ep_exclude_from_search":false,"p4_og_title":"","p4_og_description":"","p4_og_image":"","p4_og_image_id":"","p4_seo_canonical_url":"","p4_campaign_name":"not set","p4_local_project":"not set","p4_basket_name":"not set","p4_department":"","footnotes":""},"categories":[45,2],"tags":[24,49,23,31,53],"p4-page-type":[14],"class_list":["post-12412","post","type-post","status-publish","format-standard","has-post-thumbnail","hentry","category-energi","category-klimat","tag-fossilenergi","tag-olja","tag-globaluppvarmning","tag-aktivism","tag-svenskpolitik","p4-page-type-pressmeddelanden"],"_links":{"self":[{"href":"https:\/\/www.greenpeace.org\/sweden\/wp-json\/wp\/v2\/posts\/12412","targetHints":{"allow":["GET"]}}],"collection":[{"href":"https:\/\/www.greenpeace.org\/sweden\/wp-json\/wp\/v2\/posts"}],"about":[{"href":"https:\/\/www.greenpeace.org\/sweden\/wp-json\/wp\/v2\/types\/post"}],"author":[{"embeddable":true,"href":"https:\/\/www.greenpeace.org\/sweden\/wp-json\/wp\/v2\/users\/34"}],"replies":[{"embeddable":true,"href":"https:\/\/www.greenpeace.org\/sweden\/wp-json\/wp\/v2\/comments?post=12412"}],"version-history":[{"count":1,"href":"https:\/\/www.greenpeace.org\/sweden\/wp-json\/wp\/v2\/posts\/12412\/revisions"}],"predecessor-version":[{"id":12413,"href":"https:\/\/www.greenpeace.org\/sweden\/wp-json\/wp\/v2\/posts\/12412\/revisions\/12413"}],"wp:featuredmedia":[{"embeddable":true,"href":"https:\/\/www.greenpeace.org\/sweden\/wp-json\/wp\/v2\/media\/12331"}],"wp:attachment":[{"href":"https:\/\/www.greenpeace.org\/sweden\/wp-json\/wp\/v2\/media?parent=12412"}],"wp:term":[{"taxonomy":"category","embeddable":true,"href":"https:\/\/www.greenpeace.org\/sweden\/wp-json\/wp\/v2\/categories?post=12412"},{"taxonomy":"post_tag","embeddable":true,"href":"https:\/\/www.greenpeace.org\/sweden\/wp-json\/wp\/v2\/tags?post=12412"},{"taxonomy":"p4-page-type","embeddable":true,"href":"https:\/\/www.greenpeace.org\/sweden\/wp-json\/wp\/v2\/p4-page-type?post=12412"}],"curies":[{"name":"wp","href":"https:\/\/api.w.org\/{rel}","templated":true}]}}