{"id":12457,"date":"2020-09-10T18:50:24","date_gmt":"2020-09-10T17:50:24","guid":{"rendered":"https:\/\/www.greenpeace.org\/sweden\/?p=12457"},"modified":"2023-02-23T17:01:39","modified_gmt":"2023-02-23T16:01:39","slug":"rainbow-warrior-stoppar-oljetanker-blockerar-inloppet-till-preemraff-i-lysekil","status":"publish","type":"post","link":"https:\/\/www.greenpeace.org\/sweden\/pressmeddelanden\/klimat\/rainbow-warrior-stoppar-oljetanker-blockerar-inloppet-till-preemraff-i-lysekil\/","title":{"rendered":"Rainbow Warrior stoppar oljetanker &#8211; blockerar inloppet till Preemraff i Lysekil"},"content":{"rendered":"\n<p>Greenpeace fartyg Rainbow Warrior och aktivister fr\u00e5n Greenpeace Nordic blockerar just nu en oljetransport p\u00e5 v\u00e4g mot Preemraff.<br><br>&#8211;&nbsp;<em>Rainbow Warrior ligger f\u00f6r ankar i kanalen f\u00f6r att hindra ankommande oljetankers och st\u00e4nga transportv\u00e4gen f\u00f6r Preemraff. D\u00e4rmed hindras Preems p\u00e5g\u00e5ende milj\u00f6brott<\/em>, s\u00e4ger&nbsp;<strong>Fernando Romo<\/strong>, kapten p\u00e5 Rainbow Warrior<\/p>\n\n<p>Greenpeace fredliga protest genomf\u00f6rs samtidigt som regeringen ska fatta det avg\u00f6rande beslutet om huruvida Preem ska f\u00e5 tillst\u00e5nd att expandera sitt oljeraffinaderi i Lysekil. Om regeringen beviljar expansionsplanerna inneb\u00e4r det en \u00f6kning av Sveriges koldioxidutsl\u00e4pp med en miljon ton per \u00e5r och det skulle g\u00f6ra Preemraff till den enskilt st\u00f6rsta utsl\u00e4ppsk\u00e4llan av koldioxid i landet. En expansion av Preemraff \u00e4r, enligt bland andra klimatforskaren Kevin Andersson,&nbsp;<a href=\"https:\/\/www.svt.se\/nyheter\/inrikes\/klimatforskare-sverige-far-valja-preem-eller-parisavtalet\">inte kompatibel med Sveriges \u00e5taganden enligt Parisavtalet.<\/a>&nbsp;Om regeringen skulle s\u00e4ga ja till Preemraff riskerar det ocks\u00e5 inhemska milj\u00f6- och klimatm\u00e5l och f\u00f6rm\u00e5gan f\u00f6r Sverige att driva p\u00e5 f\u00f6r \u00f6kade ambitioner inom EU och det globala klimatf\u00f6rhandlingarna.<\/p>\n\n<p>&#8211;&nbsp;<em>Oljan utg\u00f6r inte l\u00e4ngre fundamentet f\u00f6r v\u00e5rt v\u00e4lst\u00e5nd, den \u00e4r ett hot mot oss. Stefan L\u00f6fven m\u00e5ste v\u00e4lja framtiden, m\u00e4nniskors h\u00e4lsa, milj\u00f6n och Parisvatalet, inte Preems kortsiktiga vinstintressen<\/em>, s\u00e4ger&nbsp;<strong>Isadora Wronski<\/strong>&nbsp;chef f\u00f6r Greenpeace i Sverige<\/p>\n\n<p>Greenpeace f\u00f6ljer omfattande Covid-19 protokoll och vidtar st\u00f6rsta m\u00f6jliga f\u00f6rsiktighet. B\u00e5de aktivisterna och bes\u00e4ttningen p\u00e5 Rainbow Warrior har testats negativt f\u00f6r Covid-19 och genomg\u00e5tt en period av isolering. Rainbow Warrior har meddelat fartyget Grena Knutsen, polis och kustbevakning, Preem och regeringen om den fredliga protesten och aktivisternas intentioner.<\/p>\n\n<p><br><strong>\u00d6vrigt:<\/strong><\/p>\n\n<p><strong>Telefonintervjuer med aktivisterna \u00e4r m\u00f6jligt att arrangera vid f\u00f6rfr\u00e5gan.<\/strong><\/p>\n\n<p><strong>Foto och videomaterial hittar du&nbsp;<a href=\"https:\/\/media.greenpeace.org\/collection\/27MDHUDE9J2\">h\u00e4r.<\/a><\/strong><\/p>\n\n<p><strong>En mediabriefing med fakta om Preems planerade expansion finns&nbsp;<a href=\"https:\/\/www.greenpeace.org\/static\/planet4-sweden-stateless\/2020\/09\/643a4244-briefing_parisorpreem_200903_3.pdf\">h\u00e4r.<\/a><\/strong><\/p>\n\n<p>Aktionen f\u00f6ljer p\u00e5 den bredare milj\u00f6r\u00f6relsen och N\u00e4tverket Stoppa Preemraffs &#8221;<a href=\"https:\/\/stoppapreemraff.org\/aktionsveckor\">aktionsveckor<\/a>&#8221; mot Preems planer att expandera oljeraffinaderi i Lysekil. Rainbow Warrior deltog \u00e4ven i den 5:e september i klimatmanifestationen&nbsp;<a href=\"https:\/\/www.greenpeace.org\/sweden\/pressmeddelanden\/12344\/rainbow-warrior-och-ett-40-tal-segelbatar-mot-expansionen-av-preemraff-i-lysekil\/\">\u201cSegla f\u00f6r Klimatet\u201d<\/a>.<\/p>\n\n<p>Greenpeace uppm\u00e4rksammade i v\u00e5ras att Preems reklam inneh\u00f6ll omfattande Greenwashing som br\u00f6t flera marknadsf\u00f6ringslagar och l\u00e4mnade d\u00e4rf\u00f6r in ett klagom\u00e5l till Konsumentverket som har \u00f6ppnat<a href=\"https:\/\/www.greenpeace.org\/sweden\/pressmeddelanden\/11878\/efter-greenpeace-granskning-konsumentverket-oppnar-arende-mot-preem\/\">&nbsp;ett tillsyns\u00e4rende mot Preem<\/a>.<\/p>\n\n<p><strong>Kontakt:<\/strong><\/p>\n\n<p><strong>Isadora Wronski<\/strong>, Chef f\u00f6r Greenpeace i Sverige<br>070-301 25 34<\/p>\n\n<p><strong>Ludvig Tillman<\/strong>, kommunikationsansvarig<br>070-271 64 37<\/p>\n\n<p><strong>Markus<\/strong>&nbsp;Mattisson, kommunikationsansvarig (ombord p\u00e5 Rainbow Warrior)<br>070-397 66 72<\/p>\n","protected":false},"excerpt":{"rendered":"<p>Greenpeace fartyg Rainbow Warrior och aktivister fr\u00e5n Greenpeace Nordic blockerar just nu en oljetransport p\u00e5 v\u00e4g mot Preemraff.<\/p>\n","protected":false},"author":34,"featured_media":12364,"comment_status":"closed","ping_status":"open","sticky":false,"template":"","format":"standard","meta":{"ep_exclude_from_search":false,"p4_og_title":"","p4_og_description":"","p4_og_image":"","p4_og_image_id":"","p4_seo_canonical_url":"","p4_campaign_name":"not set","p4_local_project":"not set","p4_basket_name":"not set","p4_department":"","footnotes":""},"categories":[2],"tags":[23,25,49],"p4-page-type":[14],"class_list":["post-12457","post","type-post","status-publish","format-standard","has-post-thumbnail","hentry","category-klimat","tag-globaluppvarmning","tag-hallbarenergi","tag-olja","p4-page-type-pressmeddelanden"],"_links":{"self":[{"href":"https:\/\/www.greenpeace.org\/sweden\/wp-json\/wp\/v2\/posts\/12457","targetHints":{"allow":["GET"]}}],"collection":[{"href":"https:\/\/www.greenpeace.org\/sweden\/wp-json\/wp\/v2\/posts"}],"about":[{"href":"https:\/\/www.greenpeace.org\/sweden\/wp-json\/wp\/v2\/types\/post"}],"author":[{"embeddable":true,"href":"https:\/\/www.greenpeace.org\/sweden\/wp-json\/wp\/v2\/users\/34"}],"replies":[{"embeddable":true,"href":"https:\/\/www.greenpeace.org\/sweden\/wp-json\/wp\/v2\/comments?post=12457"}],"version-history":[{"count":1,"href":"https:\/\/www.greenpeace.org\/sweden\/wp-json\/wp\/v2\/posts\/12457\/revisions"}],"predecessor-version":[{"id":12458,"href":"https:\/\/www.greenpeace.org\/sweden\/wp-json\/wp\/v2\/posts\/12457\/revisions\/12458"}],"wp:featuredmedia":[{"embeddable":true,"href":"https:\/\/www.greenpeace.org\/sweden\/wp-json\/wp\/v2\/media\/12364"}],"wp:attachment":[{"href":"https:\/\/www.greenpeace.org\/sweden\/wp-json\/wp\/v2\/media?parent=12457"}],"wp:term":[{"taxonomy":"category","embeddable":true,"href":"https:\/\/www.greenpeace.org\/sweden\/wp-json\/wp\/v2\/categories?post=12457"},{"taxonomy":"post_tag","embeddable":true,"href":"https:\/\/www.greenpeace.org\/sweden\/wp-json\/wp\/v2\/tags?post=12457"},{"taxonomy":"p4-page-type","embeddable":true,"href":"https:\/\/www.greenpeace.org\/sweden\/wp-json\/wp\/v2\/p4-page-type?post=12457"}],"curies":[{"name":"wp","href":"https:\/\/api.w.org\/{rel}","templated":true}]}}