{"id":12501,"date":"2020-09-13T12:11:37","date_gmt":"2020-09-13T11:11:37","guid":{"rendered":"https:\/\/www.greenpeace.org\/sweden\/?p=12501"},"modified":"2024-08-21T14:48:00","modified_gmt":"2024-08-21T13:48:00","slug":"efter-62-timmars-blockad-av-preemraff-nu-ar-det-stefan-lofvens-tur","status":"publish","type":"post","link":"https:\/\/www.greenpeace.org\/sweden\/pressmeddelanden\/klimat\/efter-62-timmars-blockad-av-preemraff-nu-ar-det-stefan-lofvens-tur\/","title":{"rendered":"Efter 62 timmars blockad av Preemraff &#8211; nu \u00e4r det Stefan L\u00f6fvens tur"},"content":{"rendered":"\n<p><strong>Efter att ha stoppat transporten av r\u00e5olja in till Preems raffinaderi under 62 timmar avslutas nu blockaden av Preemraff men protesterna mot Preems expansionsplaner forts\u00e4tter. Beslutet om Preemraffs expansion ligger ytterst p\u00e5 regeringens bord, men redan p\u00e5 onsdag har kommunfullm\u00e4ktige i Lysekil en m\u00f6jlighet att l\u00e4gga sitt veto mot utbyggnaden.<\/strong><\/p>\n\n<figure class=\"wp-block-image size-large caption-style-blue-overlay caption-alignment-center\"><img loading=\"lazy\" decoding=\"async\" width=\"1024\" height=\"733\" src=\"https:\/\/www.greenpeace.org\/static\/planet4-sweden-stateless\/2020\/09\/390e23f3-gp1sub8b_medium_res_with_credit_line-1024x733.jpg\" alt=\"\" class=\"wp-image-12503\" srcset=\"https:\/\/www.greenpeace.org\/static\/planet4-sweden-stateless\/2020\/09\/390e23f3-gp1sub8b_medium_res_with_credit_line-1024x733.jpg 1024w, https:\/\/www.greenpeace.org\/static\/planet4-sweden-stateless\/2020\/09\/390e23f3-gp1sub8b_medium_res_with_credit_line-300x215.jpg 300w, https:\/\/www.greenpeace.org\/static\/planet4-sweden-stateless\/2020\/09\/390e23f3-gp1sub8b_medium_res_with_credit_line-768x550.jpg 768w, https:\/\/www.greenpeace.org\/static\/planet4-sweden-stateless\/2020\/09\/390e23f3-gp1sub8b_medium_res_with_credit_line-475x340.jpg 475w, https:\/\/www.greenpeace.org\/static\/planet4-sweden-stateless\/2020\/09\/390e23f3-gp1sub8b_medium_res_with_credit_line.jpg 1200w\" sizes=\"auto, (max-width: 1024px) 100vw, 1024px\" \/><figcaption>Aktivister fr\u00e5n Greenpeace Nordic blockerar kranarna i Preemraffs r\u00e5oljehamn.&nbsp;  \u00a9 Johanna Hanno \/ Greenpeace<\/figcaption><\/figure>\n\n<p>&#8211; Efter flera veckor av massiva protester runt om i landet mot Preems expansionsplaner och 62 timmars blockad av Preemraff i Lysekil l\u00e4mnar vi nu \u00f6ver till Stefan L\u00f6fven. Vi \u00e4r mitt inne i en brinnande klimatkris, v\u00e5r statsminister m\u00e5ste s\u00e4kra v\u00e5r l\u00e5ngsiktiga v\u00e4lf\u00e4rd och v\u00e4lja Paris framf\u00f6r Preem, s\u00e4ger&nbsp;<strong>Isadora Wronski<\/strong>, sverigechef p\u00e5 Greenpeace<\/p>\n\n<p>Greenpeace fartyg Rainbow Warrior lade sig f\u00f6r ankar i inloppet till Preemraffs oljehamn utanf\u00f6r Lysekil klockan 19.30, torsdagen den 10 september. Sedan dess har ingen r\u00e5oljetanker tagit sig in till raffinaderiet. P\u00e5 grund av f\u00f6r\u00e4ndrade v\u00e4derf\u00f6rh\u00e5llanden flyttade sig Rainbow Warrior till en ankarplats vid sidan av farleden under l\u00f6rdagen.<\/p>\n\n<p>Tidigt p\u00e5 morgonen, s\u00f6ndag den 13 september gick oljetankfartyget Grena Knutsen in mot Preemraffs oljehamn. Under tiden tog sig sex aktivister fr\u00e5n Greenpeace Norden upp p\u00e5 oljehamnens avlastningskranar vilket d\u00e4rmed hindrade fartyget fr\u00e5n att lasta av oljan.&nbsp;<\/p>\n\n<p>Aktivisterna togs ner av polis vid 10-tiden p\u00e5 s\u00f6ndagsf\u00f6rmiddagen vilket inneb\u00e4r att Greenpeace stoppade tillf\u00f6rseln av r\u00e5olja till Preem under 62 timmar.<\/p>\n\n<p>&#8211; Greenpeace kampanj f\u00f6r att stoppa Preemraff forts\u00e4tter. En utbyggnad av Preems oljeraffinaderi skulle inneb\u00e4ra enorma utsl\u00e4pps\u00f6kningar, en os\u00e4ker framtid f\u00f6r Lysekil och f\u00f6rhindra Sverige fr\u00e5n att uppn\u00e5 v\u00e5ra klimat- och milj\u00f6m\u00e5l samt v\u00e5ra \u00e5taganden under Parisavtalet. Preems ans\u00f6kan om att f\u00e5 satsa 15 miljarder p\u00e5 fortsatt fossilproduktion \u00e4r totalt verklighetsfr\u00e5nv\u00e4nd, s\u00e4ger&nbsp;<strong>Isadora Wronski<\/strong>.<br><br>Rainbow Warrior kommer att ligga kvar f\u00f6r ankar utanf\u00f6r Brofjorden under natten och sedan segla vidare till Tyskland f\u00f6r bes\u00e4ttningsbyte.<\/p>\n\n<p><strong><br>\u00d6vrigt:<\/strong><\/p>\n\n<p><a href=\"https:\/\/media.greenpeace.org\/collection\/27MDHUDE9J2\">Foto och videomaterial publiceras h\u00e4r<\/a>.<\/p>\n\n<p>Tidigare pressmeddelanden om Rainbow Warriors fredliga blockad vid Preemraff&nbsp;<a href=\"https:\/\/www.greenpeace.org\/sweden\/pressmeddelanden\/12457\/rainbow-warrior-stoppar-oljetanker-blockerar-inloppet-till-preemraff-i-lysekil\/\">1<\/a>,&nbsp;<a href=\"https:\/\/www.greenpeace.org\/sweden\/pressmeddelanden\/12467\/rainbow-warrior-fortsatter-blockaden-av-preemraff-i-lysekil\/\">2<\/a>,&nbsp;<a href=\"https:\/\/www.greenpeace.org\/sweden\/pressmeddelanden\/12488\/sjofartsverket-avlyser-all-trafik-vid-preemraff-rainbow-warrior-stannar\/\">3<\/a>&nbsp;och&nbsp;<a href=\"https:\/\/www.greenpeace.org\/sweden\/pressmeddelanden\/12492\/aktivister-blockerar-raoljehamnen-inne-pa-preemraff-i-lysekil\/?_thumbnail_id=12493\">4<\/a>.<\/p>\n\n<p>En mediabriefing med fakta om Preems planerade expansion finns&nbsp;<a href=\"https:\/\/www.greenpeace.org\/static\/planet4-sweden-stateless\/2020\/09\/643a4244-briefing_parisorpreem_200903_3.pdf\">h\u00e4r.<br><br><\/a>Aktionen f\u00f6ljer p\u00e5 den bredare milj\u00f6r\u00f6relsen och N\u00e4tverket Stoppa Preemraffs &#8221;<a href=\"https:\/\/stoppapreemraff.org\/aktionsveckor\">aktionsveckor<\/a>&#8221; mot Preems planer att expandera oljeraffinaderi i Lysekil. Rainbow Warrior deltog \u00e4ven i den 5:e september i klimatmanifestationen&nbsp;<a href=\"https:\/\/www.greenpeace.org\/sweden\/pressmeddelanden\/12344\/rainbow-warrior-och-ett-40-tal-segelbatar-mot-expansionen-av-preemraff-i-lysekil\/\">\u201cSegla f\u00f6r Klimatet\u201d<\/a>.<\/p>\n\n<p>Greenpeace uppm\u00e4rksammade i v\u00e5ras att Preems reklam inneh\u00f6ll omfattande Greenwashing som br\u00f6t flera marknadsf\u00f6ringslagar och l\u00e4mnade d\u00e4rf\u00f6r in ett klagom\u00e5l till Konsumentverket som har \u00f6ppnat<a href=\"https:\/\/www.greenpeace.org\/sweden\/pressmeddelanden\/11878\/efter-greenpeace-granskning-konsumentverket-oppnar-arende-mot-preem\/\">&nbsp;ett tillsyns\u00e4rende mot Preem<\/a>.<br><br><strong>Kontakt:<\/strong><\/p>\n\n<p><strong>Ludvig Tillman<\/strong>, kommunikationsansvarig<br>070-271 64 37<\/p>\n\n<p><strong>Isadora Wronski<\/strong>, chef f\u00f6r Greenpeace i Sverige<br>070-301 25 34<\/p>\n\n<p><strong>Markus Mattisson<\/strong>, kommunikationsansvarig (ombord p\u00e5 Rainbow Warrior)<br>070-397 66 72<\/p>\n","protected":false},"excerpt":{"rendered":"<p>Efter att ha stoppat transporten av r\u00e5olja in till Preems raffinaderi under 62 timmar avslutas nu blockaden av Preemraff men protesterna mot Preems expansionsplaner forts\u00e4tter. <\/p>\n","protected":false},"author":34,"featured_media":12503,"comment_status":"closed","ping_status":"open","sticky":false,"template":"","format":"standard","meta":{"ep_exclude_from_search":false,"p4_og_title":"","p4_og_description":"","p4_og_image":"","p4_og_image_id":"","p4_seo_canonical_url":"","p4_campaign_name":"not set","p4_local_project":"not set","p4_basket_name":"not set","p4_department":"","footnotes":""},"categories":[45,2],"tags":[24,49,23,25,31,21],"p4-page-type":[14],"class_list":["post-12501","post","type-post","status-publish","format-standard","has-post-thumbnail","hentry","category-energi","category-klimat","tag-fossilenergi","tag-olja","tag-globaluppvarmning","tag-hallbarenergi","tag-aktivism","tag-greenpeaceskepp","p4-page-type-pressmeddelanden"],"_links":{"self":[{"href":"https:\/\/www.greenpeace.org\/sweden\/wp-json\/wp\/v2\/posts\/12501","targetHints":{"allow":["GET"]}}],"collection":[{"href":"https:\/\/www.greenpeace.org\/sweden\/wp-json\/wp\/v2\/posts"}],"about":[{"href":"https:\/\/www.greenpeace.org\/sweden\/wp-json\/wp\/v2\/types\/post"}],"author":[{"embeddable":true,"href":"https:\/\/www.greenpeace.org\/sweden\/wp-json\/wp\/v2\/users\/34"}],"replies":[{"embeddable":true,"href":"https:\/\/www.greenpeace.org\/sweden\/wp-json\/wp\/v2\/comments?post=12501"}],"version-history":[{"count":5,"href":"https:\/\/www.greenpeace.org\/sweden\/wp-json\/wp\/v2\/posts\/12501\/revisions"}],"predecessor-version":[{"id":51241,"href":"https:\/\/www.greenpeace.org\/sweden\/wp-json\/wp\/v2\/posts\/12501\/revisions\/51241"}],"wp:featuredmedia":[{"embeddable":true,"href":"https:\/\/www.greenpeace.org\/sweden\/wp-json\/wp\/v2\/media\/12503"}],"wp:attachment":[{"href":"https:\/\/www.greenpeace.org\/sweden\/wp-json\/wp\/v2\/media?parent=12501"}],"wp:term":[{"taxonomy":"category","embeddable":true,"href":"https:\/\/www.greenpeace.org\/sweden\/wp-json\/wp\/v2\/categories?post=12501"},{"taxonomy":"post_tag","embeddable":true,"href":"https:\/\/www.greenpeace.org\/sweden\/wp-json\/wp\/v2\/tags?post=12501"},{"taxonomy":"p4-page-type","embeddable":true,"href":"https:\/\/www.greenpeace.org\/sweden\/wp-json\/wp\/v2\/p4-page-type?post=12501"}],"curies":[{"name":"wp","href":"https:\/\/api.w.org\/{rel}","templated":true}]}}