{"id":12532,"date":"2020-09-16T13:36:13","date_gmt":"2020-09-16T12:36:13","guid":{"rendered":"https:\/\/www.greenpeace.org\/sweden\/?p=12532"},"modified":"2023-02-17T13:06:08","modified_gmt":"2023-02-17T12:06:08","slug":"branderna-i-amazonas-och-pantanal-slar-nya-rekord-i-september","status":"publish","type":"post","link":"https:\/\/www.greenpeace.org\/sweden\/artiklar\/skog\/branderna-i-amazonas-och-pantanal-slar-nya-rekord-i-september\/","title":{"rendered":"Br\u00e4nderna i Amazonas och Pantanal sl\u00e5r nya rekord"},"content":{"rendered":"\n<figure class=\"wp-block-image size-large caption-style-blue-overlay caption-alignment-center\"><img loading=\"lazy\" decoding=\"async\" width=\"800\" height=\"534\" src=\"https:\/\/www.greenpeace.org\/static\/planet4-sweden-stateless\/2020\/09\/c4d5c52b-gp0stupvj_web_size-1.jpg\" alt=\"\" class=\"wp-image-12533\" srcset=\"https:\/\/www.greenpeace.org\/static\/planet4-sweden-stateless\/2020\/09\/c4d5c52b-gp0stupvj_web_size-1.jpg 800w, https:\/\/www.greenpeace.org\/static\/planet4-sweden-stateless\/2020\/09\/c4d5c52b-gp0stupvj_web_size-1-300x200.jpg 300w, https:\/\/www.greenpeace.org\/static\/planet4-sweden-stateless\/2020\/09\/c4d5c52b-gp0stupvj_web_size-1-768x513.jpg 768w, https:\/\/www.greenpeace.org\/static\/planet4-sweden-stateless\/2020\/09\/c4d5c52b-gp0stupvj_web_size-1-510x340.jpg 510w\" sizes=\"auto, (max-width: 800px) 100vw, 800px\" \/><figcaption class=\"wp-element-caption\">Amazonas, augusti 2020. Foto: Christian Braga \/ Greenpeace<\/figcaption><\/figure>\n\n<h2 class=\"wp-block-heading\"><em>Trots ett brandf\u00f6rbud sl\u00e5r antalet skogsbr\u00e4nder hittills i Amazonas ett tio\u00e5rigt rekord under septembers f\u00f6rsta tv\u00e5 veckor. Och i v\u00e4rldens st\u00f6rsta v\u00e5tmarksomr\u00e5de, Pantanal, har det inte brunnit s\u00e5 h\u00e4r mycket sedan 1998.<\/em><\/h2>\n\n<p>Under de tv\u00e5 f\u00f6rsta veckorna i september har antalet br\u00e4nder i Amazonas och Pantanal redan n\u00e5tt nya rekordniv\u00e5er trots den brasilianska regeringens brandf\u00f6rbud som tr\u00e4dde i kraft 16 juli. <strong>Enligt Brasiliens rymdforskningsinstitut, INPE, har 20 486 skogsbr\u00e4nder registrerats i Amazonas, en \u00f6kning med 86% j\u00e4mf\u00f6rt med samma period f\u00f6rra \u00e5ret och det h\u00f6gsta antalet br\u00e4nder p\u00e5 ett decennium. <\/strong>Hittills i \u00e5r har 64 498 skogsbr\u00e4nder registrerats i v\u00e4rldens st\u00f6rsta regnskog, en \u00f6kning med 11,54% j\u00e4mf\u00f6rt med katastrof\u00e5ret 2019.&nbsp;<\/p>\n\n<p>I Pantanal, v\u00e4rldens st\u00f6rsta v\u00e5tmarksomr\u00e5de, har 5 300 skogsbr\u00e4nder registrerats mellan 1 och 14 september, en \u00f6kning med hela 219% j\u00e4mf\u00f6rt med samma period f\u00f6rra \u00e5ret.<strong> I slutet av augusti hade hela 12% av detta k\u00e4nsliga ekosystem f\u00f6rst\u00f6rts samtidigt som tusentals djur har d\u00f6tt och miljontals tvingats p\u00e5 flykt fr\u00e5n sina naturliga livsmilj\u00f6er.<\/strong> <a href=\"https:\/\/www.greenpeace.org\/sweden\/bakgrund\/12443\/branderna-i-amazonas-far-katastrofala-konsekvenser-for-narliggande-ekosystem-och-for-hela-planeten\/\">Som vi har skrivit om tidigare<\/a> \u00e4r Pantanal k\u00e4nt f\u00f6r sin artrikedom av vilda djur och \u00e4r bland annat hem \u00e5t hundratals f\u00e5gelarter s\u00e5 som den s\u00e4llsynta hyacintaran, v\u00e4rldens st\u00f6rsta papegoja, och andra hotade djur som jaguarer, manvargar och j\u00e4ttemyrslokar.&nbsp;<\/p>\n\n<figure class=\"wp-block-image size-large caption-style-blue-overlay caption-alignment-center\"><img loading=\"lazy\" decoding=\"async\" width=\"800\" height=\"533\" src=\"https:\/\/www.greenpeace.org\/static\/planet4-sweden-stateless\/2020\/09\/5cac92c7-gp0sttcrd_web_size.jpg\" alt=\"\" class=\"wp-image-12534\" srcset=\"https:\/\/www.greenpeace.org\/static\/planet4-sweden-stateless\/2020\/09\/5cac92c7-gp0sttcrd_web_size.jpg 800w, https:\/\/www.greenpeace.org\/static\/planet4-sweden-stateless\/2020\/09\/5cac92c7-gp0sttcrd_web_size-300x200.jpg 300w, https:\/\/www.greenpeace.org\/static\/planet4-sweden-stateless\/2020\/09\/5cac92c7-gp0sttcrd_web_size-768x512.jpg 768w, https:\/\/www.greenpeace.org\/static\/planet4-sweden-stateless\/2020\/09\/5cac92c7-gp0sttcrd_web_size-510x340.jpg 510w\" sizes=\"auto, (max-width: 800px) 100vw, 800px\" \/><figcaption class=\"wp-element-caption\">J\u00e4ttemyrslok, Matto Grosso i Brasilien. Foto: Victor Moriyama <\/figcaption><\/figure>\n\n<p>\u201cBrasilien brinner och brands\u00e4songen i Amazonas 2020 ser ut att bli den v\u00e4rsta p\u00e5 ett decennium. Den h\u00e4r f\u00f6rst\u00f6relsen \u00e4r en konsekvens av president Bolsonaros milj\u00f6farliga agenda som har fortsatt nedmonterat milj\u00f6skyddet i Brasilien sedan han kom till makten. <strong>Hans regering forts\u00e4tter att f\u00f6rneka forskning och uppmuntrar angrepp p\u00e5 ekosystem som \u00e4r livsviktiga f\u00f6r v\u00e5r \u00f6verlevnad p\u00e5 den h\u00e4r planeten\u201d<\/strong>, s\u00e4ger R\u00f4mulo Batista p\u00e5 Greenpeace Brasilien.<\/p>\n\n<p>\u201cBolsonaros h\u00e4nsynsl\u00f6sa \u00e5tg\u00e4rder f\u00e5r verkligen katastrofala konsekvenser. <strong>Medan brandm\u00e4n, milit\u00e4r och frivilliga riskerar sina liv f\u00f6r att sl\u00e4cka dessa f\u00f6r\u00f6dande br\u00e4nder, skrattar Bolosonaro \u00e5t katastrofen som sker i Pantanal och ger de som arbetar f\u00f6r att skydda b\u00e5de Amazonas och planetens h\u00e4lsa en d\u00f6dsdom. <\/strong>Globala politiska ledare och n\u00e4ringslivsledare m\u00e5ste omedelbart f\u00f6rd\u00f6ma hans uppmaning till v\u00e5ld och kr\u00e4va ett slut p\u00e5 den h\u00e4r f\u00f6r\u00f6delsen\u201d, forts\u00e4tter Batista.&nbsp;<\/p>\n\n<p><strong>Cerradon, v\u00e4rldens mest artrika savann, brinner ocks\u00e5.<\/strong> Enligt INPE registrerades 13 619 skogsbr\u00e4nder under septembers samma tid, en \u00f6kning med 9,2% j\u00e4mf\u00f6rt med samma period f\u00f6rra \u00e5ret. Enbart i \u00e5r har hittills 37 824 br\u00e4nder registrerats i detta ekosystem och det finns inga \u00e5tg\u00e4rder fr\u00e5n regeringen att stoppa den h\u00e4r v\u00e4xande milj\u00f6katastrofen.<\/p>\n\n<p><strong>Br\u00e4nderna i Amazonas, i Pantana och st\u00f6rre delen av Cerradon \u00e4r inte naturliga. <\/strong><a href=\"https:\/\/www.greenpeace.org\/sweden\/bakgrund\/3660\/darfor-brinner-amazonas\/\">De startas till st\u00f6rsta delen illegalt <\/a>av jordbrukare och skogsavverkare f\u00f6r att fril\u00e4gga mark f\u00f6r jordbruk och boskapssk\u00f6tsel. <a href=\"https:\/\/www.greenpeace.org\/sweden\/bakgrund\/12519\/varfor-ar-det-sa-viktigt-att-vi-raddar-amazonas-5-vanliga-fragor-och-svar\/\">Som vi tidigare har skrivit om<\/a> s\u00e5 f\u00e5r f\u00f6rst\u00f6relsen av Amazonas konsekvenser f\u00f6r hela planeten: f\u00f6r klimatet, f\u00f6r biologisk m\u00e5ngfald och f\u00f6r m\u00e4nniskors h\u00e4lsa. <strong>I skuggan av coronapandemin h\u00f6r vi inte lika mycket om milj\u00f6katastroferna i Brasilien i nyhetsrapporteringen nu. Men vi f\u00e5r inte tappa fokus nu n\u00e4r Amazonas och de som har sina hem d\u00e4r beh\u00f6ver v\u00e5ra r\u00f6ster som mest. <\/strong>St\u00e5 upp med oss f\u00f6r Amazonas &#8211; skriv p\u00e5 <a href=\"https:\/\/www.greenpeace.org\/sweden\/skydda-amazonas\/\" data-type=\"URL\"><strong>h\u00e4r<\/strong><\/a><strong>.<\/strong><\/p>\n","protected":false},"excerpt":{"rendered":"<p>Under de tv\u00e5 f\u00f6rsta veckorna i september har antalet br\u00e4nder i Amazonas och Pantanal redan n\u00e5tt nya rekordniv\u00e5er.<\/p>\n","protected":false},"author":36,"featured_media":12533,"comment_status":"closed","ping_status":"open","sticky":false,"template":"","format":"standard","meta":{"ep_exclude_from_search":false,"p4_og_title":"","p4_og_description":"","p4_og_image":"","p4_og_image_id":"","p4_seo_canonical_url":"","p4_campaign_name":"not set","p4_local_project":"not set","p4_basket_name":"not set","p4_department":"","footnotes":""},"categories":[22],"tags":[47],"p4-page-type":[16],"class_list":["post-12532","post","type-post","status-publish","format-standard","has-post-thumbnail","hentry","category-skog","tag-regnskog","p4-page-type-artiklar"],"_links":{"self":[{"href":"https:\/\/www.greenpeace.org\/sweden\/wp-json\/wp\/v2\/posts\/12532","targetHints":{"allow":["GET"]}}],"collection":[{"href":"https:\/\/www.greenpeace.org\/sweden\/wp-json\/wp\/v2\/posts"}],"about":[{"href":"https:\/\/www.greenpeace.org\/sweden\/wp-json\/wp\/v2\/types\/post"}],"author":[{"embeddable":true,"href":"https:\/\/www.greenpeace.org\/sweden\/wp-json\/wp\/v2\/users\/36"}],"replies":[{"embeddable":true,"href":"https:\/\/www.greenpeace.org\/sweden\/wp-json\/wp\/v2\/comments?post=12532"}],"version-history":[{"count":6,"href":"https:\/\/www.greenpeace.org\/sweden\/wp-json\/wp\/v2\/posts\/12532\/revisions"}],"predecessor-version":[{"id":54573,"href":"https:\/\/www.greenpeace.org\/sweden\/wp-json\/wp\/v2\/posts\/12532\/revisions\/54573"}],"wp:featuredmedia":[{"embeddable":true,"href":"https:\/\/www.greenpeace.org\/sweden\/wp-json\/wp\/v2\/media\/12533"}],"wp:attachment":[{"href":"https:\/\/www.greenpeace.org\/sweden\/wp-json\/wp\/v2\/media?parent=12532"}],"wp:term":[{"taxonomy":"category","embeddable":true,"href":"https:\/\/www.greenpeace.org\/sweden\/wp-json\/wp\/v2\/categories?post=12532"},{"taxonomy":"post_tag","embeddable":true,"href":"https:\/\/www.greenpeace.org\/sweden\/wp-json\/wp\/v2\/tags?post=12532"},{"taxonomy":"p4-page-type","embeddable":true,"href":"https:\/\/www.greenpeace.org\/sweden\/wp-json\/wp\/v2\/p4-page-type?post=12532"}],"curies":[{"name":"wp","href":"https:\/\/api.w.org\/{rel}","templated":true}]}}