{"id":12564,"date":"2020-09-22T08:41:37","date_gmt":"2020-09-22T07:41:37","guid":{"rendered":"https:\/\/www.greenpeace.org\/sweden\/?p=12564"},"modified":"2023-02-17T13:04:05","modified_gmt":"2023-02-17T12:04:05","slug":"varldens-storsta-vatmark-brinner-djurlivet-hart-drabbat","status":"publish","type":"post","link":"https:\/\/www.greenpeace.org\/sweden\/artiklar\/skog\/varldens-storsta-vatmark-brinner-djurlivet-hart-drabbat\/","title":{"rendered":"V\u00e4rldens st\u00f6rsta v\u00e5tmark brinner &#8211; djurlivet h\u00e5rdast drabbat"},"content":{"rendered":"\n<figure class=\"wp-block-image size-large caption-style-blue-overlay caption-alignment-center\"><img loading=\"lazy\" decoding=\"async\" width=\"800\" height=\"514\" src=\"https:\/\/www.greenpeace.org\/static\/planet4-sweden-stateless\/2020\/09\/b3e0e60a-gp013fl_web_size.jpg\" alt=\"\" class=\"wp-image-12566\" srcset=\"https:\/\/www.greenpeace.org\/static\/planet4-sweden-stateless\/2020\/09\/b3e0e60a-gp013fl_web_size.jpg 800w, https:\/\/www.greenpeace.org\/static\/planet4-sweden-stateless\/2020\/09\/b3e0e60a-gp013fl_web_size-300x193.jpg 300w, https:\/\/www.greenpeace.org\/static\/planet4-sweden-stateless\/2020\/09\/b3e0e60a-gp013fl_web_size-768x493.jpg 768w, https:\/\/www.greenpeace.org\/static\/planet4-sweden-stateless\/2020\/09\/b3e0e60a-gp013fl_web_size-510x328.jpg 510w\" sizes=\"auto, (max-width: 800px) 100vw, 800px\" \/><figcaption class=\"wp-element-caption\">Jaguar, Pantenal. Foto: John Novis \/ Greenpeace<\/figcaption><\/figure>\n\n<p><em>Det \u00e4r inte bara Amazonas som brinner i Brasilien nu.<\/em><strong><em> Br\u00e4nderna i v\u00e4rldens st\u00f6rsta v\u00e5tmark, Pantanal, har \u00f6kat med \u00f6ver <\/em><\/strong><a href=\"https:\/\/www.greenpeace.org\/sweden\/bakgrund\/12532\/branderna-i-amazonas-och-pantanal-slar-nya-rekord-i-september\/\"><strong><em>200% j\u00e4mf\u00f6rt med samma period f\u00f6rra \u00e5ret.<\/em><\/strong><\/a><strong><em> <\/em><\/strong><em>Br\u00e4nderna har hittills f\u00f6rst\u00f6rt 25 000 kvadratkilometer, <\/em><a href=\"https:\/\/www.cbc.ca\/news\/world\/brazil-fires-threaten-pantanal-1.5728682\"><em>en yta fyra g\u00e5nger st\u00f6rre \u00e4n br\u00e4nderna som h\u00e4rjat i Kalifornien i \u00e5r<\/em><\/a><em>.<\/em><strong><em> I slutet av augusti kunde man konstatera att mer \u00e4n en tiondel av Pantanal har f\u00f6rst\u00f6rts med katastrofala konsekvenser f\u00f6r detta k\u00e4nsliga ekosystem, och det \u00e4r djuren som drabbas h\u00e5rdast.<\/em><\/strong><\/p>\n\n<p><strong><a href=\"https:\/\/widerimage.reuters.com\/story\/in-brazil-its-not-just-the-amazon-thats-burning-the-worlds-largest-wetland-is-on-fire-too\">Inga m\u00e4nniskor har \u00e4nnu d\u00f6tt<\/a> i men br\u00e4nderna har f\u00e5tt katastrofala konsekvenser f\u00f6r detta k\u00e4nsliga ekosystem och det \u00e4r djuren som drabbas h\u00e5rdast. <\/strong>Bilderna vi nu f\u00e5r fr\u00e5n Pantanal \u00e4r fruktansv\u00e4rda. Jaguarer som vandrar omkring i den br\u00e4nda \u00f6demarken och letar efter f\u00f6da och vatten, tydligt uthungrade och uttorkade. Deras tassar br\u00e4nns ner till skelettet och lungorna blir kolsvarta av brandr\u00f6k. D\u00f6da kajmaner d\u00e4r deras k\u00e4kar har fastnat \u00f6ppna som i tystnade skrik, en sista desperat handling f\u00f6r att kyla ner sig innan de slukades av eldens l\u00e5gor. Tomma, s\u00f6nderbr\u00e4nda sk\u00f6ldpaddsskal. D\u00f6da ormar som har bitit av sitt eget k\u00f6tt, <a href=\"https:\/\/www.independent.co.uk\/environment\/brazil-pantanal-jaguars-wildfire-jungle-wetlands-climate-change-b438609.html\">biologer s\u00e4ger att detta \u00e4r en ofrivillig reaktion i ett f\u00f6rs\u00f6k att fly fr\u00e5n sm\u00e4rtan av att bli br\u00e4nd levande.<\/a><\/p>\n\n<figure class=\"wp-block-image size-large caption-style-blue-overlay caption-alignment-center\"><img loading=\"lazy\" decoding=\"async\" width=\"800\" height=\"450\" src=\"https:\/\/www.greenpeace.org\/static\/planet4-sweden-stateless\/2020\/09\/10b3cdf9-gp04unc_web_size.jpg\" alt=\"\" class=\"wp-image-12567\" srcset=\"https:\/\/www.greenpeace.org\/static\/planet4-sweden-stateless\/2020\/09\/10b3cdf9-gp04unc_web_size.jpg 800w, https:\/\/www.greenpeace.org\/static\/planet4-sweden-stateless\/2020\/09\/10b3cdf9-gp04unc_web_size-300x169.jpg 300w, https:\/\/www.greenpeace.org\/static\/planet4-sweden-stateless\/2020\/09\/10b3cdf9-gp04unc_web_size-768x432.jpg 768w, https:\/\/www.greenpeace.org\/static\/planet4-sweden-stateless\/2020\/09\/10b3cdf9-gp04unc_web_size-510x287.jpg 510w\" sizes=\"auto, (max-width: 800px) 100vw, 800px\" \/><figcaption class=\"wp-element-caption\">N\u00e4rbild p\u00e5 Pantanalkajman. Foto: Markus Mauthe \/ Greenpeace<\/figcaption><\/figure>\n\n<p><a href=\"https:\/\/www.svt.se\/nyheter\/utrikes\/nar-varldens-storsta-vatmark-star-i-lagor\">Det \u00e4r sv\u00e5rt att uppskatta <\/a>hur m\u00e5nga djur som d\u00f6tt till f\u00f6ljd av br\u00e4nderna i Pantanal hittills, s\u00e4ger WWF:s regnskogsexpert Olle Forshed i en intervju i SVT. Det man kan g\u00f6ra \u00e4r att titta p\u00e5 hur det sett ut vid tidigare br\u00e4nder. I Australien uppskattar man att runt tre miljarder djur dog till f\u00f6ljd av br\u00e4nderna som h\u00e4rjade i b\u00f6rjan p\u00e5 2020. Panthera, en internationell organisation f\u00f6r skydd av stora katter, r\u00e4knar med att <a href=\"https:\/\/apnews.com\/949544b4f28905869bd77392c640a7ea\">ungef\u00e4r 200 jaguarer <\/a>redan d\u00f6tt, skadats allvarligt eller tvingats p\u00e5 flykt till f\u00f6ljd av br\u00e4nderna. <strong>Och br\u00e4nderna f\u00e5r inte bara f\u00f6r\u00f6dande konsekvenser f\u00f6r djuren, <\/strong><a href=\"https:\/\/www.telegraph.co.uk\/travel\/destinations\/south-america\/brazil\/articles\/pantanal-environmental-disaster\/\"><strong>de hotar \u00e4ven initiativen till h\u00e5llbar ekoturism <\/strong><\/a><strong>som \u00e4r livsviktiga f\u00f6r att st\u00f6dja ekosystemet och dess djurliv.&nbsp;<\/strong><\/p>\n\n<p>Gensvaret p\u00e5 br\u00e4nderna fr\u00e5n regeringen och president Jair Bolsonaro har inte helt ov\u00e4ntat varit lamt och undfallande.<strong> F\u00f6rra veckan gjorde Bolsonaro <\/strong><a href=\"https:\/\/www.bbc.com\/news\/in-pictures-54189503\"><strong>ett uttalande <\/strong><\/a><strong>d\u00e4r han sa att kritiken mot hans regering f\u00f6r br\u00e4nderna i Pantanal och Amazonas har varit \u201coproportionerlig\u201d. <\/strong>Presidenten, som gick till val p\u00e5 l\u00f6ften att ut\u00f6ka exploateringen av Amazonas, <a href=\"https:\/\/www.sciencemag.org\/news\/2019\/08\/brazilian-institute-head-fired-after-clashing-nation-s-president-over-deforestation\">sparkade f\u00f6rra \u00e5ret<\/a> chefen f\u00f6r Brasiliens rymdforskningsinstitut (INPE) efter att man sl\u00e4ppt data som visade p\u00e5 en tydlig \u00f6kning av avskogning sedan Bolsonaro tilltr\u00e4dde.&nbsp;<\/p>\n\n<p><strong>F\u00f6r sju \u00e5r sen var jag sj\u00e4lv p\u00e5 plats i Paran\u00e1 i Brasilien f\u00f6r att volont\u00e4rarbeta p\u00e5 en fristad f\u00f6r jaguarer. <\/strong>Det var en fantastisk upplevelse att se dessa vackra, majest\u00e4tiska kattdjur p\u00e5 plats i sin naturliga milj\u00f6. P\u00e5 expeditioner i omr\u00e5det fick jag se capybaras, kajmaner, tukaner, olika arter av apor, j\u00e4ttemyrslokar, papegojor och m\u00e5nga andra djur. F\u00f6r en djurv\u00e4n som jag var det verkligen en stor ynnest att f\u00e5 befinna sig p\u00e5 en plats med ett s\u00e5 myllrande djurliv. <strong>Det \u00e4r obeskrivligt sorgligt att t\u00e4nka p\u00e5 den p\u00e5g\u00e5ende katastrofen som nu utspelar sig i Pantanal och Amazonas och alla djur som k\u00e4mpar f\u00f6r sina liv.&nbsp;<\/strong><\/p>\n\n<p><strong>Under senaste tre \u00e5ren har jag arbetat p\u00e5 Greenpeace och \u00e4nnu n\u00e4rmare kunnat f\u00f6lja organisationens arbete f\u00f6r skogar, hav, klimat, biologisk m\u00e5ngfald bland mycket annat<\/strong>. F\u00f6r mig personligen klappar hj\u00e4rtat lite extra f\u00f6r v\u00e4rldens skogar och dess djurliv, och s\u00e4rskilt f\u00f6r Amazonas som jag under senaste \u00e5ret har f\u00e5tt bevaka och arbeta mer direkt med \u00e4n tidigare. F\u00f6rra \u00e5ret, n\u00e4r br\u00e4nderna i Amazonas var toppnyhet, runt om i v\u00e4rlden s\u00e5 kunde Greenpeace i Norden samla in \u00f6ver 6 miljoner kronor under ett par veckor. <a href=\"https:\/\/www.greenpeace.org\/sweden\/bakgrund\/4012\/det-har-har-greenpeace-gjort-for-amazonas\/\"><strong>Med st\u00f6det av v\u00e5ra fantastiska givare <\/strong><\/a><strong>kunde vi bland annat dokumentera och sprida information om br\u00e4nderna och sl\u00e5 h\u00e5l p\u00e5 Bolsonaros l\u00f6gner och \u00e4ven lansera globala kampanjer f\u00f6r att agera mot snabbmatskedjor f\u00f6r att f\u00e5 dem att sluta anv\u00e4nda produkter som bidrar till skogssk\u00f6vlingen i Brasilien.&nbsp;<\/strong><\/p>\n\n<p><a href=\"https:\/\/www.svd.se\/branderna-kan-gora-amazonas-till-savann\/i\/utvalt\/om\/amazonas\">I \u00e5r rapporteras det globalt inte lika mycket<\/a> om br\u00e4nderna i Amazonas och Pantanal trots att l\u00e4get \u00e4r \u00e4nnu v\u00e4rre. Kanske \u00e4r medierna f\u00f6r distraherade av coronapandemin, av f\u00f6rst\u00e5eliga sk\u00e4l. Kanske har m\u00e5nga vant sig och ser br\u00e4nderna som \u201cold news\u201d. <strong>Men vi f\u00e5r inte se detta som ett nytt normall\u00e4ge. Det h\u00e4r h\u00e4r f\u00e5r inte vara normall\u00e4ge &#8211; det h\u00e4r \u00e4r krisl\u00e4ge!<\/strong> <strong>P\u00e5 grund av den akuta n\u00f6dsituation som r\u00e5der i Pantanal nu, har ett n\u00e4tverk f\u00f6r st\u00f6d och solidaritet bildats f\u00f6r att garantera n\u00f6dv\u00e4ndiga resurser f\u00f6r brandbek\u00e4mpning, f\u00f6r att r\u00e4dda djur p\u00e5 plats och f\u00f6r st\u00f6d till veterin\u00e4rv\u00e5rd f\u00f6r skadade djur.<\/strong> <strong>Greenpeace bidrar med ekonomiskt st\u00f6d och k\u00f6per in material till organisationer som arbetar p\u00e5 plats i Pantanal.<\/strong><\/p>\n\n<p><strong>Djuren som lider och d\u00f6r i Amazonas och Pantanal har inga r\u00f6ster. <\/strong>De \u00e4r helt utl\u00e4mnade till v\u00e5r v\u00e4lvilja; till veterin\u00e4rerna och biologerna p\u00e5 plats som r\u00e4ddar och rehabiliterar djuren, men \u00e4ven till organisationer som Greenpeace som arbetar f\u00f6r att skydda ekosystem och biologisk m\u00e5ngfald v\u00e4rlden \u00f6ver. Vi vet att skogsbr\u00e4nderna som nu rasar \u00f6ver hela v\u00e4rlden f\u00f6rv\u00e4rras av klimatkrisen. Vi har smittat v\u00e5rt hem och gett planeten feber. <strong>Men n\u00e4r tillr\u00e4ckligt m\u00e5nga m\u00e4nniskor engagerar sig och k\u00e4mpar tillsammans kan vi f\u00e5 igenom verkliga f\u00f6r\u00e4ndringar, det har historien visat oss g\u00e5ng p\u00e5 g\u00e5ng<\/strong><\/p>\n\n<p>\u00c5sa Ingves<\/p>\n\n<p>Greenpeace i Sverige<\/p>\n\n<figure class=\"wp-block-image size-large caption-style-blue-overlay caption-alignment-center\"><img loading=\"lazy\" decoding=\"async\" width=\"480\" height=\"480\" src=\"https:\/\/www.greenpeace.org\/static\/planet4-sweden-stateless\/2020\/09\/a30387fa-amazonfires.png\" alt=\"\" class=\"wp-image-12568\" srcset=\"https:\/\/www.greenpeace.org\/static\/planet4-sweden-stateless\/2020\/09\/a30387fa-amazonfires.png 480w, https:\/\/www.greenpeace.org\/static\/planet4-sweden-stateless\/2020\/09\/a30387fa-amazonfires-300x300.png 300w, https:\/\/www.greenpeace.org\/static\/planet4-sweden-stateless\/2020\/09\/a30387fa-amazonfires-150x150.png 150w, https:\/\/www.greenpeace.org\/static\/planet4-sweden-stateless\/2020\/09\/a30387fa-amazonfires-340x340.png 340w\" sizes=\"auto, (max-width: 480px) 100vw, 480px\" \/><\/figure>\n","protected":false},"excerpt":{"rendered":"<p>Br\u00e4nderna i v\u00e4rldens st\u00f6rsta v\u00e5tmark, Pantanal, har \u00f6kat med \u00f6ver 200% j\u00e4mf\u00f6rt med samma period f\u00f6rra \u00e5ret. Br\u00e4nderna har hittills f\u00f6rst\u00f6rt 25 000 kvadratkilometer, en yta fyra g\u00e5nger st\u00f6rre \u00e4n br\u00e4nderna som h\u00e4rjat i Kalifornien i \u00e5r. I slutet av augusti kunde man konstatera att mer \u00e4n en tiondel av Pantanal har f\u00f6rst\u00f6rts med katastrofala konsekvenser f\u00f6r detta k\u00e4nsliga ekosystem, och det \u00e4r djuren som drabbas h\u00e5rdast.<\/p>\n","protected":false},"author":36,"featured_media":12566,"comment_status":"open","ping_status":"open","sticky":false,"template":"","format":"standard","meta":{"ep_exclude_from_search":false,"p4_og_title":"","p4_og_description":"","p4_og_image":"","p4_og_image_id":"","p4_seo_canonical_url":"","p4_campaign_name":"not set","p4_local_project":"not set","p4_basket_name":"not set","p4_department":"","footnotes":""},"categories":[22],"tags":[40,61,47],"p4-page-type":[16],"class_list":["post-12564","post","type-post","status-publish","format-standard","has-post-thumbnail","hentry","category-skog","tag-biodiversitet","tag-djur","tag-regnskog","p4-page-type-artiklar"],"_links":{"self":[{"href":"https:\/\/www.greenpeace.org\/sweden\/wp-json\/wp\/v2\/posts\/12564","targetHints":{"allow":["GET"]}}],"collection":[{"href":"https:\/\/www.greenpeace.org\/sweden\/wp-json\/wp\/v2\/posts"}],"about":[{"href":"https:\/\/www.greenpeace.org\/sweden\/wp-json\/wp\/v2\/types\/post"}],"author":[{"embeddable":true,"href":"https:\/\/www.greenpeace.org\/sweden\/wp-json\/wp\/v2\/users\/36"}],"replies":[{"embeddable":true,"href":"https:\/\/www.greenpeace.org\/sweden\/wp-json\/wp\/v2\/comments?post=12564"}],"version-history":[{"count":6,"href":"https:\/\/www.greenpeace.org\/sweden\/wp-json\/wp\/v2\/posts\/12564\/revisions"}],"predecessor-version":[{"id":54570,"href":"https:\/\/www.greenpeace.org\/sweden\/wp-json\/wp\/v2\/posts\/12564\/revisions\/54570"}],"wp:featuredmedia":[{"embeddable":true,"href":"https:\/\/www.greenpeace.org\/sweden\/wp-json\/wp\/v2\/media\/12566"}],"wp:attachment":[{"href":"https:\/\/www.greenpeace.org\/sweden\/wp-json\/wp\/v2\/media?parent=12564"}],"wp:term":[{"taxonomy":"category","embeddable":true,"href":"https:\/\/www.greenpeace.org\/sweden\/wp-json\/wp\/v2\/categories?post=12564"},{"taxonomy":"post_tag","embeddable":true,"href":"https:\/\/www.greenpeace.org\/sweden\/wp-json\/wp\/v2\/tags?post=12564"},{"taxonomy":"p4-page-type","embeddable":true,"href":"https:\/\/www.greenpeace.org\/sweden\/wp-json\/wp\/v2\/p4-page-type?post=12564"}],"curies":[{"name":"wp","href":"https:\/\/api.w.org\/{rel}","templated":true}]}}