{"id":1329,"date":"2018-03-09T00:00:00","date_gmt":"2018-03-09T00:00:00","guid":{"rendered":"https:\/\/www.greenpeace.org\/sweden\/bakgrund\/1329\/greenpeace-sverige-firar-kvinnodagen-las-mer-om-em\/"},"modified":"2021-12-01T13:40:42","modified_gmt":"2021-12-01T12:40:42","slug":"greenpeace-sverige-firar-kvinnodagen-las-mer-om-em","status":"publish","type":"post","link":"https:\/\/www.greenpeace.org\/sweden\/artiklar\/greenpeace\/greenpeace-sverige-firar-kvinnodagen-las-mer-om-em\/","title":{"rendered":"Greenpeace Sverige firar kvinnodagen &#8211; L\u00e4s mer om Em!"},"content":{"rendered":"<p><img loading=\"lazy\" decoding=\"async\" src=\"https:\/\/www.greenpeace.org\/static\/planet4-sweden-stateless\/2019\/01\/ef16df21-ef16df21-em-article-633x356.jpg\" alt=\"IWD-EM\" width=\"633\" height=\"356\" \/><\/p>\n<p><strong>Titel:<\/strong><br \/>\nAnsvarig f\u00f6r klimatfr\u00e5gor p\u00e5 Greenpeace Sverige och leder v\u00e5rt projekt kring h\u00e5llbara finanser #FlyttaPengarna<\/p>\n<p><strong>Hur l\u00e4nge har du arbetat p\u00e5 Greenpeace?<\/strong><br \/>\nJag b\u00f6rjade p\u00e5 Greenpeace f\u00f6r ungef\u00e4r 4,5 \u00e5r sedan.<\/p>\n<p><strong>Vad g\u00f6r du p\u00e5 Greenpeace?<\/strong><br \/>\nJag driver v\u00e5rt klimatarbete och \u00e4r expert inom klimat och energifr\u00e5gor. <strong>Det \u00f6vergripande m\u00e5let med allt jag g\u00f6r \u00e4r att driva p\u00e5 f\u00f6r att stoppa katastrofala klimatf\u00f6r\u00e4ndringar genom minskade utsl\u00e4pp.<\/strong> Just nu l\u00e4gger jag mest tid p\u00e5 att vara projektledare f\u00f6r v\u00e5rt arbete kring h\u00e5llbara finanser. I projektet fokuserar vi p\u00e5 att bli av med fossila investeringar i AP-fonderna, v\u00e5ra allm\u00e4nna pensionsfonder, eftersom alla personer som n\u00e5gonsin arbetat i Sverige har pengar d\u00e4r. AP-fonderna investerar i 43 av de 100 smutsigaste fossila bolagen i v\u00e4rlden. Vi tycker det \u00e4r dags att statliga svenska pengar ska bli fossilfria nu!Jag leder ett team av fantastiska personer med olika kompetenser inom kampanjande, kommunikation, digitala strategier, engagemang, aktioner och insamling. Mitt dagliga jobb handlar mycket om att f\u00e5 alla delar att st\u00e4rka varandra, f\u00f6r det \u00e4r tillsammans som vi kan skapa en fossilfri framtid!<\/p>\n<p><strong>Varf\u00f6r Greenpeace?<\/strong><br \/>\nJag har nog en hel del att tacka min biologil\u00e4rare fr\u00e5n h\u00f6gstadiet f\u00f6r. P\u00e5 grund av min post som ordf\u00f6rande f\u00f6r skolans milj\u00f6grupp fick jag, f\u00f6rutom uppmuntran och nyckel till biologisalens grupprum, tillg\u00e5ng till Greenpeace-filmer att visa p\u00e5 v\u00e5ra m\u00f6ten. Min biologil\u00e4rares uppmuntran av mitt engagemang har p\u00e5verkat mina livsval och \u00e4ven om m\u00e5len p\u00e5 mina f\u00f6rsta \u201ckampanjer\u201d var lite mer sm\u00e5skaliga \u00e4n de jag driver idag \u00e4r det erfarenheter jag b\u00e4r med mig. Jag minns \u00e4n idag k\u00e4nslan n\u00e4r v\u00e5ra tv\u00e5 stora segrar infriades; en kopiator som kunde skriva p\u00e5 b\u00e4gge sidor och en kompost till l\u00e4rarrummets kaffesump.<\/p>\n<p>N\u00e4r jag m\u00e5nga \u00e5r senare var utbildad civilingenj\u00f6r inom energisystem och hade jobbat flera \u00e5r med l\u00f6sningar p\u00e5 klimatf\u00f6r\u00e4ndringar (inom f\u00f6retag, myndigheter och civilsamh\u00e4llet), d\u00f6k m\u00f6jligheten att jobba p\u00e5 Greenpeace upp. Att Greenpeace \u00e4r en global organisation ger oss styrka. Att organisationen \u00e4r full av modiga m\u00e4nniskor, med hj\u00e4rtat p\u00e5 r\u00e4tt st\u00e4lle, och som \u00e4r villiga att ta till civil olydnad f\u00f6r att f\u00f6r\u00e4ndra v\u00e4rlden ger oss kraft. Greenpeace passar mig f\u00f6r att jag ser att vi tillsammans skapar verklig f\u00f6r\u00e4ndring.<\/p>\n<p><strong>Stoltaste stund:<\/strong><br \/>\nN\u00e4r vi lyckades s\u00e4tta Vattenfalls brunkolsverksamhet p\u00e5 agendan inf\u00f6r valet 2014. Under valr\u00f6relsen 2014 och l\u00e5ng tid f\u00f6re och efter var jag projektledare f\u00f6r v\u00e5rt arbete med Vattenfalls brunkolsgruvor. Vi drev kampanjen \u2018Sveriges s\u00e4msta id\u00e9\u2019 d\u00e4r statliga Vattenfall ville \u00f6ppna nya kolgruvor inneh\u00e5llande brunkol motsvarande 2,3 miljarder ton koldioxid. Efter h\u00e5rt arbete i uppf\u00f6rsbacke fick jag tillslut mitt stoltaste \u00f6gonblick veckan innan valet n\u00e4r Vattenfall och brunkolet var den st\u00f6rsta milj\u00f6fr\u00e5gan i alla fem direkts\u00e4nda partiledardebatter.<\/p>\n<p><strong>Tips till unga som vill f\u00f6r\u00e4ndra?<\/strong><br \/>\n<span id=\"docs-internal-guid-3f17091e-f2eb-5b40-2688-70ddec5315ad\">Tre tips <\/span><\/p>\n<ul>\n<li>V\u00e5ga g\u00e5 emot str\u00f6mmen! Det beh\u00f6vs personer som g\u00e5r emot r\u00e5dande normer, och lagar, f\u00f6r att lyckas f\u00f6r\u00e4ndrat samh\u00e4llet.<\/li>\n<li>Hitta trygga rum d\u00e4r det finns tillr\u00e4ckligt mycket \u00f6msesidigt f\u00f6rtroende att v\u00e5ga l\u00e4gga fram radikala och lite galna id\u00e9er. Som transperson har detta varit superviktigt f\u00f6r mig, att hitta mina trygga rum i st\u00f6rre sammanhang.<\/li>\n<li>Hitta personer som tror p\u00e5 dig, som kan inspirera och peppa dig! Omge dig med m\u00e4nniskor som lyfter dig och som du kan lyfta n\u00e4r du f\u00e5tt vind under vingarna.<\/li>\n<\/ul>\n<p><em>H\u00e4r kan du l\u00e4sa mer om kampanjen f\u00f6r att f\u00e5 din pension fossilfri:<br \/>\n<a href=\"https:\/\/www.greenpeace.org\/sweden\/se\/klimat\/finans\">http:\/\/www.greenpeace.org\/sweden\/se\/klimat\/finans<\/a> <\/em><\/p>\n\t\t\t<section\n\t\t\tclass=\"boxout post-28 \"\n\t\t\t\n\t\t>\n\t\t\t<a\n\t\t\t\tdata-ga-category=\"Take Action Boxout\"\n\t\t\t\tdata-ga-action=\"Image\"\n\t\t\t\tdata-ga-label=\"n\/a\"\n\t\t\t\tclass=\"cover-card-overlay\"\n\t\t\t\thref=\"https:\/\/www.greenpeace.org\/sweden\/agera\/flyttapengarna\/\" \n\t\t\t><\/a>\n\t\t\t\t\t\t\t<img\n\t\t\t\t\t\tsrc=\"https:\/\/www.greenpeace.org\/static\/planet4-sweden-stateless\/2019\/01\/11f8803f-gp023gu-1024x683.jpg\"\n\t\t\t\t\t\tsrcset=\"https:\/\/www.greenpeace.org\/static\/planet4-sweden-stateless\/2019\/01\/11f8803f-gp023gu-300x200.jpg 300w, https:\/\/www.greenpeace.org\/static\/planet4-sweden-stateless\/2019\/01\/11f8803f-gp023gu-768x512.jpg 768w, https:\/\/www.greenpeace.org\/static\/planet4-sweden-stateless\/2019\/01\/11f8803f-gp023gu-1024x683.jpg 1024w, https:\/\/www.greenpeace.org\/static\/planet4-sweden-stateless\/2019\/01\/11f8803f-gp023gu-2048x1366.jpg 2048w, https:\/\/www.greenpeace.org\/static\/planet4-sweden-stateless\/2019\/01\/11f8803f-gp023gu-510x340.jpg 510w\"\n\t\t\t\t\t\tsizes=\"(min-width: 1000px) 358px, (min-width: 780px) 313px, 88px\"\n\t\t\t\t\t\talt=\"\" title=\"\"\n\t\t\t\t\/>\n            \t\t\t<div class=\"boxout-content\">\n\t\t\t\t\t\t\t\t\t<a\n\t\t\t\t\t\tclass=\"boxout-heading medium\"\n\t\t\t\t\t\tdata-ga-category=\"Take Action Boxout\"\n\t\t\t\t\t\tdata-ga-action=\"Title\"\n\t\t\t\t\t\tdata-ga-label=\"n\/a\"\n\t\t\t\t\t\thref=\"https:\/\/www.greenpeace.org\/sweden\/agera\/flyttapengarna\/\"\n\t\t\t\t\t\t\n\t\t\t\t\t>\n\t\t\t\t\t\tDin pension bidrar till klimatf\u00f6r\u00e4ndringar\n\t\t\t\t\t<\/a>\n\t\t\t\t\t\t\t\t\t\t\t\t\t<p class=\"boxout-excerpt\">\u00c4r det inte ironiskt att de pengar som ska g\u00e5 till att s\u00e4kra din framtid samtidigt f\u00f6rst\u00f6r den? Kr\u00e4v att svenska staten slutar investera v\u00e5ra pensionspengar i fossila br\u00e4nslen! <\/p>\n\t\t\t\t                                    <a\n                        class=\"btn btn-primary\"\n                        data-ga-category=\"Take Action Boxout\"\n                        data-ga-action=\"Call to Action\"\n                        data-ga-label=\"n\/a\"\n                        href=\"https:\/\/www.greenpeace.org\/sweden\/agera\/flyttapengarna\/\"\n                        \n                    >\n                        Engagera dig\n                    <\/a>\n                \t\t\t<\/div>\n\t\t\t\t\t<\/section>\n\t","protected":false},"excerpt":{"rendered":"<p>Titel: Ansvarig f\u00f6r klimatfr\u00e5gor p\u00e5 Greenpeace Sverige och leder v\u00e5rt projekt kring h\u00e5llbara finanser #FlyttaPengarna Hur l\u00e4nge har du arbetat p\u00e5 Greenpeace? Jag b\u00f6rjade p\u00e5 Greenpeace f\u00f6r ungef\u00e4r 4,5 \u00e5r&hellip;<\/p>\n","protected":false},"author":34,"featured_media":1330,"comment_status":"closed","ping_status":"closed","sticky":false,"template":"","format":"standard","meta":{"ep_exclude_from_search":false,"p4_og_title":"","p4_og_description":"","p4_og_image":"","p4_og_image_id":"","p4_seo_canonical_url":"","p4_campaign_name":"","p4_local_project":"","p4_basket_name":"","p4_department":"","footnotes":""},"categories":[1],"tags":[31],"p4-page-type":[16],"class_list":["post-1329","post","type-post","status-publish","format-standard","has-post-thumbnail","hentry","category-greenpeace","tag-aktivism","p4-page-type-artiklar"],"_links":{"self":[{"href":"https:\/\/www.greenpeace.org\/sweden\/wp-json\/wp\/v2\/posts\/1329","targetHints":{"allow":["GET"]}}],"collection":[{"href":"https:\/\/www.greenpeace.org\/sweden\/wp-json\/wp\/v2\/posts"}],"about":[{"href":"https:\/\/www.greenpeace.org\/sweden\/wp-json\/wp\/v2\/types\/post"}],"author":[{"embeddable":true,"href":"https:\/\/www.greenpeace.org\/sweden\/wp-json\/wp\/v2\/users\/34"}],"replies":[{"embeddable":true,"href":"https:\/\/www.greenpeace.org\/sweden\/wp-json\/wp\/v2\/comments?post=1329"}],"version-history":[{"count":5,"href":"https:\/\/www.greenpeace.org\/sweden\/wp-json\/wp\/v2\/posts\/1329\/revisions"}],"predecessor-version":[{"id":49893,"href":"https:\/\/www.greenpeace.org\/sweden\/wp-json\/wp\/v2\/posts\/1329\/revisions\/49893"}],"wp:featuredmedia":[{"embeddable":true,"href":"https:\/\/www.greenpeace.org\/sweden\/wp-json\/wp\/v2\/media\/1330"}],"wp:attachment":[{"href":"https:\/\/www.greenpeace.org\/sweden\/wp-json\/wp\/v2\/media?parent=1329"}],"wp:term":[{"taxonomy":"category","embeddable":true,"href":"https:\/\/www.greenpeace.org\/sweden\/wp-json\/wp\/v2\/categories?post=1329"},{"taxonomy":"post_tag","embeddable":true,"href":"https:\/\/www.greenpeace.org\/sweden\/wp-json\/wp\/v2\/tags?post=1329"},{"taxonomy":"p4-page-type","embeddable":true,"href":"https:\/\/www.greenpeace.org\/sweden\/wp-json\/wp\/v2\/p4-page-type?post=1329"}],"curies":[{"name":"wp","href":"https:\/\/api.w.org\/{rel}","templated":true}]}}