{"id":1349,"date":"2018-03-10T00:00:00","date_gmt":"2018-03-10T00:00:00","guid":{"rendered":"https:\/\/www.greenpeace.org\/sweden\/bakgrund\/1349\/greenpeace-sverige-firar-kvinnodagen-las-mer-om-frida\/"},"modified":"2021-12-01T13:40:42","modified_gmt":"2021-12-01T12:40:42","slug":"greenpeace-sverige-firar-kvinnodagen-las-mer-om-frida","status":"publish","type":"post","link":"https:\/\/www.greenpeace.org\/sweden\/artiklar\/greenpeace\/greenpeace-sverige-firar-kvinnodagen-las-mer-om-frida\/","title":{"rendered":"Greenpeace Sverige firar kvinnodagen &#8211; L\u00e4s mer om Frida!"},"content":{"rendered":"<p><img decoding=\"async\" src=\"https:\/\/www.greenpeace.org\/static\/planet4-sweden-stateless\/2019\/01\/fc28b1f5-fc28b1f5-frida.png\" \/><\/p>\n<p><strong>Titel<\/strong>:<br \/>\nAnsvarar f\u00f6r havsfr\u00e5gor p\u00e5 Greenpeace Norden<\/p>\n<p><strong>Hur l\u00e4nge har du arbetat p\u00e5 Greenpeace?<\/strong><br \/>\nJag b\u00f6rjade som volont\u00e4r i slutet av 90-talet och fick tidigt vara en del av m\u00e5nga sp\u00e4nande och viktiga kampanjer f\u00f6r att skydda v\u00e5r planet och dess inv\u00e5nare. Som frivillig hos Greenpeace fick jag ocks\u00e5 m\u00e5nga kontakter runt omkring i Norden, och flera av de som jag var volont\u00e4r tillsammans med d\u00e5 \u00e4r idag goda v\u00e4nner och kollegor. Volont\u00e4rarbetet gjorde senare \u00e4ven min flytt till Norge f\u00f6r att studera l\u00e4ttare, eftersom jag redan hade ett n\u00e4tverk i Oslo. Efter avslutade studier och n\u00e5gra \u00e5r d\u00e5 jag inte var s\u00e5 aktiv i mil\u00f6r\u00f6relsen s\u00e5 s\u00f6kte jag tillslut ett jobb hos Greenpeace Norge och b\u00f6rjade jobba heltid f\u00f6r Greenpeace 2007.<\/p>\n<p><strong>Vad g\u00f6r du p\u00e5 Greenpeace?<\/strong><br \/>\nJag arbetar med havsfr\u00e5gor med ett s\u00e4rskilt fokus p\u00e5 v\u00e5ra polarregioner, och har bland annat arbetat i Arktis och Antarktis som expeditionsledare ombord p\u00e5 v\u00e5ra skepp. Vissa skulle nog s\u00e4ga att jag kan lite v\u00e4l mycket om torsken i Barents hav men att jobba med en fr\u00e5ga under l\u00e5ng tid \u00e4r v\u00e4ldigt sp\u00e4nnande d\u00e5 man f\u00e5r f\u00f6lja utvecklingen \u00f6ver tid.<\/p>\n<p><strong>Varf\u00f6r Greenpeace?<\/strong><br \/>\nMin mamma var en \u00f6vertygad aktivist n\u00e4r jag v\u00e4xte upp och var bland annat engagerad i Vietnamr\u00f6relsen s\u00e5 hon inspirerade mig. Tjernobylkatastrofens konsekvenser \u00e4r ett annat starkt barndomsminne som gjorde mig b\u00e5de r\u00e4dd och arg, eftersom jag inte l\u00e4ngre kunde plocka svamp n\u00e4r jag bes\u00f6kte mina farf\u00f6r\u00e4ldrar, och vi barn blev tillsagd att inte \u00e4ta de b\u00e4r som vi brukade plocka i skogen. Som ensamst\u00e5ende mamma s\u00e5 \u00e4r Greenpeace \u00e4ven en v\u00e4ldigt bra arbetsgivare d\u00e4r flexibiliteten och f\u00f6rst\u00e5elsen f\u00f6r individen \u00e4r stor.<\/p>\n<p><strong>Stoltaste stund:<\/strong><br \/>\nJag hoppas att den fortfarande ligger framf\u00f6r mig, men jag har tv\u00e5 helt unika projekt som jag jobbat med som jag \u00e4r v\u00e4ldigt stolt \u00f6ver. B\u00e5da visar p\u00e5 bredden av det arbete som Greenpeace g\u00f6r. Det ena var n\u00e4r Greenpeace assisterade en grupp internationella forskare n\u00e4r de genomf\u00f6rde v\u00e4rldens st\u00f6rsta experiment om havsf\u00f6rsurning i Ny \u00c5lesund p\u00e5 Svalbard. \u00c4ven nu, m\u00e5nga \u00e5r senare, s\u00e5 publiceras det fortfarande vetenskapliga artiklar som bygger p\u00e5 resultat fr\u00e5n de experimenten.<\/p>\n<p>Mitt andra exempel \u00e4r n\u00e4r vi fick hela den ryska och norska fiskeindustrin i Barents hav att frivilligt avst\u00e5 fr\u00e5n att fiska i stora, tidigare ist\u00e4ckta, havsomr\u00e5den kring Svalbard. Inom en snar framtid kommer \u00f6ver 3000 kvadratkilometer or\u00f6rd sj\u00f6botten att f\u00e5 ett permanent skydd. Det \u00e4r en m\u00e4ktig k\u00e4nsla.<\/p>\n<p><strong>Tips till unga som vill f\u00f6r\u00e4ndra<\/strong><br \/>\nDet viktigaste \u00e4r att lita p\u00e5 sig sj\u00e4lv och det man kan, och att v\u00e5ga ta plats!<\/p>\n<p>H\u00e4r kan du l\u00e4sa mer om kampen f\u00f6r att skapa v\u00e4rldens st\u00f6rsta havsreservat i Antarktis: <a href=\"https:\/\/www.greenpeace.org\/sweden\/se\/hav\/antarktiskt-havreservat\/\" target=\"_blank\" rel=\"noopener noreferrer\">https:\/\/www.greenpeace.org\/sweden\/se\/hav\/antarktiskt-havreservat\/<\/a><\/p>\n\t\t\t<section\n\t\t\tclass=\"boxout post-645 \"\n\t\t\t\n\t\t>\n\t\t\t<a\n\t\t\t\tdata-ga-category=\"Take Action Boxout\"\n\t\t\t\tdata-ga-action=\"Image\"\n\t\t\t\tdata-ga-label=\"n\/a\"\n\t\t\t\tclass=\"cover-card-overlay\"\n\t\t\t\thref=\"https:\/\/www.greenpeace.org\/sweden\/agera\/skyddahaven\/\" \n\t\t\t><\/a>\n\t\t\t\t\t\t\t<img\n\t\t\t\t\t\tsrc=\"https:\/\/www.greenpeace.org\/static\/planet4-sweden-stateless\/2025\/02\/38acdb55-900x300_split-ud-trawling.jpg\"\n\t\t\t\t\t\tsrcset=\"https:\/\/www.greenpeace.org\/static\/planet4-sweden-stateless\/2025\/02\/38acdb55-900x300_split-ud-trawling-300x100.jpg 300w, https:\/\/www.greenpeace.org\/static\/planet4-sweden-stateless\/2025\/02\/38acdb55-900x300_split-ud-trawling-768x256.jpg 768w, https:\/\/www.greenpeace.org\/static\/planet4-sweden-stateless\/2025\/02\/38acdb55-900x300_split-ud-trawling-510x170.jpg 510w, https:\/\/www.greenpeace.org\/static\/planet4-sweden-stateless\/2025\/02\/38acdb55-900x300_split-ud-trawling.jpg 900w\"\n\t\t\t\t\t\tsizes=\"(min-width: 1000px) 358px, (min-width: 780px) 313px, 88px\"\n\t\t\t\t\t\talt=\"\" title=\"\"\n\t\t\t\t\/>\n            \t\t\t<div class=\"boxout-content\">\n\t\t\t\t\t\t\t\t\t<a\n\t\t\t\t\t\tclass=\"boxout-heading medium\"\n\t\t\t\t\t\tdata-ga-category=\"Take Action Boxout\"\n\t\t\t\t\t\tdata-ga-action=\"Title\"\n\t\t\t\t\t\tdata-ga-label=\"n\/a\"\n\t\t\t\t\t\thref=\"https:\/\/www.greenpeace.org\/sweden\/agera\/skyddahaven\/\"\n\t\t\t\t\t\t\n\t\t\t\t\t>\n\t\t\t\t\t\tSkydda haven &#8211; ratificera avtalet, Maria!\n\t\t\t\t\t<\/a>\n\t\t\t\t\t\t\t\t\t\t\t\t\t<p class=\"boxout-excerpt\">Skriv under och kr\u00e4v med oss att v\u00e5r utrikesminister Maria Malmer Stenergard ser till att Sverige fullf\u00f6ljer sitt l\u00f6fte och godk\u00e4nner avtalet. Skydda haven, Maria! <\/p>\n\t\t\t\t                                    <a\n                        class=\"btn btn-primary\"\n                        data-ga-category=\"Take Action Boxout\"\n                        data-ga-action=\"Call to Action\"\n                        data-ga-label=\"n\/a\"\n                        href=\"https:\/\/www.greenpeace.org\/sweden\/agera\/skyddahaven\/\"\n                        \n                    >\n                        Engagera dig\n                    <\/a>\n                \t\t\t<\/div>\n\t\t\t\t\t<\/section>\n\t","protected":false},"excerpt":{"rendered":"<p>Titel: Ansvarar f\u00f6r havsfr\u00e5gor p\u00e5 Greenpeace Norden Hur l\u00e4nge har du arbetat p\u00e5 Greenpeace? Jag b\u00f6rjade som volont\u00e4r i slutet av 90-talet och fick tidigt vara en del av m\u00e5nga&hellip;<\/p>\n","protected":false},"author":34,"featured_media":1350,"comment_status":"closed","ping_status":"closed","sticky":false,"template":"","format":"standard","meta":{"ep_exclude_from_search":false,"p4_og_title":"","p4_og_description":"","p4_og_image":"","p4_og_image_id":"","p4_seo_canonical_url":"","p4_campaign_name":"","p4_local_project":"","p4_basket_name":"","p4_department":"","footnotes":""},"categories":[1],"tags":[31],"p4-page-type":[16],"class_list":["post-1349","post","type-post","status-publish","format-standard","has-post-thumbnail","hentry","category-greenpeace","tag-aktivism","p4-page-type-artiklar"],"_links":{"self":[{"href":"https:\/\/www.greenpeace.org\/sweden\/wp-json\/wp\/v2\/posts\/1349","targetHints":{"allow":["GET"]}}],"collection":[{"href":"https:\/\/www.greenpeace.org\/sweden\/wp-json\/wp\/v2\/posts"}],"about":[{"href":"https:\/\/www.greenpeace.org\/sweden\/wp-json\/wp\/v2\/types\/post"}],"author":[{"embeddable":true,"href":"https:\/\/www.greenpeace.org\/sweden\/wp-json\/wp\/v2\/users\/34"}],"replies":[{"embeddable":true,"href":"https:\/\/www.greenpeace.org\/sweden\/wp-json\/wp\/v2\/comments?post=1349"}],"version-history":[{"count":10,"href":"https:\/\/www.greenpeace.org\/sweden\/wp-json\/wp\/v2\/posts\/1349\/revisions"}],"predecessor-version":[{"id":49892,"href":"https:\/\/www.greenpeace.org\/sweden\/wp-json\/wp\/v2\/posts\/1349\/revisions\/49892"}],"wp:featuredmedia":[{"embeddable":true,"href":"https:\/\/www.greenpeace.org\/sweden\/wp-json\/wp\/v2\/media\/1350"}],"wp:attachment":[{"href":"https:\/\/www.greenpeace.org\/sweden\/wp-json\/wp\/v2\/media?parent=1349"}],"wp:term":[{"taxonomy":"category","embeddable":true,"href":"https:\/\/www.greenpeace.org\/sweden\/wp-json\/wp\/v2\/categories?post=1349"},{"taxonomy":"post_tag","embeddable":true,"href":"https:\/\/www.greenpeace.org\/sweden\/wp-json\/wp\/v2\/tags?post=1349"},{"taxonomy":"p4-page-type","embeddable":true,"href":"https:\/\/www.greenpeace.org\/sweden\/wp-json\/wp\/v2\/p4-page-type?post=1349"}],"curies":[{"name":"wp","href":"https:\/\/api.w.org\/{rel}","templated":true}]}}