{"id":1360,"date":"2017-02-06T10:30:00","date_gmt":"2017-02-06T10:30:00","guid":{"rendered":"https:\/\/www.greenpeace.org\/sweden\/bakgrund\/1360\/nu-avgiftas-gore-tex-och-du-fick-det-att-handa\/"},"modified":"2023-02-23T13:41:23","modified_gmt":"2023-02-23T12:41:23","slug":"nu-avgiftas-gore-tex-och-du-fick-det-att-handa","status":"publish","type":"post","link":"https:\/\/www.greenpeace.org\/sweden\/pressmeddelanden\/greenpeace\/nu-avgiftas-gore-tex-och-du-fick-det-att-handa\/","title":{"rendered":"Nu avgiftas GORE-TEX! Och du fick det att h\u00e4nda"},"content":{"rendered":"<div class=\"post-content\">\n<div>\n<p><strong>Tillverkaren av&nbsp;Gore-Tex,&nbsp;Gore Fabrics,&nbsp;en av v\u00e4rldens fr\u00e4msta producenter av membran och impregnering till friluftskl\u00e4der och m\u00e4rken som The North Face och Hagl\u00f6fs, har \u00e5tagit sig att fasa ut skadliga PFAS-kemikalier fr\u00e5n sin produktkedja!&nbsp;Det h\u00e4r \u00e4r stora nyheter f\u00f6r alla oss som engagerat oss f\u00f6r att f\u00e5 milj\u00f6v\u00e4nliga kl\u00e4der.<\/strong><\/p>\n<p><img decoding=\"async\" src=\"https:\/\/www.greenpeace.org\/static\/planet4-sweden-stateless\/2019\/01\/8fc7e64b-8fc7e64b-133663_236747.jpg\" alt=\"\" width=\"600\"><\/p>\n<p>N\u00e4r vi startade kampanjen f\u00f6r att avgifta friluftsm\u00e4rkena i slutet av 2015 hade vi ett tydligt m\u00e5l: att tillsammans med friluftsfolk och andra milj\u00f6engagerade, fasa ut skadliga fluorkarboner (PFAS) fr\u00e5n v\u00e5r friluftsutrustning.<\/p>\n<p>Fluorkarboner anv\u00e4nds i bland annat skalskydd i friluftskl\u00e4der f\u00f6r att g\u00f6ra dem smuts- och vattenavst\u00f6tande. Kemikalierna \u00e4r v\u00e4ldigt l\u00e5nglivade, det kan ta flera hundra \u00e5r f\u00f6r naturen att bryta ner dem. De misst\u00e4nks ocks\u00e5 vara hormonst\u00f6rande och \u00f6ka risken f\u00f6r cancer.<\/p>\n<p><strong>Men nu har PFAS-revolutionen i friluftsindustrin b\u00f6rjat!<\/strong><\/p>\n<p>Gore Fabrics kommer att fasa ut de skadliga kemikalierna fr\u00e5n sina generella v\u00e4derskyddande laminat till slutet av 2020 (Det g\u00e4ller 85% av produkterna med dessa laminat). Specialiserade v\u00e4derskyddande produkter kommer att vara fria fr\u00e5n fluorkarboner vid slutet av 2023.<\/p>\n<p><strong><img decoding=\"async\" title=\"Vi g\u00e5r hellre nakna \u00e4n kl\u00e4r oss i fluorkarboner!\" src=\"https:\/\/www.greenpeace.org\/static\/planet4-sweden-stateless\/2019\/01\/b5669c50-b5669c50-133625_236664.jpg\" alt=\"Vi g\u00e5r hellre nakna \u00e4n kl\u00e4r oss i fluorkarboner!\" width=\"600\"><br \/>\n<\/strong><em>Vi \u00e4r hellre nakna \u00e4n b\u00e4r kl\u00e4der med fluorkarboner!<\/em><\/p>\n<p>Hundratusentals m\u00e4nniskor har agerat. Vandrare, l\u00f6pare, t\u00e4ltare, kl\u00e4ttrare, skid\u00e5kare: alla har ni hj\u00e4lpt till! Friluftsm\u00e4rkena k\u00e4nde verkligen pressen vilket ledde till att m\u00e4rken som Paramo, Rotauf och Vaude tog ledningen i utfasningsarbetet av fluorkarboner och skrev p\u00e5 Detox-\u00e5tagandet redan i b\u00f6rjan av sommaren 2016.<\/p>\n<p>Under \u00e5ret har \u00f6ver 150 olika aktiviteter arrangerats runt om i v\u00e4rlden f\u00f6r att kr\u00e4va att Hagl\u00f6fs, The North Face, Mammut, Black Yak och andra stora f\u00f6retag skulle fasa ut PFAS.<\/p>\n<p><iframe loading=\"lazy\" src=\"https:\/\/www.youtube.com\/embed\/yaDQ-ggzd0A?rel=0\" width=\"560\" height=\"315\"><\/iframe><\/p>\n<p>M\u00e5nga av dessa m\u00e4rken pressade i sin tur Gore Fabrics, deras huvudleverant\u00f6r av smuts- och vattenavst\u00f6tande material, till att ta bort skadliga fluorkarboner fr\u00e5n sina produkter.<\/p>\n<p>Och vilken skillnad det gjorde! N\u00e4r vi alla jobbar tillsammans kan vi klara av vad som helst.<\/p>\n<p><strong>Tack f\u00f6r &nbsp;ditt engagemang och &nbsp;ditt st\u00f6d: den h\u00e4r segern tillh\u00f6r dig!<\/strong><\/p>\n<p>K\u00e4rlek,<\/p>\n<p>Rosanna och Detox Outdoor-teamet<\/p>\n<p><strong>PS. Greenpeace arbete finansieras helt av privatpersoner,&nbsp;<a href=\"https:\/\/stod.greenpeace.org\/\">st\u00f6d oss g\u00e4rna med en g\u00e5va<\/a>!<\/strong><\/p>\n<\/div>\n<\/div>\n","protected":false},"excerpt":{"rendered":"<p>Tillverkaren av\u00a0Gore-Tex,\u00a0Gore Fabrics,\u00a0en av v\u00e4rldens fr\u00e4msta producenter av membran och impregnering till friluftskl\u00e4der och m\u00e4rken som The North Face och Hagl\u00f6fs, har \u00e5tagit sig att fasa ut skadliga PFAS-kemikalier fr\u00e5n sin produktkedja!\u00a0Det h\u00e4r \u00e4r stora nyheter f\u00f6r alla oss som engagerat oss f\u00f6r att f\u00e5 milj\u00f6v\u00e4nliga kl\u00e4der.<\/p>\n","protected":false},"author":25,"featured_media":1362,"comment_status":"closed","ping_status":"closed","sticky":false,"template":"","format":"standard","meta":{"ep_exclude_from_search":false,"p4_og_title":"","p4_og_description":"","p4_og_image":"","p4_og_image_id":"","p4_seo_canonical_url":"","p4_campaign_name":"","p4_local_project":"","p4_basket_name":"","p4_department":"","footnotes":""},"categories":[1],"tags":[8,31,68,60],"p4-page-type":[14],"class_list":["post-1360","post","type-post","status-publish","format-standard","has-post-thumbnail","hentry","category-greenpeace","tag-livsstil","tag-aktivism","tag-segrar","tag-miljogifter","p4-page-type-pressmeddelanden"],"_links":{"self":[{"href":"https:\/\/www.greenpeace.org\/sweden\/wp-json\/wp\/v2\/posts\/1360","targetHints":{"allow":["GET"]}}],"collection":[{"href":"https:\/\/www.greenpeace.org\/sweden\/wp-json\/wp\/v2\/posts"}],"about":[{"href":"https:\/\/www.greenpeace.org\/sweden\/wp-json\/wp\/v2\/types\/post"}],"author":[{"embeddable":true,"href":"https:\/\/www.greenpeace.org\/sweden\/wp-json\/wp\/v2\/users\/25"}],"replies":[{"embeddable":true,"href":"https:\/\/www.greenpeace.org\/sweden\/wp-json\/wp\/v2\/comments?post=1360"}],"version-history":[{"count":5,"href":"https:\/\/www.greenpeace.org\/sweden\/wp-json\/wp\/v2\/posts\/1360\/revisions"}],"predecessor-version":[{"id":55347,"href":"https:\/\/www.greenpeace.org\/sweden\/wp-json\/wp\/v2\/posts\/1360\/revisions\/55347"}],"wp:featuredmedia":[{"embeddable":true,"href":"https:\/\/www.greenpeace.org\/sweden\/wp-json\/wp\/v2\/media\/1362"}],"wp:attachment":[{"href":"https:\/\/www.greenpeace.org\/sweden\/wp-json\/wp\/v2\/media?parent=1360"}],"wp:term":[{"taxonomy":"category","embeddable":true,"href":"https:\/\/www.greenpeace.org\/sweden\/wp-json\/wp\/v2\/categories?post=1360"},{"taxonomy":"post_tag","embeddable":true,"href":"https:\/\/www.greenpeace.org\/sweden\/wp-json\/wp\/v2\/tags?post=1360"},{"taxonomy":"p4-page-type","embeddable":true,"href":"https:\/\/www.greenpeace.org\/sweden\/wp-json\/wp\/v2\/p4-page-type?post=1360"}],"curies":[{"name":"wp","href":"https:\/\/api.w.org\/{rel}","templated":true}]}}