{"id":1400,"date":"2018-02-06T14:06:00","date_gmt":"2018-02-06T14:06:00","guid":{"rendered":"https:\/\/www.greenpeace.org\/sweden\/bakgrund\/1400\/samernas-nationaldag-fira-genom-att-forbjuda-contortatall\/"},"modified":"2024-08-22T12:17:49","modified_gmt":"2024-08-22T11:17:49","slug":"samernas-nationaldag-fira-genom-att-forbjuda-contortatall","status":"publish","type":"post","link":"https:\/\/www.greenpeace.org\/sweden\/pressmeddelanden\/skog\/samernas-nationaldag-fira-genom-att-forbjuda-contortatall\/","title":{"rendered":"Samernas nationaldag \u2013 fira genom att f\u00f6rbjuda Contortatall"},"content":{"rendered":"<div class=\"post-content\">\n<div>\n<p><strong>Idag \u00e4r samernas nationaldag. <\/strong><\/p>\n<p><strong>Samerna erk\u00e4nns i Sverige som urfolk och som en nationell minoritet, vilket stadgas i svensk grundlag. Tyv\u00e4rr \u00e4r detta erk\u00e4nnande ofta inte mer \u00e4n tomma ord. Samernas v\u00e4lbefinnande som ett levande folk med rik kultur \u00e4r under hot fr\u00e5n det industrialiserade samh\u00e4llet.<\/strong><\/p>\n<p><strong><img decoding=\"async\" src=\"https:\/\/www.greenpeace.org\/static\/planet4-sweden-stateless\/2019\/01\/fc58ba70-fc58ba70-141086_254774.jpg\" alt=\"Samernas Nationaldag\" \/><\/strong><\/p>\n<p>F\u00f6r samerna, som f\u00f6r flera andra urfolk, har marken d\u00e4r de levt och verkat under l\u00e5ng tid stor betydelse f\u00f6r deras identitet, deras kultur och deras ekonomiska f\u00f6rs\u00f6rjning.<\/p>\n<h4>Avverkning av gammelskog<\/h4>\n<p>Rensk\u00f6tseln \u00e4r central f\u00f6r b\u00e5de samernas kultur och ekonomi. Skogen \u00e4r en viktig resurs f\u00f6r rensk\u00f6tseln, och en f\u00f6ruts\u00e4ttning f\u00f6r att den ska kunna bedrivas. Gamla or\u00f6rda skogar med tr\u00e4dlav \u00e4r en viktig betesresurs. N\u00e4r skogar med bra h\u00e4nglavsbete avverkas tas en viktig betesresurs bort direkt.<\/p>\n<p>Renen g\u00e5r p\u00e5 naturbete \u00e5ret om och rensk\u00f6tarna flyttar dem mellan olika betesmarker beroende p\u00e5 \u00e5rstid, v\u00e4der och betestillg\u00e5ng. F\u00f6r att rensk\u00f6tsel ska kunna bedrivas p\u00e5 ett ekonomiskt och ekologiskt h\u00e5llbart s\u00e4tt idag och f\u00f6r framtida generationer beh\u00f6vs stora arealer sammanh\u00e4ngande betesomr\u00e5den. Det finns det inte idag. Ett sargat skogslandskap har direkta konsekvenser f\u00f6r renens \u00f6verlevnad.<\/p>\n<h4><strong>Fr\u00e4mmande tr\u00e4dslag<\/strong><\/h4>\n<p>I Sverige har vi m\u00e5nga tr\u00e4d men v\u00e4ldigt lite riktig skog kvar. Skogsbolag tar f\u00f6r vana att avverka skog och ers\u00e4tta den med plantage av tallarten Contorta\u2013 ett invasivt tr\u00e4dslag som pr\u00e4glas av snabb tillv\u00e4xt, men helt f\u00f6r\u00e4ndrar skogens karakt\u00e4r.<\/p>\n<p>N\u00e4r de avverkade skogarna \u00e5terf\u00f6ryngras med Contorta blir omr\u00e5det ett rensk\u00f6tselimpediment, d.v.s. obrukbart f\u00f6r rensk\u00f6tsel. Betesmarker som f\u00f6ryngras med Contorta medf\u00f6r sv\u00e5righeter f\u00f6r rensk\u00f6tseln i form av minskade betesmarker, \u00f6kade arbetsinsatser och \u00f6kade kostnader.<\/p>\n<p>Samerna har kr\u00e4vt att \u00e5terplantering av Contorta skall upph\u00f6ra. Med h\u00e4nsyn till rensk\u00f6tseln ska Contorta inte nyetableras inom rensk\u00f6tselomr\u00e5det och befintliga best\u00e5nd b\u00f6r avvecklas och ers\u00e4ttas med inhemska tr\u00e4dslag, detta krav \u00e4r inget nyhet. Sedan 25\/8 2017 uttalar Samebyordf\u00f6rande f\u00f6ljande:<\/p>\n<ul>\n<li><strong>Vi kr\u00e4ver att storskogsbruket tar sitt ansvar och slutar plantera Contorta i rensk\u00f6tselomr\u00e5det, och tar fram en plan f\u00f6r hur befintliga best\u00e5nd kan avvecklas.<\/strong><\/li>\n<li><strong>Vi kr\u00e4ver respekt f\u00f6r v\u00e5r r\u00e4tt att kunna anv\u00e4nda marken f\u00f6r renbete och accepterar inte att Contorta planteras p\u00e5 v\u00e5ra marker.<\/strong><\/li>\n<\/ul>\n<p>Framkomligheten och betesm\u00f6jligheterna minskar och f\u00f6r samebyn och den enskilde ren\u00e4garen medf\u00f6r det \u00f6kade kostnader. Idag \u00e4r dagen d\u00e5 ett rimligt krav g\u00e4llande marken de har r\u00e4tt till b\u00f6r respekteras.<\/p>\n<h4><strong>Greenpeace i solidaritet med samerna<\/strong><\/h4>\n<p>Idag, n\u00e4r vi firar samisk kultur, vill vi klart och tydligt deklarera v\u00e5rt st\u00f6d f\u00f6r samernas kamp f\u00f6r \u00f6verlevnad, respekt och juridisk erk\u00e4nnande. Vi kr\u00e4ver att det svenska samh\u00e4llet skapar f\u00f6ruts\u00e4ttningar f\u00f6r samernas m\u00f6jlighet att bedriva rensk\u00f6tsel. F\u00f6r det kr\u00e4vs att v\u00e5ra sista gammelskogar inte avverkas, och fr\u00e4mst att samernas krav om ett omedelbart stopp f\u00f6r plantering av Contortata i S\u00e1pmi h\u00f6rsammas.<\/p>\n<\/div>\n<\/div>\n","protected":false},"excerpt":{"rendered":"<p>Idag \u00e4r samernas nationaldag. Samerna erk\u00e4nns i Sverige som urfolk och som en nationell minoritet, vilket stadgas i svensk grundlag. Tyv\u00e4rr \u00e4r detta erk\u00e4nnande ofta inte mer \u00e4n tomma ord. Samernas v\u00e4lbefinnande som ett levande folk med rik kultur \u00e4r under hot fr\u00e5n det industrialiserade samh\u00e4llet.<\/p>\n","protected":false},"author":34,"featured_media":1401,"comment_status":"closed","ping_status":"closed","sticky":false,"template":"","format":"standard","meta":{"ep_exclude_from_search":false,"p4_og_title":"","p4_og_description":"","p4_og_image":"","p4_og_image_id":"","p4_seo_canonical_url":"","p4_campaign_name":"","p4_local_project":"","p4_basket_name":"","p4_department":"","footnotes":""},"categories":[22],"tags":[19,40],"p4-page-type":[14],"class_list":["post-1400","post","type-post","status-publish","format-standard","has-post-thumbnail","hentry","category-skog","tag-skyddaskogen","tag-biodiversitet","p4-page-type-pressmeddelanden"],"_links":{"self":[{"href":"https:\/\/www.greenpeace.org\/sweden\/wp-json\/wp\/v2\/posts\/1400","targetHints":{"allow":["GET"]}}],"collection":[{"href":"https:\/\/www.greenpeace.org\/sweden\/wp-json\/wp\/v2\/posts"}],"about":[{"href":"https:\/\/www.greenpeace.org\/sweden\/wp-json\/wp\/v2\/types\/post"}],"author":[{"embeddable":true,"href":"https:\/\/www.greenpeace.org\/sweden\/wp-json\/wp\/v2\/users\/34"}],"replies":[{"embeddable":true,"href":"https:\/\/www.greenpeace.org\/sweden\/wp-json\/wp\/v2\/comments?post=1400"}],"version-history":[{"count":3,"href":"https:\/\/www.greenpeace.org\/sweden\/wp-json\/wp\/v2\/posts\/1400\/revisions"}],"predecessor-version":[{"id":1490,"href":"https:\/\/www.greenpeace.org\/sweden\/wp-json\/wp\/v2\/posts\/1400\/revisions\/1490"}],"wp:featuredmedia":[{"embeddable":true,"href":"https:\/\/www.greenpeace.org\/sweden\/wp-json\/wp\/v2\/media\/1401"}],"wp:attachment":[{"href":"https:\/\/www.greenpeace.org\/sweden\/wp-json\/wp\/v2\/media?parent=1400"}],"wp:term":[{"taxonomy":"category","embeddable":true,"href":"https:\/\/www.greenpeace.org\/sweden\/wp-json\/wp\/v2\/categories?post=1400"},{"taxonomy":"post_tag","embeddable":true,"href":"https:\/\/www.greenpeace.org\/sweden\/wp-json\/wp\/v2\/tags?post=1400"},{"taxonomy":"p4-page-type","embeddable":true,"href":"https:\/\/www.greenpeace.org\/sweden\/wp-json\/wp\/v2\/p4-page-type?post=1400"}],"curies":[{"name":"wp","href":"https:\/\/api.w.org\/{rel}","templated":true}]}}