{"id":1416,"date":"2018-02-15T00:00:00","date_gmt":"2018-02-15T00:00:00","guid":{"rendered":"https:\/\/www.greenpeace.org\/sweden\/bakgrund\/1416\/sammanstallning-av-inventeringsresultat-av-avverkningsanmalda-skogar-inom-vardetrakter\/"},"modified":"2025-08-27T13:35:58","modified_gmt":"2025-08-27T12:35:58","slug":"sammanstallning-av-inventeringsresultat-av-avverkningsanmalda-skogar-inom-vardetrakter","status":"publish","type":"post","link":"https:\/\/www.greenpeace.org\/sweden\/publikationer\/skog\/sammanstallning-av-inventeringsresultat-av-avverkningsanmalda-skogar-inom-vardetrakter\/","title":{"rendered":"Sammanst\u00e4llning av inventeringsresultat av avverkningsanm\u00e4lda skogar inom v\u00e4rdetrakter"},"content":{"rendered":"\n<p>Detta \u00e4r en sammanst\u00e4llning av Greenpeace unders\u00f6kningar av sju v\u00e4rdetrakter i J\u00e4mtland och V\u00e4sternorrland utf\u00f6rda mellan mars och september 2017. Syftet med bes\u00f6ken till v\u00e4rdetrakterna var att unders\u00f6ka hur de svenska skogsbolagens verksamhet d\u00e4r p\u00e5verkar ansatserna att skydda den biologiska m\u00e5ngfalden i skogen.<\/p>\n\n<p>Svensk skogsindustri p\u00e5st\u00e5r sig kunna forts\u00e4tta avverka inom v\u00e4rdetrakterna utan att skada m\u00f6jligheten att genomf\u00f6ra dessa steg fram\u00f6ver. Greenpeace f\u00e4ltunders\u00f6kningar som redovisas i denna sammanst\u00e4llning visar tyv\u00e4rr att detta \u00e4r l\u00e5ngt fr\u00e5n s\u00e4kert. Greenpeace har genomf\u00f6rt f\u00e4ltunders\u00f6kningar i sju olika v\u00e4rdetrakter och bes\u00f6kt \u00f6ver trettio avverkningsanm\u00e4lda omr\u00e5den inom dessa. I ett flertal fall s\u00e5g vi nyligen kalavverkade ytor och i flera av dessa hittade vi indikationer (exempelvis sp\u00e5r av signalarter och \u00e5lder p\u00e5 stockar) p\u00e5 att den avverkade skogen var av h\u00f6gt biologiskt v\u00e4rde.<\/p>\n\n<p>Vi har ocks\u00e5 kunnat dokumentera 21 fall av avverkningsanm\u00e4lda skogsarealer som tydligt uppfyller kraven f\u00f6r skyddsv\u00e4rd skog och d\u00e4rf\u00f6r b\u00f6r ing\u00e5 i den analys som myndigheterna f\u00f6respr\u00e5kar f\u00f6r v\u00e4rdetrakterna som potentiella bevarandeobjekt.<\/p>\n\n<p><strong>Vi uppmanar d\u00e4rf\u00f6r skogsbolagen att omg\u00e5ende inf\u00f6ra ett tillf\u00e4lligt stopp f\u00f6r alla skogsbruks\u00e5tg\u00e4rder inom v\u00e4rdetrakterna tills en gedigen analys, likt den myndigheterna f\u00f6respr\u00e5kar, genomf\u00f6rts och det kunnat fastst\u00e4llas vilka delar av v\u00e4rdetrakterna som kan vara l\u00e4mpliga f\u00f6r skogsbruk.<\/strong><\/p>\n\n<p><strong><a class=\"pdf\" title=\"Sammanst\u00e4llning av inventeringsresultat av avverkningsanm\u00e4lda skogar inom v\u00e4rdetrakter\" href=\"https:\/\/www.greenpeace.org\/static\/planet4-sweden-stateless\/2019\/01\/5b8b745e-5b8b745e-inventering_inom_v\u00e4rdetrakter.pdf\" target=\"_blank\" rel=\"noopener noreferrer\">L\u00e4s rapporten i sin helhet.<\/a><\/strong><\/p>\n\n<figure class=\"wp-block-image\"><a href=\"https:\/\/www.greenpeace.org\/static\/planet4-sweden-stateless\/2019\/01\/5b8b745e-5b8b745e-inventering_inom_v%C3%A4rdetrakter.pdf\"><img loading=\"lazy\" decoding=\"async\" width=\"565\" height=\"800\" src=\"https:\/\/www.greenpeace.org\/static\/planet4-sweden-stateless\/2018\/02\/0c8f01bb-sammanstallning_vardetrakter.png\" alt=\"\" class=\"wp-image-2007\" srcset=\"https:\/\/www.greenpeace.org\/static\/planet4-sweden-stateless\/2018\/02\/0c8f01bb-sammanstallning_vardetrakter.png 565w, https:\/\/www.greenpeace.org\/static\/planet4-sweden-stateless\/2018\/02\/0c8f01bb-sammanstallning_vardetrakter-212x300.png 212w, https:\/\/www.greenpeace.org\/static\/planet4-sweden-stateless\/2018\/02\/0c8f01bb-sammanstallning_vardetrakter-240x340.png 240w\" sizes=\"auto, (max-width: 565px) 100vw, 565px\" \/><\/a><\/figure>\n\n<p><\/p>\n","protected":false},"excerpt":{"rendered":"<div>\n\tDetta \u00e4r en sammanst\u00e4llning av Greenpeace unders\u00f6kningar av sju v\u00e4rdetrakter i J\u00e4mtland och V\u00e4sternorrland utf\u00f6rda mellan mars och september 2017. Syftet med bes\u00f6ken till v\u00e4rdetrakterna var att unders\u00f6ka hur de svenska skogsbolagens verksamhet d\u00e4r p\u00e5verkar ansatserna att skydda den biologiska m\u00e5ngfalden i skogen.\n<\/div>\n","protected":false},"author":34,"featured_media":2007,"comment_status":"closed","ping_status":"closed","sticky":false,"template":"","format":"standard","meta":{"ep_exclude_from_search":false,"p4_og_title":"","p4_og_description":"","p4_og_image":"","p4_og_image_id":"","p4_seo_canonical_url":"","p4_campaign_name":"","p4_local_project":"","p4_basket_name":"","p4_department":"","footnotes":""},"categories":[22],"tags":[19],"p4-page-type":[15],"class_list":["post-1416","post","type-post","status-publish","format-standard","has-post-thumbnail","hentry","category-skog","tag-skyddaskogen","p4-page-type-publikationer"],"_links":{"self":[{"href":"https:\/\/www.greenpeace.org\/sweden\/wp-json\/wp\/v2\/posts\/1416","targetHints":{"allow":["GET"]}}],"collection":[{"href":"https:\/\/www.greenpeace.org\/sweden\/wp-json\/wp\/v2\/posts"}],"about":[{"href":"https:\/\/www.greenpeace.org\/sweden\/wp-json\/wp\/v2\/types\/post"}],"author":[{"embeddable":true,"href":"https:\/\/www.greenpeace.org\/sweden\/wp-json\/wp\/v2\/users\/34"}],"replies":[{"embeddable":true,"href":"https:\/\/www.greenpeace.org\/sweden\/wp-json\/wp\/v2\/comments?post=1416"}],"version-history":[{"count":5,"href":"https:\/\/www.greenpeace.org\/sweden\/wp-json\/wp\/v2\/posts\/1416\/revisions"}],"predecessor-version":[{"id":64302,"href":"https:\/\/www.greenpeace.org\/sweden\/wp-json\/wp\/v2\/posts\/1416\/revisions\/64302"}],"wp:featuredmedia":[{"embeddable":true,"href":"https:\/\/www.greenpeace.org\/sweden\/wp-json\/wp\/v2\/media\/2007"}],"wp:attachment":[{"href":"https:\/\/www.greenpeace.org\/sweden\/wp-json\/wp\/v2\/media?parent=1416"}],"wp:term":[{"taxonomy":"category","embeddable":true,"href":"https:\/\/www.greenpeace.org\/sweden\/wp-json\/wp\/v2\/categories?post=1416"},{"taxonomy":"post_tag","embeddable":true,"href":"https:\/\/www.greenpeace.org\/sweden\/wp-json\/wp\/v2\/tags?post=1416"},{"taxonomy":"p4-page-type","embeddable":true,"href":"https:\/\/www.greenpeace.org\/sweden\/wp-json\/wp\/v2\/p4-page-type?post=1416"}],"curies":[{"name":"wp","href":"https:\/\/api.w.org\/{rel}","templated":true}]}}