{"id":1909,"date":"2019-02-06T11:02:54","date_gmt":"2019-02-06T11:02:54","guid":{"rendered":"https:\/\/www.greenpeace.org\/sweden\/?p=1909"},"modified":"2023-02-23T16:44:30","modified_gmt":"2023-02-23T15:44:30","slug":"organisationer-kraver-att-statliga-sveaskog-tar-sitt-ansvar","status":"publish","type":"post","link":"https:\/\/www.greenpeace.org\/sweden\/pressmeddelanden\/skog\/organisationer-kraver-att-statliga-sveaskog-tar-sitt-ansvar\/","title":{"rendered":"V\u00e5r skog &#8211; 23 organisationer kr\u00e4ver att statliga Sveaskog tar sitt ansvar och f\u00f6rvaltar skogen h\u00e5llbart"},"content":{"rendered":"<p><strong>V\u00e5r skog \u00e4r ett upprop som riktar sig till statliga Sveaskog som f\u00f6rvaltar 14 procent av Sveriges produktiva skogar. Staten b\u00f6r vara en f\u00f6reg\u00e5ngare inom h\u00e5llbart skogsbruk menar organisationerna bakom \u201cV\u00e5r skog\u201d.<\/strong><\/p>\n<p>&#8211; Ett l\u00e5ngsiktigt skydd av den biologiskt v\u00e4rdefulla skogen \u00e4r en viktig nyckel f\u00f6r att vi ska f\u00e5 bukt med den globala uppv\u00e4rmningen. Den skogen har lagrat enorma m\u00e4ngder kol som skulle frig\u00f6ras om skogen kalavverkades. Samma skogar kan \u00e4ven uppr\u00e4tth\u00e5lla den artrikedomen som ger oss motst\u00e5ndskraft mot effekterna av den globala uppv\u00e4rmningen. Staten m\u00e5ste sj\u00e4lvklart g\u00e5 i f\u00f6rsta ledet vad g\u00e4ller skogsskydd och h\u00e5llbart skogsbruk, s\u00e4ger <strong>Lina Burnelius ansvarig f\u00f6r skogsfr\u00e5gor p\u00e5 Greenpeace.<\/strong><\/p>\n<p>&#8211; Det \u00e4r ju trots allt v\u00e5r skog och vi tycker att vi ska ha n\u00e5got att s\u00e4ga till om. Det k\u00e4nns rimligt att v\u00e5ra skogar b\u00e5de ska brukas och respekteras f\u00f6r sitt skyddsv\u00e4rde med h\u00e4nvisning till vad forskningen s\u00e4ger \u00e4r vad som kr\u00e4vs f\u00f6r att hantera m\u00e4nsklighetens \u00f6desfr\u00e5gor; vi m\u00e5ste bromsa f\u00f6rlusten av biologisk m\u00e5ngfald och alla typer av utsl\u00e4pp av v\u00e4xthusgaser &#8211; d\u00e5 m\u00e5ste mer skog skyddas och mindre andel brukbar skog kalavverkas, s\u00e4ger <strong>Lina Burnelius<\/strong>.<\/p>\n<p><img loading=\"lazy\" decoding=\"async\" class=\"wp-image-1911 size-full alignnone\" src=\"https:\/\/www.greenpeace.org\/static\/planet4-sweden-stateless\/2019\/02\/0eb149ad-var_skog_macro2.jpg\" alt=\"\" width=\"800\" height=\"800\" srcset=\"https:\/\/www.greenpeace.org\/static\/planet4-sweden-stateless\/2019\/02\/0eb149ad-var_skog_macro2.jpg 800w, https:\/\/www.greenpeace.org\/static\/planet4-sweden-stateless\/2019\/02\/0eb149ad-var_skog_macro2-150x150.jpg 150w, https:\/\/www.greenpeace.org\/static\/planet4-sweden-stateless\/2019\/02\/0eb149ad-var_skog_macro2-300x300.jpg 300w, https:\/\/www.greenpeace.org\/static\/planet4-sweden-stateless\/2019\/02\/0eb149ad-var_skog_macro2-768x768.jpg 768w, https:\/\/www.greenpeace.org\/static\/planet4-sweden-stateless\/2019\/02\/0eb149ad-var_skog_macro2-340x340.jpg 340w\" sizes=\"auto, (max-width: 800px) 100vw, 800px\" \/><\/p>\n<p><strong>I korthet kr\u00e4ver Greenpeace tillsammans med 22 andra organisationer att Regeringen ska:<\/strong><\/p>\n<ol>\n<li>Skydda alla statliga skogar med h\u00f6ga naturv\u00e4rden som Sveaskog f\u00f6rvaltar.<\/li>\n<li>Anv\u00e4nd statliga skogar med l\u00e5ga naturv\u00e4rden f\u00f6r att byta in privat\u00e4gd skog med h\u00f6ga naturv\u00e4rden f\u00f6r att ge dessa skogar ett skydd.<\/li>\n<li>Staten och Sveaskog ska vara en f\u00f6rebild och ligga i framkant n\u00e4r det g\u00e4ller utvecklandet av ett ekosystembaserat, hyggesfritt skogsbruk.<\/li>\n<li>Sveaskogs avkastningskrav m\u00e5ste s\u00e4nkas s\u00e5 att punkterna ovan kan genomf\u00f6ras.<\/li>\n<\/ol>\n<p>Kraven p\u00e5 Sveaskog l\u00e4mnas \u00f6ver till Ibrahim Baylan, minister ansvarig f\u00f6r Sveaskogs regleringsbrev. De presenterades ocks\u00e5 mer ing\u00e5ende i en debattartikel i Dagens Nyheter idag den 6 februari 2019 och p\u00e5 initiativets gemensamma webbplats <a href=\"http:\/\/www.varskog.nu\">www.v\u00e5rskog.nu<\/a> d\u00e4r namnunderskrifter ocks\u00e5 kan l\u00e4mnas.<\/p>\n<p>L\u00e4nk till debattartikel<\/p>\n<p><a href=\"https:\/\/www.dn.se\/debatt\/andra-sveaskogs-direktiv-mer-skog-maste-fa-skydd\/\">https:\/\/www.dn.se\/debatt\/andra-sveaskogs-direktiv-mer-skog-maste-fa-skydd\/<\/a><\/p>\n<p>L\u00e4nk till webbsida <a href=\"http:\/\/www.varskog.nu\">www.varskog.nu<\/a><\/p>\n<h4>Kontakt<\/h4>\n<p><strong>Ansvarig f\u00f6r skogs- och bioekonomiska fr\u00e5gor<\/strong><br \/>\nLina Burnelius<br \/>\n<a href=\"mailto:lina.burnelius@greenpeace.org\">lina.burnelius@greenpeace.org<\/a><br \/>\n+46 (0)72 214 43 60<\/p>\n<p><strong>Kommunikationsansvarig<\/strong><br \/>\nMarkus Mattisson<br \/>\n<a href=\"mailto:markus.mattisson@greenpeace.org\">markus.mattisson@greenpeace.org<\/a><br \/>\n+46 (0)70 397 66 72<\/p>\n<div class=\"EmptyMessage\">Block content is empty. Check the block&#8217;s settings or remove it.<\/div>","protected":false},"excerpt":{"rendered":"<p>V\u00e5r skog \u00e4r ett upprop som riktar sig till statliga Sveaskog som f\u00f6rvaltar 14 procent av Sveriges produktiva skogar. Staten b\u00f6r vara en f\u00f6reg\u00e5ngare inom h\u00e5llbart skogsbruk menar organisationerna bakom&hellip;<\/p>\n","protected":false},"author":22,"featured_media":1934,"comment_status":"open","ping_status":"open","sticky":false,"template":"","format":"standard","meta":{"ep_exclude_from_search":false,"p4_og_title":"","p4_og_description":"","p4_og_image":"","p4_og_image_id":"","p4_seo_canonical_url":"","p4_campaign_name":"","p4_local_project":"","p4_basket_name":"","p4_department":"","footnotes":""},"categories":[22],"tags":[19,40,53],"p4-page-type":[14],"class_list":["post-1909","post","type-post","status-publish","format-standard","has-post-thumbnail","hentry","category-skog","tag-skyddaskogen","tag-biodiversitet","tag-svenskpolitik","p4-page-type-pressmeddelanden"],"_links":{"self":[{"href":"https:\/\/www.greenpeace.org\/sweden\/wp-json\/wp\/v2\/posts\/1909","targetHints":{"allow":["GET"]}}],"collection":[{"href":"https:\/\/www.greenpeace.org\/sweden\/wp-json\/wp\/v2\/posts"}],"about":[{"href":"https:\/\/www.greenpeace.org\/sweden\/wp-json\/wp\/v2\/types\/post"}],"author":[{"embeddable":true,"href":"https:\/\/www.greenpeace.org\/sweden\/wp-json\/wp\/v2\/users\/22"}],"replies":[{"embeddable":true,"href":"https:\/\/www.greenpeace.org\/sweden\/wp-json\/wp\/v2\/comments?post=1909"}],"version-history":[{"count":12,"href":"https:\/\/www.greenpeace.org\/sweden\/wp-json\/wp\/v2\/posts\/1909\/revisions"}],"predecessor-version":[{"id":55414,"href":"https:\/\/www.greenpeace.org\/sweden\/wp-json\/wp\/v2\/posts\/1909\/revisions\/55414"}],"wp:featuredmedia":[{"embeddable":true,"href":"https:\/\/www.greenpeace.org\/sweden\/wp-json\/wp\/v2\/media\/1934"}],"wp:attachment":[{"href":"https:\/\/www.greenpeace.org\/sweden\/wp-json\/wp\/v2\/media?parent=1909"}],"wp:term":[{"taxonomy":"category","embeddable":true,"href":"https:\/\/www.greenpeace.org\/sweden\/wp-json\/wp\/v2\/categories?post=1909"},{"taxonomy":"post_tag","embeddable":true,"href":"https:\/\/www.greenpeace.org\/sweden\/wp-json\/wp\/v2\/tags?post=1909"},{"taxonomy":"p4-page-type","embeddable":true,"href":"https:\/\/www.greenpeace.org\/sweden\/wp-json\/wp\/v2\/p4-page-type?post=1909"}],"curies":[{"name":"wp","href":"https:\/\/api.w.org\/{rel}","templated":true}]}}