{"id":1935,"date":"2019-01-18T11:42:27","date_gmt":"2019-01-18T11:42:27","guid":{"rendered":"https:\/\/www.greenpeace.org\/sweden\/?p=1935"},"modified":"2024-08-22T12:19:50","modified_gmt":"2024-08-22T11:19:50","slug":"januariavtalet-greenpeace-kommentar","status":"publish","type":"post","link":"https:\/\/www.greenpeace.org\/sweden\/pressmeddelanden\/klimat\/januariavtalet-greenpeace-kommentar\/","title":{"rendered":"Januariavtalet &#8211; Greenpeace kommentar"},"content":{"rendered":"<p><strong>\u00d6verenskommelsen mellan S, C, MP och L som resulterat i att Stefan L\u00f6fven nu bildar regering \u00e4r i m\u00e5nga avseenden ett framsteg i j\u00e4mf\u00f6relse med budgeten som M och KD drev igenom riksdagen i december. Skogen f\u00e5r dock betala ett h\u00f6gt pris.<\/strong><\/p>\n<p>&#8211; M\u00e5l f\u00f6r utsl\u00e4ppsminskningar d\u00e4r konsumtionen r\u00e4knas in och stoppdatum f\u00f6r fossilfordon \u00e4r n\u00f6dv\u00e4ndiga \u00e5tg\u00e4rder om vi ska kunna motverka den globala uppv\u00e4rmningen. Att flygskatten \u00e5terinf\u00f6rs och att \u00f6verenskommelsen har som ambition att g\u00f6ra t\u00e5gresandet enklare \u00e4r positivt, men det f\u00e5r vi se som en absolut miniminiv\u00e5, s\u00e4ger <strong>Rosanna Endre, ansvarig f\u00f6r konsumtionsfr\u00e5gor p\u00e5 Greenpeace i Sverige.<\/strong><\/p>\n<p>\u00d6verenskommelsen inneb\u00e4r ocks\u00e5 att prospektering av kol, olja och gas i Sverige ska f\u00f6rbjudas, samtidigt s\u00e5 investeras statliga pensioner i kol, olja och gas som utvinns i andra delar av v\u00e4rlden.<\/p>\n<p>&#8211; En logisk konsekvens av ett f\u00f6rbud mot fossil prospektering i Sverige borde vara att svenska pengar inte heller investeras i kol, olja och gas. D\u00e4rf\u00f6r b\u00f6r regeringen omg\u00e5ende se \u00f6ver hur vi kan uppn\u00e5 en fossilfri finanssektor, s\u00e4ger <strong>Rolf Lindahl, ansvarig f\u00f6r energi- och klimatfr\u00e5gor p\u00e5 Greenpeace i Sverige.<\/strong><\/p>\n<p>\u00d6verenskommelsen inneb\u00e4r att en utv\u00e4rdering av om de sk\u00e4rpta placeringsreglerna f\u00f6r de statliga AP-fonderna leder till en minskning av deras placeringar i fossil energi.<\/p>\n<p>&#8211; Detta borde inneb\u00e4ra att AP-fonderna utformar riktlinjer f\u00f6r hur de ska de ska leva upp till de sk\u00e4rpta placeringsreglerna i syfte att fasa ut kol, olja, gas, s\u00e4ger Rolf Lindahl.<\/p>\n<p>Ett kommande f\u00f6rbud mot f\u00f6rs\u00e4ljning av bensin och dieselfordon \u00e4r ett steg p\u00e5 v\u00e4gen mot att Sverige blir fossilfritt, vilket \u00e4r n\u00f6dv\u00e4ndigt, men det \u00e4r viktigt att vi inte tror att fossila br\u00e4nslen kan ers\u00e4ttas av biobr\u00e4nslen fr\u00e5n skogen, det l\u00f6ser inte klimatfr\u00e5gan.<\/p>\n<p>&#8211; Minsta lilla \u00f6kning av anv\u00e4ndandet av biobr\u00e4nslen fr\u00e5n skogsr\u00e5vara inneb\u00e4r ett hot mot klimatet och ett redan sargat skogslandskap. Biobr\u00e4nslen m\u00e5 vara fossilfria men det g\u00f6r dem inte v\u00e4xthusgasfria. F\u00f6r klimatets skull kr\u00e4vs det att vi ser bortom f\u00f6rbr\u00e4nningsmotorn och att det tas fram en \u00f6vergripande effektivisering och elektrifiering av transportsystemet. Klimatfr\u00e5gan m\u00e5ste l\u00f6sas, inte flyttas mellan sektorer &#8211; vi m\u00e5ste snarast minska alla typer av koldioxidutsl\u00e4pp, s\u00e4ger <strong>Lina Burnelius, ansvarig f\u00f6r skogsfr\u00e5gor p\u00e5 Greenpeace i Sverige.<\/strong><\/p>\n<p>&#8211; \u00d6verenskommelsen hotar den sista svenska naturskogen. Att nyckelbiotopsinventeringen inte \u00e5terupptas, samtidigt som ett stort fokus l\u00e4ggs p\u00e5 \u00f6kat uttag \u00e4r mycket oroande. Detta g\u00f6rs dessutom utan att \u00f6verenskommelsen specificerar anslaget till det n\u00f6dv\u00e4ndiga behovet av skydd av skogen. Det b\u00e4sta f\u00f6r klimatet hade varit en politik som inte m\u00f6jligg\u00f6r expansion in i de sista or\u00f6rda naturskogarna, eftersom den skogen bundit stora m\u00e4ngder v\u00e4xthusgaser under l\u00e5ng tid beh\u00f6vs skydd som ser till att skogen f\u00e5r st\u00e5 kvar och v\u00e4xthusgaserna stannar i marken, s\u00e4ger Lina Burnelius.<\/p>\n<h4>Kontakt<\/h4>\n<p><strong>Kommunikationsansvarig<\/strong><br \/>\nMarkus Mattisson<br \/>\n<a href=\"mailto:markus.mattisson@greenpeace.org\">markus.mattisson@greenpeace.org<\/a><br \/>\n070-397 66 72<\/p>\n","protected":false},"excerpt":{"rendered":"<p>\u00d6verenskommelsen mellan S, C, MP och L som resulterat i att Stefan L\u00f6fven nu bildar regering \u00e4r i m\u00e5nga avseenden ett framsteg i j\u00e4mf\u00f6relse med budgeten som M och KD&hellip;<\/p>\n","protected":false},"author":22,"featured_media":1939,"comment_status":"open","ping_status":"open","sticky":false,"template":"","format":"standard","meta":{"ep_exclude_from_search":false,"p4_og_title":"","p4_og_description":"","p4_og_image":"","p4_og_image_id":"","p4_seo_canonical_url":"","p4_campaign_name":"","p4_local_project":"","p4_basket_name":"","p4_department":"","footnotes":""},"categories":[45,2,22],"tags":[19,23,24,53],"p4-page-type":[14],"class_list":["post-1935","post","type-post","status-publish","format-standard","has-post-thumbnail","hentry","category-energi","category-klimat","category-skog","tag-skyddaskogen","tag-globaluppvarmning","tag-fossilenergi","tag-svenskpolitik","p4-page-type-pressmeddelanden"],"_links":{"self":[{"href":"https:\/\/www.greenpeace.org\/sweden\/wp-json\/wp\/v2\/posts\/1935","targetHints":{"allow":["GET"]}}],"collection":[{"href":"https:\/\/www.greenpeace.org\/sweden\/wp-json\/wp\/v2\/posts"}],"about":[{"href":"https:\/\/www.greenpeace.org\/sweden\/wp-json\/wp\/v2\/types\/post"}],"author":[{"embeddable":true,"href":"https:\/\/www.greenpeace.org\/sweden\/wp-json\/wp\/v2\/users\/22"}],"replies":[{"embeddable":true,"href":"https:\/\/www.greenpeace.org\/sweden\/wp-json\/wp\/v2\/comments?post=1935"}],"version-history":[{"count":2,"href":"https:\/\/www.greenpeace.org\/sweden\/wp-json\/wp\/v2\/posts\/1935\/revisions"}],"predecessor-version":[{"id":1941,"href":"https:\/\/www.greenpeace.org\/sweden\/wp-json\/wp\/v2\/posts\/1935\/revisions\/1941"}],"wp:featuredmedia":[{"embeddable":true,"href":"https:\/\/www.greenpeace.org\/sweden\/wp-json\/wp\/v2\/media\/1939"}],"wp:attachment":[{"href":"https:\/\/www.greenpeace.org\/sweden\/wp-json\/wp\/v2\/media?parent=1935"}],"wp:term":[{"taxonomy":"category","embeddable":true,"href":"https:\/\/www.greenpeace.org\/sweden\/wp-json\/wp\/v2\/categories?post=1935"},{"taxonomy":"post_tag","embeddable":true,"href":"https:\/\/www.greenpeace.org\/sweden\/wp-json\/wp\/v2\/tags?post=1935"},{"taxonomy":"p4-page-type","embeddable":true,"href":"https:\/\/www.greenpeace.org\/sweden\/wp-json\/wp\/v2\/p4-page-type?post=1935"}],"curies":[{"name":"wp","href":"https:\/\/api.w.org\/{rel}","templated":true}]}}